{"id":652671,"date":"2025-01-15T00:10:37","date_gmt":"2025-01-15T06:10:37","guid":{"rendered":"https:\/\/www.diarioimagen.net\/?p=652671"},"modified":"2025-01-14T20:09:44","modified_gmt":"2025-01-15T02:09:44","slug":"el-congreso-de-eu-se-dispone-a-aprobar-primera-ley-de-deportacion","status":"publish","type":"post","link":"https:\/\/www.diarioimagen.net\/?p=652671","title":{"rendered":"El Congreso de EU se dispone a  aprobar primera ley de deportaci\u00f3n"},"content":{"rendered":"<p>&nbsp;<\/p>\n<div id=\"attachment_652672\" style=\"width: 415px\" class=\"wp-caption aligncenter\"><img loading=\"lazy\" decoding=\"async\" aria-describedby=\"caption-attachment-652672\" class=\"wp-image-652672 size-large\" src=\"https:\/\/www.diarioimagen.net\/wp-content\/uploads\/2025\/01\/DEPORTACION-MASIVA-ok-405x270.jpg\" alt=\"\" width=\"405\" height=\"270\" srcset=\"https:\/\/www.diarioimagen.net\/wp-content\/uploads\/2025\/01\/DEPORTACION-MASIVA-ok-405x270.jpg 405w, https:\/\/www.diarioimagen.net\/wp-content\/uploads\/2025\/01\/DEPORTACION-MASIVA-ok-240x160.jpg 240w, https:\/\/www.diarioimagen.net\/wp-content\/uploads\/2025\/01\/DEPORTACION-MASIVA-ok-768x512.jpg 768w, https:\/\/www.diarioimagen.net\/wp-content\/uploads\/2025\/01\/DEPORTACION-MASIVA-ok.jpg 1500w\" sizes=\"auto, (max-width: 405px) 100vw, 405px\" \/><p id=\"caption-attachment-652672\" class=\"wp-caption-text\">La nueva ley permitir\u00e1 las deportaciones de inmigrantes sin papeles que hayan cometido delitos menores, aunque no hayan sido condenados, con lo que Donald Trump contar\u00e1 con una nueva herramienta legal para masivamente a migrantes.<\/p><\/div>\n<p>&nbsp;<\/p>\n<p>El Congreso de Estados Unidos se dispone a aprobar una ley que permita las deportaciones de inmigrantes sin papeles que hayan cometido delitos menores, aunque no hayan sido condenados, con lo que Donald Trump contar\u00e1 con una nueva herramienta legal para detener y empezar a expulsar masivamente a inmigrantes del pa\u00eds.<\/p>\n<p>La C\u00e1mara de Representantes aprob\u00f3 la norma la semana pasada y el Senado dio despu\u00e9s luz verde a su tramitaci\u00f3n gracias a una votaci\u00f3n en que fue decisivo el apoyo de los senadores dem\u00f3cratas. El calendario no est\u00e1 cerrado, pero el debate y aprobaci\u00f3n final de la ley podr\u00edan producirse incluso esta misma semana, a tiempo para que Donald Trump la aplique tras tomar posesi\u00f3n el pr\u00f3ximo 20 de enero.<\/p>\n<p>La ley lleva el nombre de Laken Riley, una estudiante de enfermer\u00eda de 22 a\u00f1os, asesinada en febrero pasado en la Universidad de Georgia en Athens por Jos\u00e9 Antonio Ibarra, un venezolano que cruz\u00f3 ilegalmente la frontera en septiembre de 2022 y al que, tras haber sido detenido por un hurto, se le permiti\u00f3 permanecer en libertad tramitando su situaci\u00f3n legal. Fue uno de los casos que Trump explot\u00f3 en la campa\u00f1a electoral. Ibarra fue condenado a cadena perpetua en noviembre.<\/p>\n<p>El proyecto de ley fue aprobado por 264 votos a favor y 159 en contra en la C\u00e1mara de Representantes, donde 48 congresistas dem\u00f3cratas le dieron su apoyo junto a todos los republicanos. Sin embargo, fue en el Senado donde el apoyo dem\u00f3crata result\u00f3 decisivo para que la tramitaci\u00f3n de la ley contin\u00fae. En la C\u00e1mara alta hacen falta 60 de los 100 votos para superar el obst\u00e1culo del filibusterismo, que impide someter a votaci\u00f3n una iniciativa legal sin ese apoyo. Aunque los republicanos tienen solo 53 senadores, la votaci\u00f3n clave registr\u00f3 84 votos a favor y solo 9 en contra.<\/p>\n<p>Esa no era la votaci\u00f3n definitiva sobre la ley, pero en adelante ya basta con la mayor\u00eda simple para aprobarla. Aun as\u00ed, los dem\u00f3cratas esperan introducir enmiendas y consensuarla con los republicanos, seg\u00fan explic\u00f3 en su intervenci\u00f3n en el pleno su l\u00edder, Chuck Schumer.<\/p>\n<p>&nbsp;<\/p>\n<p><strong>Se podr\u00e1 expulsar del pa\u00eds a acusados de robos no violentos<\/strong><\/p>\n<p>&nbsp;<\/p>\n<p>Con su redacci\u00f3n actual, la ley exigir\u00eda al servicio de Inmigraci\u00f3n y Control de Aduanas (ICE) detener a los inmigrantes no autorizados que sean acusados, detenidos o condenados por hurtos, robos y atracos no violentos y ordenar\u00eda que fueran detenidos hasta que fueran expulsados del pa\u00eds. Con la ley actual hace falta haber sido condenado por dos delitos menores o por uno grave para que los inmigrantes afronten la deportaci\u00f3n. El texto de la nueva norma tambi\u00e9n permitir\u00eda a los Estados demandar al gobierno federal si pueden demostrar los da\u00f1os causados por los inmigrantes que entran ilegalmente en el pa\u00eds<\/p>\n<p>\u201cNo solo voy a votar a favor de la Ley Laken Riley, sino que la voy a copatrocinar\u201d, tuite\u00f3 el senador dem\u00f3crata por Arizona Rub\u00e9n Gallego. \u201cLos habitantes de Arizona conocen mejor que nadie las consecuencias reales de la crisis fronteriza actual. Debemos dar a las fuerzas del orden los medios para actuar y prevenir tragedias como la ocurrida a Laken Riley\u201d, a\u00f1adi\u00f3. Por su parte, John Fetterman, senador por Pensilvania, escribi\u00f3: \u201cApoyo una frontera segura. Apoyo una v\u00eda legal para los dreamers [que llegaron como menores hijos de inmigrantes y han hecho su vida en el pa\u00eds]. Apoyo la Ley Laken Riley\u201d.<\/p>\n<p>Tambi\u00e9n supone un cambio con respecto al primer mandato de Trump, cuando los dem\u00f3cratas le plantaron cara desde el principio en casi todas sus medidas. Ahora, parecen dispuestos a adoptar una nueva estrategia, cooperar con los republicanos en algunos asuntos y elegir bien sus batallas.<\/p>\n<p>Las organizaciones proinmigrantes han criticado duramente la nueva norma. \u201cEste proyecto de ley es vergonzosamente explotador y tiene una clara intenci\u00f3n en mente: cumplir con la agenda brutal y pol\u00edticamente motivada de Trump y MAGA [siglas de Make America Great Again] de acorralar a millones de inmigrantes para su detenci\u00f3n masiva y deportaci\u00f3n por cualquier medio necesario\u201d, se\u00f1al\u00f3 en un comunicado Juliana Macedo do Nascimento, directora adjunta de Activismo Federal de United We Dream Action.<\/p>\n<p>&nbsp;<\/p>\n<p><strong>Protecci\u00f3n temporal<\/strong><\/p>\n<p>&nbsp;<\/p>\n<p>Mientras Trump se prepara para las exportaciones masivas, el gobierno del actual presidente, Joe Biden, decidi\u00f3 la semana pasada extender por 18 meses el Estatus de Protecci\u00f3n Temporal (TPS), que permite permanecer legalmente en Estados Unidos, a unos 600.000 venezolanos, m\u00e1s de 230.000 salvadore\u00f1os y m\u00e1s de 100.000 ucranios.<\/p>\n<p>El Congreso cre\u00f3 el TPS en 1990 para evitar deportaciones a pa\u00edses que sufr\u00edan cat\u00e1strofes naturales o conflictos civiles, concediendo a las personas autorizaci\u00f3n para trabajar en periodos de hasta 18 meses cada vez. Alrededor de un mill\u00f3n de inmigrantes de 17 pa\u00edses est\u00e1n protegidos por el TPS, entre ellos personas de Venezuela, Hait\u00ed, Honduras, Nicaragua, Afganist\u00e1n, Sud\u00e1n, Ucrania y L\u00edbano.<\/p>\n<p>&nbsp;<\/p>\n<p><strong>Que la SRE est\u00e1 preparada\u00a0 <\/strong><\/p>\n<p>&nbsp;<\/p>\n<p>Ya se hacen los preparativos de atenci\u00f3n humanitaria legal que pudieran requerir los migrantes mexicanos que pudieran ser deportados por parte de Estados Unidos a trav\u00e9s de la franja fronteriza de M\u00e9xico, inform\u00f3 Juan Ram\u00f3n de la Fuente Ram\u00edrez, titular de la Secretar\u00eda de Relaciones Exteriores de M\u00e9xico<\/p>\n<p>El canciller mexicano agreg\u00f3 que una de las zonas por las que se puede dar ese fen\u00f3meno social es la frontera de Sonora, por lo que ya se trabaja en com\u00fan acuerdo entre autoridades estatales y federales.<\/p>\n<p>Ante la amenaza del pr\u00f3ximo presidente de Estados Unidos, Donald Trump, de hacer una deportaci\u00f3n de personas ilegales, manifest\u00f3 que de acuerdo a las estad\u00edsticas que se tienen de mexicanos que viven en el vecino pa\u00eds del norte, se habla de 40 millones quienes el 72% de ellos tienen m\u00e1s de 20 a\u00f1os en primera y segunda\u00a0 generaci\u00f3n, para lo cual es necesario establecer una l\u00ednea de atenci\u00f3n.<\/p>\n","protected":false},"excerpt":{"rendered":"<p>&nbsp; &nbsp; El Congreso de Estados Unidos se dispone a aprobar una ley que permita las deportaciones de inmigrantes sin papeles que hayan cometido delitos menores, aunque no hayan sido condenados, con lo que Donald Trump contar\u00e1 con una nueva herramienta legal para detener y empezar a expulsar masivamente a inmigrantes del pa\u00eds. La C\u00e1mara [&hellip;]<\/p>\n","protected":false},"author":12,"featured_media":652672,"comment_status":"open","ping_status":"open","sticky":false,"template":"","format":"standard","meta":{"_monsterinsights_skip_tracking":false,"_monsterinsights_sitenote_active":false,"_monsterinsights_sitenote_note":"","_monsterinsights_sitenote_category":0,"footnotes":""},"categories":[16,3],"tags":[],"class_list":["post-652671","post","type-post","status-publish","format-standard","has-post-thumbnail","hentry","category-destacadas","category-nacional"],"_links":{"self":[{"href":"https:\/\/www.diarioimagen.net\/index.php?rest_route=\/wp\/v2\/posts\/652671","targetHints":{"allow":["GET"]}}],"collection":[{"href":"https:\/\/www.diarioimagen.net\/index.php?rest_route=\/wp\/v2\/posts"}],"about":[{"href":"https:\/\/www.diarioimagen.net\/index.php?rest_route=\/wp\/v2\/types\/post"}],"author":[{"embeddable":true,"href":"https:\/\/www.diarioimagen.net\/index.php?rest_route=\/wp\/v2\/users\/12"}],"replies":[{"embeddable":true,"href":"https:\/\/www.diarioimagen.net\/index.php?rest_route=%2Fwp%2Fv2%2Fcomments&post=652671"}],"version-history":[{"count":1,"href":"https:\/\/www.diarioimagen.net\/index.php?rest_route=\/wp\/v2\/posts\/652671\/revisions"}],"predecessor-version":[{"id":652673,"href":"https:\/\/www.diarioimagen.net\/index.php?rest_route=\/wp\/v2\/posts\/652671\/revisions\/652673"}],"wp:featuredmedia":[{"embeddable":true,"href":"https:\/\/www.diarioimagen.net\/index.php?rest_route=\/wp\/v2\/media\/652672"}],"wp:attachment":[{"href":"https:\/\/www.diarioimagen.net\/index.php?rest_route=%2Fwp%2Fv2%2Fmedia&parent=652671"}],"wp:term":[{"taxonomy":"category","embeddable":true,"href":"https:\/\/www.diarioimagen.net\/index.php?rest_route=%2Fwp%2Fv2%2Fcategories&post=652671"},{"taxonomy":"post_tag","embeddable":true,"href":"https:\/\/www.diarioimagen.net\/index.php?rest_route=%2Fwp%2Fv2%2Ftags&post=652671"}],"curies":[{"name":"wp","href":"https:\/\/api.w.org\/{rel}","templated":true}]}}