{"id":652674,"date":"2025-01-15T00:10:43","date_gmt":"2025-01-15T06:10:43","guid":{"rendered":"https:\/\/www.diarioimagen.net\/?p=652674"},"modified":"2025-01-14T20:09:11","modified_gmt":"2025-01-15T02:09:11","slug":"expertos-mexicanos-en-combate-de-incendios-en-la","status":"publish","type":"post","link":"https:\/\/www.diarioimagen.net\/?p=652674","title":{"rendered":"Expertos mexicanos, en combate de incendios en LA"},"content":{"rendered":"<p>&nbsp;<\/p>\n<div id=\"attachment_652675\" style=\"width: 399px\" class=\"wp-caption aligncenter\"><img loading=\"lazy\" decoding=\"async\" aria-describedby=\"caption-attachment-652675\" class=\"wp-image-652675 size-large\" src=\"https:\/\/www.diarioimagen.net\/wp-content\/uploads\/2025\/01\/EXPERTOS-ok-389x270.jpg\" alt=\"\" width=\"389\" height=\"270\" srcset=\"https:\/\/www.diarioimagen.net\/wp-content\/uploads\/2025\/01\/EXPERTOS-ok-389x270.jpg 389w, https:\/\/www.diarioimagen.net\/wp-content\/uploads\/2025\/01\/EXPERTOS-ok-240x167.jpg 240w, https:\/\/www.diarioimagen.net\/wp-content\/uploads\/2025\/01\/EXPERTOS-ok-768x533.jpg 768w, https:\/\/www.diarioimagen.net\/wp-content\/uploads\/2025\/01\/EXPERTOS-ok.jpg 1500w\" sizes=\"auto, (max-width: 389px) 100vw, 389px\" \/><p id=\"caption-attachment-652675\" class=\"wp-caption-text\">Expertos enviado por el gobierno de M\u00e9xico a California ya est\u00e1n realizando labores en el terreno para combatir los incendios que afectan al condado de Los \u00c1ngeles.<\/p><\/div>\n<p>&nbsp;<\/p>\n<p>El equipo de expertos enviado por el gobierno de M\u00e9xico a California ya est\u00e1 realizando labores en el terreno para combatir los incendios que afectan al condado de Los \u00c1ngeles.<\/p>\n<p>La coordinadoa nacional de Protecci\u00f3n Civil, Laura Vel\u00e1zquez, inform\u00f3 este martes en la conferencia de prensa diaria de la presidenta Claudia Sheinbaum Pardo que los incendios que iniciaron el 7 de enero en la zona de Palisades han dejado 15 mil 632 hect\u00e1reas afectadas, 3 mil 644 da\u00f1os a infraestructura y ha obligado a la evacuaci\u00f3n de 70 mil personas.<\/p>\n<p>Agreg\u00f3 que al momento hay una alerta roja en la regi\u00f3n derivado de que se esperan fuertes vientos de m\u00e1s de 80 kil\u00f3metros por hora que podr\u00edan impulsar el fuego.<\/p>\n<p>A trav\u00e9s de una videollamada, la funcionaria record\u00f3 que el equipo de 72 especialistas y combatientes de incendios de la Secretar\u00eda de la Defensa Nacional (Sedena) y la Comisi\u00f3n Nacional Forestal (Conafor) arrib\u00f3 el s\u00e1bado a Los \u00c1ngeles, y fue el primer equipo internacional en sumarse a estos trabajos de emergencia.<\/p>\n<p>A\u00f1adi\u00f3 que desde el domingo y el lunes, con el env\u00edo de dos aviones de la Fuerza A\u00e9rea Mexicana y un contingente de 62 expertos en diferentes \u00e1reas, que incluyen personal de protecci\u00f3n civil, defensa nacional y el sector forestal.<\/p>\n<p>El lunes, los combatientes de incendios de la Conafor fueron asignados a atacar los incendios forestales, adem\u00e1s de que realizan labores para abrir y ampliar brechas cortafuegos.<\/p>\n<p>En tanto, a los especialistas de la Sedena les fueron encomendadas tareas de b\u00fasqueda y rescate de personas en zonas de dif\u00edcil acceso.<\/p>\n<p>La presidenta Sheinbaum Pardo expres\u00f3 su reconocimiento para los equipos de emergencia mexicanos que participan en estas labores. \u201cNuestro agradecimiento a todos nuestros compa\u00f1eros que est\u00e1n all\u00e1\u201d, dijo.<\/p>\n","protected":false},"excerpt":{"rendered":"<p>&nbsp; &nbsp; El equipo de expertos enviado por el gobierno de M\u00e9xico a California ya est\u00e1 realizando labores en el terreno para combatir los incendios que afectan al condado de Los \u00c1ngeles. La coordinadoa nacional de Protecci\u00f3n Civil, Laura Vel\u00e1zquez, inform\u00f3 este martes en la conferencia de prensa diaria de la presidenta Claudia Sheinbaum Pardo [&hellip;]<\/p>\n","protected":false},"author":12,"featured_media":652675,"comment_status":"open","ping_status":"open","sticky":false,"template":"","format":"standard","meta":{"_monsterinsights_skip_tracking":false,"_monsterinsights_sitenote_active":false,"_monsterinsights_sitenote_note":"","_monsterinsights_sitenote_category":0,"footnotes":""},"categories":[16,8],"tags":[],"class_list":["post-652674","post","type-post","status-publish","format-standard","has-post-thumbnail","hentry","category-destacadas","category-finanzas"],"_links":{"self":[{"href":"https:\/\/www.diarioimagen.net\/index.php?rest_route=\/wp\/v2\/posts\/652674","targetHints":{"allow":["GET"]}}],"collection":[{"href":"https:\/\/www.diarioimagen.net\/index.php?rest_route=\/wp\/v2\/posts"}],"about":[{"href":"https:\/\/www.diarioimagen.net\/index.php?rest_route=\/wp\/v2\/types\/post"}],"author":[{"embeddable":true,"href":"https:\/\/www.diarioimagen.net\/index.php?rest_route=\/wp\/v2\/users\/12"}],"replies":[{"embeddable":true,"href":"https:\/\/www.diarioimagen.net\/index.php?rest_route=%2Fwp%2Fv2%2Fcomments&post=652674"}],"version-history":[{"count":1,"href":"https:\/\/www.diarioimagen.net\/index.php?rest_route=\/wp\/v2\/posts\/652674\/revisions"}],"predecessor-version":[{"id":652676,"href":"https:\/\/www.diarioimagen.net\/index.php?rest_route=\/wp\/v2\/posts\/652674\/revisions\/652676"}],"wp:featuredmedia":[{"embeddable":true,"href":"https:\/\/www.diarioimagen.net\/index.php?rest_route=\/wp\/v2\/media\/652675"}],"wp:attachment":[{"href":"https:\/\/www.diarioimagen.net\/index.php?rest_route=%2Fwp%2Fv2%2Fmedia&parent=652674"}],"wp:term":[{"taxonomy":"category","embeddable":true,"href":"https:\/\/www.diarioimagen.net\/index.php?rest_route=%2Fwp%2Fv2%2Fcategories&post=652674"},{"taxonomy":"post_tag","embeddable":true,"href":"https:\/\/www.diarioimagen.net\/index.php?rest_route=%2Fwp%2Fv2%2Ftags&post=652674"}],"curies":[{"name":"wp","href":"https:\/\/api.w.org\/{rel}","templated":true}]}}