{"id":652683,"date":"2025-01-15T00:10:40","date_gmt":"2025-01-15T06:10:40","guid":{"rendered":"https:\/\/www.diarioimagen.net\/?p=652683"},"modified":"2025-01-14T20:14:49","modified_gmt":"2025-01-15T02:14:49","slug":"entrega-uaemex-equipamiento-en-beneficio-de-la-facultad-de-de-ciencias-politicas-y-sociales","status":"publish","type":"post","link":"https:\/\/www.diarioimagen.net\/?p=652683","title":{"rendered":"Entrega UAEM\u00e9x equipamiento en beneficio de la Facultad de de Ciencias Pol\u00edticas y Sociales"},"content":{"rendered":"<p>&nbsp;<\/p>\n<div id=\"attachment_652684\" style=\"width: 415px\" class=\"wp-caption aligncenter\"><img loading=\"lazy\" decoding=\"async\" aria-describedby=\"caption-attachment-652684\" class=\"wp-image-652684 size-large\" src=\"https:\/\/www.diarioimagen.net\/wp-content\/uploads\/2025\/01\/UAEM2-2-405x270.jpg\" alt=\"\" width=\"405\" height=\"270\" srcset=\"https:\/\/www.diarioimagen.net\/wp-content\/uploads\/2025\/01\/UAEM2-2-405x270.jpg 405w, https:\/\/www.diarioimagen.net\/wp-content\/uploads\/2025\/01\/UAEM2-2-240x160.jpg 240w, https:\/\/www.diarioimagen.net\/wp-content\/uploads\/2025\/01\/UAEM2-2-768x512.jpg 768w, https:\/\/www.diarioimagen.net\/wp-content\/uploads\/2025\/01\/UAEM2-2.jpg 1333w\" sizes=\"auto, (max-width: 405px) 100vw, 405px\" \/><p id=\"caption-attachment-652684\" class=\"wp-caption-text\">El rector Carlos Eduardo Barrera D\u00edaz entreg\u00f3 equipo en beneficio de la comunidad de la Facultad de Ciencias Pol\u00edticas y Sociales.<\/p><\/div>\n<p>&nbsp;<\/p>\n<p>Toluca, M\u00e9x.- Con la finalidad de mejorar las actividades acad\u00e9micas dentro de sus espacios universitarios, el rector de la Universidad Aut\u00f3noma del Estado de M\u00e9xico (UAEM\u00e9x), Carlos Eduardo Barrera D\u00edaz, entreg\u00f3 15 computadoras iMac para estudiantado, 15 computadoras y 15 sillas para personal administrativo; as\u00ed como dos mesas con sombrilla para jard\u00edn, cinco pantallas y 15 c\u00e1maras de vigilancia para interior y exterior, en beneficio de la comunidad de la Facultad de Ciencias Pol\u00edticas y Sociales.<\/p>\n<p>Al encabezar el tercer informe anual de actividades de la directora de este espacio acad\u00e9mico, Laura Elizabeth Benhumea Gonz\u00e1lez, Barrera D\u00edaz coment\u00f3 que esta instituci\u00f3n se congratula por aumentar su oferta educativa dentro de la entidad, pues el incremento presupuestal gestionado por la gobernadora Delfina G\u00f3mez \u00c1lvarez y aprobado por la LXII Legislatura del Estado de M\u00e9xico, permitir\u00e1 tener cobertura en los municipios de Tec\u00e1mac e Ixtapan de la Sal.<\/p>\n<p>El rector de la M\u00e1xima Casa de Estudios mexiquense asever\u00f3 que esta facultad cuenta con programas de estudio reconocidos, pues las licenciaturas en Comunicaci\u00f3n, Sociolog\u00eda, as\u00ed como Ciencias Pol\u00edticas y Administraci\u00f3n P\u00fablica se encuentran acreditadas, mientras que el programa en Gesti\u00f3n de la Informaci\u00f3n en Redes Sociales recibi\u00f3 su primera evaluaci\u00f3n por parte de los Comit\u00e9s Interinstitucionales para la Evaluaci\u00f3n de Educaci\u00f3n Superior (CIEES).<\/p>\n<p>Destac\u00f3 que la UAEM\u00e9x cuenta con 160 programas acad\u00e9micos de calidad, lo que representa un crecimiento del 50 por ciento en comparaci\u00f3n con lo registrado en el a\u00f1o 2010, cuando se contaba con 107 programas reconocidos.<\/p>\n<p>En este sentido, detall\u00f3 que la investigaci\u00f3n es un pilar fundamental en la consolidaci\u00f3n de una universidad de vanguardia, reconoci\u00f3 a docentes de la Facultad de Ciencias Pol\u00edticas y Sociales que se incorporaron al Sistema Nacional de Investigadoras e Investigadores (SNII) y resalt\u00f3 que el n\u00famero de integrantes aument\u00f3 76 por ciento, al pasar de 512 en 2017 a 902 en 2025.<\/p>\n<p>Por su parte, la directora de la Facultad de Ciencias Pol\u00edticas y Sociales, Laura Elizabeth Benhumea Gonz\u00e1lez, hizo entrega de un reconocimiento al rector de la UAEM\u00e9x, por su importante labor en la gesti\u00f3n universitaria y su invaluable apoyo a su comunidad, con la entrega de herramientas e implementos que fortalecen las actividades acad\u00e9micas.<\/p>\n","protected":false},"excerpt":{"rendered":"<p>&nbsp; &nbsp; Toluca, M\u00e9x.- Con la finalidad de mejorar las actividades acad\u00e9micas dentro de sus espacios universitarios, el rector de la Universidad Aut\u00f3noma del Estado de M\u00e9xico (UAEM\u00e9x), Carlos Eduardo Barrera D\u00edaz, entreg\u00f3 15 computadoras iMac para estudiantado, 15 computadoras y 15 sillas para personal administrativo; as\u00ed como dos mesas con sombrilla para jard\u00edn, cinco [&hellip;]<\/p>\n","protected":false},"author":12,"featured_media":652684,"comment_status":"open","ping_status":"open","sticky":false,"template":"","format":"standard","meta":{"_monsterinsights_skip_tracking":false,"_monsterinsights_sitenote_active":false,"_monsterinsights_sitenote_note":"","_monsterinsights_sitenote_category":0,"footnotes":""},"categories":[16,5],"tags":[],"class_list":["post-652683","post","type-post","status-publish","format-standard","has-post-thumbnail","hentry","category-destacadas","category-estado-de-mexico"],"_links":{"self":[{"href":"https:\/\/www.diarioimagen.net\/index.php?rest_route=\/wp\/v2\/posts\/652683","targetHints":{"allow":["GET"]}}],"collection":[{"href":"https:\/\/www.diarioimagen.net\/index.php?rest_route=\/wp\/v2\/posts"}],"about":[{"href":"https:\/\/www.diarioimagen.net\/index.php?rest_route=\/wp\/v2\/types\/post"}],"author":[{"embeddable":true,"href":"https:\/\/www.diarioimagen.net\/index.php?rest_route=\/wp\/v2\/users\/12"}],"replies":[{"embeddable":true,"href":"https:\/\/www.diarioimagen.net\/index.php?rest_route=%2Fwp%2Fv2%2Fcomments&post=652683"}],"version-history":[{"count":1,"href":"https:\/\/www.diarioimagen.net\/index.php?rest_route=\/wp\/v2\/posts\/652683\/revisions"}],"predecessor-version":[{"id":652685,"href":"https:\/\/www.diarioimagen.net\/index.php?rest_route=\/wp\/v2\/posts\/652683\/revisions\/652685"}],"wp:featuredmedia":[{"embeddable":true,"href":"https:\/\/www.diarioimagen.net\/index.php?rest_route=\/wp\/v2\/media\/652684"}],"wp:attachment":[{"href":"https:\/\/www.diarioimagen.net\/index.php?rest_route=%2Fwp%2Fv2%2Fmedia&parent=652683"}],"wp:term":[{"taxonomy":"category","embeddable":true,"href":"https:\/\/www.diarioimagen.net\/index.php?rest_route=%2Fwp%2Fv2%2Fcategories&post=652683"},{"taxonomy":"post_tag","embeddable":true,"href":"https:\/\/www.diarioimagen.net\/index.php?rest_route=%2Fwp%2Fv2%2Ftags&post=652683"}],"curies":[{"name":"wp","href":"https:\/\/api.w.org\/{rel}","templated":true}]}}