{"id":652686,"date":"2025-01-15T00:10:33","date_gmt":"2025-01-15T06:10:33","guid":{"rendered":"https:\/\/www.diarioimagen.net\/?p=652686"},"modified":"2025-01-14T20:18:13","modified_gmt":"2025-01-15T02:18:13","slug":"atrae-gobierno-de-delfina-gomez-un-capital-por-mil-millones-de-pesos","status":"publish","type":"post","link":"https:\/\/www.diarioimagen.net\/?p=652686","title":{"rendered":"Atrae gobierno de Delfina G\u00f3mez   un capital por mil millones de pesos"},"content":{"rendered":"<p>&nbsp;<\/p>\n<div id=\"attachment_652687\" style=\"width: 415px\" class=\"wp-caption aligncenter\"><img loading=\"lazy\" decoding=\"async\" aria-describedby=\"caption-attachment-652687\" class=\"wp-image-652687 size-large\" src=\"https:\/\/www.diarioimagen.net\/wp-content\/uploads\/2025\/01\/EDOMEX-1-OK-2-405x270.jpg\" alt=\"\" width=\"405\" height=\"270\" srcset=\"https:\/\/www.diarioimagen.net\/wp-content\/uploads\/2025\/01\/EDOMEX-1-OK-2-405x270.jpg 405w, https:\/\/www.diarioimagen.net\/wp-content\/uploads\/2025\/01\/EDOMEX-1-OK-2-240x160.jpg 240w, https:\/\/www.diarioimagen.net\/wp-content\/uploads\/2025\/01\/EDOMEX-1-OK-2-768x511.jpg 768w, https:\/\/www.diarioimagen.net\/wp-content\/uploads\/2025\/01\/EDOMEX-1-OK-2.jpg 1500w\" sizes=\"auto, (max-width: 405px) 100vw, 405px\" \/><p id=\"caption-attachment-652687\" class=\"wp-caption-text\">Delfina G\u00f3mez \u00c1lvarez anunci\u00f3 una inversi\u00f3n por mil 100 millones de pesos, por parte de la empresa Bayer M\u00e9xico, a trav\u00e9s del \u201cProyecto Spectre,\u201d que desarrollar\u00e1 en Lerma.<\/p><\/div>\n<p>&nbsp;<\/p>\n<p>Lerma, Estado de M\u00e9xico. &#8211; La Gobernadora del Estado de M\u00e9xico, Delfina G\u00f3mez \u00c1lvarez anunci\u00f3 una inversi\u00f3n por mil 100 millones de pesos, por parte de la empresa Bayer M\u00e9xico, a trav\u00e9s del \u201cProyecto Spectre,\u201d la cual ampliar\u00e1 su producci\u00f3n farmac\u00e9utica y crear\u00e1 un Centro de Excelencia de Innovaci\u00f3n Mundial, en el municipio de Lerma.<\/p>\n<p>\u201cLa presencia de Bayer es fundamental, insisto, contribuye no solamente a que en el sector qu\u00edmico farmac\u00e9utico se puedan lograr beneficios, sino tambi\u00e9n se cuentan con mil 387 unidades econ\u00f3micas, que representa el 19 por ciento del total de las 7 mil 252 unidades de todo el pa\u00eds\u201d, afirm\u00f3 la Gobernadora del Estado de M\u00e9xico Delfina G\u00f3mez \u00c1lvarez.<\/p>\n<p>La maestra Delfina G\u00f3mez \u00c1lvarez asegur\u00f3 que es una satisfacci\u00f3n que empresas con reconocimiento a nivel mundial conf\u00eden en el Estado de M\u00e9xico. Este proyecto considera la generaci\u00f3n de 250 empleos temporales y 50 empleos permanentes, adicionales a los 600 que actualmente oferta la empresa; de esta forma, la Mandataria estatal consolida a la entidad como l\u00edder nacional en inversi\u00f3n privada y generaci\u00f3n de empleos formales.<\/p>\n<p>En la entidad mexiquense, m\u00e1s de 49 mil 800 personas laboran en la industria qu\u00edmico-farmac\u00e9utica, que representan el 18.6 por ciento de quienes trabajan en este sector en el pa\u00eds, con estas acciones, la Gobernadora del Estado de M\u00e9xico, estimula nuevas fuentes de empleo.<\/p>\n<p>\u00abLes quiero compartir que, efectivamente y gracias a todos los empresarios que han generado todos estos espacios de empleo, en el Estado de M\u00e9xico se crearon 79 mil 328 empleos m\u00e1s respecto al registro de diciembre de 2023, esto representa un aumento del 4.4 por ciento en lo que se refiere a lo laboral. Por lo que ocupamos el primer lugar con el 37.1 por ciento del total nacional, y la segunda mayor cifra registrada en los \u00faltimos 27 a\u00f1os,precis\u00f3 la gobernadora Delfina G\u00f3mez \u00c1lvarez.<\/p>\n<p>En su oportunidad, Laura Gonz\u00e1lez Hern\u00e1ndez, Secretaria de Desarrollo Econ\u00f3mico resalt\u00f3 que, gracias a la visi\u00f3n y compromiso de la Gobernadora, el Estado de M\u00e9xico se encuentra en una etapa significativa de recuperaci\u00f3n de la confianza de los empresarios y generadores de empleo.<\/p>\n<p>Se\u00f1al\u00f3 que en Inversi\u00f3n Extranjera se han captado m\u00e1s de 7 mil 700 millones de d\u00f3lares en lo que va de la actual administraci\u00f3n; adicionalmente el Edomex se ha colocado en el top cinco de las entidades captadoras de Inversi\u00f3n Extranjera Directa; tan solo en este mismo rubro, obtuvo el primer lugar nacional en el tercer trimestre del 2024.<\/p>\n<p>Adem\u00e1s, asegur\u00f3 que la entidad mexiquense se prepara para ser el corredor productivo m\u00e1s importante del pa\u00eds como regi\u00f3n centro, gracias a atributos como ubicaci\u00f3n, infraestructura, movilidad y disponibilidad de servicios, lo que ha permitido al Estado de M\u00e9xico ser una de las regiones m\u00e1s atractivas para la inversi\u00f3n dentro de los proyectos nacionales.<\/p>\n","protected":false},"excerpt":{"rendered":"<p>&nbsp; &nbsp; Lerma, Estado de M\u00e9xico. &#8211; La Gobernadora del Estado de M\u00e9xico, Delfina G\u00f3mez \u00c1lvarez anunci\u00f3 una inversi\u00f3n por mil 100 millones de pesos, por parte de la empresa Bayer M\u00e9xico, a trav\u00e9s del \u201cProyecto Spectre,\u201d la cual ampliar\u00e1 su producci\u00f3n farmac\u00e9utica y crear\u00e1 un Centro de Excelencia de Innovaci\u00f3n Mundial, en el municipio [&hellip;]<\/p>\n","protected":false},"author":12,"featured_media":652687,"comment_status":"open","ping_status":"open","sticky":false,"template":"","format":"standard","meta":{"_monsterinsights_skip_tracking":false,"_monsterinsights_sitenote_active":false,"_monsterinsights_sitenote_note":"","_monsterinsights_sitenote_category":0,"footnotes":""},"categories":[5],"tags":[],"class_list":["post-652686","post","type-post","status-publish","format-standard","has-post-thumbnail","hentry","category-estado-de-mexico"],"_links":{"self":[{"href":"https:\/\/www.diarioimagen.net\/index.php?rest_route=\/wp\/v2\/posts\/652686","targetHints":{"allow":["GET"]}}],"collection":[{"href":"https:\/\/www.diarioimagen.net\/index.php?rest_route=\/wp\/v2\/posts"}],"about":[{"href":"https:\/\/www.diarioimagen.net\/index.php?rest_route=\/wp\/v2\/types\/post"}],"author":[{"embeddable":true,"href":"https:\/\/www.diarioimagen.net\/index.php?rest_route=\/wp\/v2\/users\/12"}],"replies":[{"embeddable":true,"href":"https:\/\/www.diarioimagen.net\/index.php?rest_route=%2Fwp%2Fv2%2Fcomments&post=652686"}],"version-history":[{"count":1,"href":"https:\/\/www.diarioimagen.net\/index.php?rest_route=\/wp\/v2\/posts\/652686\/revisions"}],"predecessor-version":[{"id":652688,"href":"https:\/\/www.diarioimagen.net\/index.php?rest_route=\/wp\/v2\/posts\/652686\/revisions\/652688"}],"wp:featuredmedia":[{"embeddable":true,"href":"https:\/\/www.diarioimagen.net\/index.php?rest_route=\/wp\/v2\/media\/652687"}],"wp:attachment":[{"href":"https:\/\/www.diarioimagen.net\/index.php?rest_route=%2Fwp%2Fv2%2Fmedia&parent=652686"}],"wp:term":[{"taxonomy":"category","embeddable":true,"href":"https:\/\/www.diarioimagen.net\/index.php?rest_route=%2Fwp%2Fv2%2Fcategories&post=652686"},{"taxonomy":"post_tag","embeddable":true,"href":"https:\/\/www.diarioimagen.net\/index.php?rest_route=%2Fwp%2Fv2%2Ftags&post=652686"}],"curies":[{"name":"wp","href":"https:\/\/api.w.org\/{rel}","templated":true}]}}