{"id":652770,"date":"2025-01-16T00:10:15","date_gmt":"2025-01-16T06:10:15","guid":{"rendered":"https:\/\/www.diarioimagen.net\/?p=652770"},"modified":"2025-01-16T00:56:07","modified_gmt":"2025-01-16T06:56:07","slug":"diputados-y-senadores-con-gran-carga-de-trabajo-en-segundo-periodo","status":"publish","type":"post","link":"https:\/\/www.diarioimagen.net\/?p=652770","title":{"rendered":"Diputados y senadores con gran  carga de trabajo en segundo periodo"},"content":{"rendered":"<h2>Tras la puerta del poder<\/h2>\n<h5>Roberto Vizca\u00edno<\/h5>\n<p>Sin dar espacio a las querellas internas,\u00a0<strong>Ricardo Monreal<\/strong>, coordinador de los diputados federales de Morena, anunci\u00f3 que apenas arranque el segundo periodo de la actual Legislatura, el 1 de febrero pr\u00f3ximo, su bancada ir\u00e1 por aprobar en los siguientes 3 meses 40 grandes reformas complementarias.<\/p>\n<p>Pr\u00e1cticamente todos estos proyectos corresponden, explic\u00f3, a la necesidad de redondear las 16 reformas constitucionales del entonces presidente\u00a0<strong>Andr\u00e9s Manuel L\u00f3pez Obrador<\/strong>\u00a0aprobadas en carrusel a fines del a\u00f1o anterior, precis\u00f3.<\/p>\n<p>\u201cM\u00e1s o menos van a ser como 40 leyes reglamentarias las que tendremos que modificar con motivo de las reformas que hicimos en el periodo anterior\u201d, explic\u00f3.<\/p>\n<p>Sin embargo, dijo, hay prioridades, y por ello se le dar\u00e1 paso primero a la Ley de Infonavit, \u201cque vamos a abordar en la primera semana del periodo ordinario, es decir, el primero de febrero empezaremos a analizar la Ley de Infonavit\u201d.<\/p>\n<p>Otras que requieren de un procedimiento urgente, agreg\u00f3, son las reformas reglamentarias sobre la ley animal, una ley de seguridad, una ley de empleo, y una de econom\u00eda.<\/p>\n<p>Es as\u00ed que en el grupo de Morena se iniciar\u00e1 adem\u00e1s un amplio trabajo legislativo para darle curso a una nueva ley reglamentaria sobre el agua.<\/p>\n<p>Y esta igualmente pendiente lo del ma\u00edz transg\u00e9nico\u2026 subray\u00f3.<\/p>\n<p>\u201cComo ven vienen otras reformas, va a haber mucho trabajo a partir del primero de febrero\u201d, aclar\u00f3.<\/p>\n<p><strong>Monreal\u00a0<\/strong>tiene previsto que, para abordar y concretar estos cambios, \u201ca partir de este pr\u00f3ximo lunes los diputados de Morena tendr\u00e1n una primera reuni\u00f3n plenaria, previa al inicio del per\u00edodo ordinario.<\/p>\n<p>\u201cHoy tengo una primera plenaria, pero quiz\u00e1s tengamos otra a finales de enero, como el 29-30\u201d, agreg\u00f3.<\/p>\n<p>Para tramitar lo del ma\u00edz transg\u00e9nico, dijo, la bancada de Morena va a esperar la iniciativa que anunci\u00f3 la presidenta\u00a0<strong>Claudia Sheinbaum\u00a0<\/strong>y que podr\u00eda ser recibida durante la primera semana de febrero.<\/p>\n<p>En cuanto a las especulaciones de pasillo de que podr\u00eda irse a alguna embajada,\u00a0<strong>Monreal<\/strong>, sonriente, afirm\u00f3 que todo eso son s\u00f3lo rumores.<\/p>\n<p>\u201cNo hay problema, as\u00ed es esto\u2026 estoy acostumbrado a eso. Durante 46 a\u00f1os he trabajado en esto y siempre hay especulaciones, no hay ning\u00fan problema\u201d, respondi\u00f3.<\/p>\n<p>De su encontronazo con\u00a0<strong>Ad\u00e1n Augusto L\u00f3pez<\/strong>, l\u00edder del morenismo en el Senado, dijo que entre ambos hoy todo es amor y paz y que \u00e9l respeta al tabasque\u00f1o.<\/p>\n<p>&nbsp;<\/p>\n<p><strong>Ya estamos preparados para las deportaciones: canciller<\/strong><\/p>\n<p>&nbsp;<\/p>\n<p>De paso por Phoenix, Arizona, el canciller mexicano\u00a0<strong>Juan Ram\u00f3n de la Fuente<\/strong>\u00a0reconoci\u00f3 que si se llega a dar la aplicaci\u00f3n de aranceles anunciada por el presidente electo\u00a0<strong>Donald Trump<\/strong>\u00a0a exportaciones mexicana hacia EU, ser\u00eda el fin del libre comercio en la regi\u00f3n.<\/p>\n<p>Por ello invit\u00f3 al nuevo presidente y a su equipo a analizar los beneficios logrados por el T-MEC desde su \u00faltima renegociaci\u00f3n justamente en el primer periodo de Trump en la Casa Blanca para alcanzar a entender que los aranceles no son la mejor v\u00eda para beneficiar a ninguno de los tres pa\u00edses.<\/p>\n<p>\u201cEl T-MEC, que se renegoci\u00f3 bajo el primer mandato del presidente\u00a0<strong>Trump<\/strong>, ha sido muy ben\u00e9fico para los tres pa\u00edses y esa es la raz\u00f3n principal por la que deber\u00edamos intentar mantenerlo y mejorarlo\u201d, sugiri\u00f3.<\/p>\n<p>E insisti\u00f3:<\/p>\n<p>\u201cSi imponen aranceles, matan el libre comercio\u201d.<\/p>\n<p>Advirti\u00f3 que s\u00f3lo manteniendo el mercado norteamericano unido se podr\u00e1 enfrentar el reto de China y otras regiones globales.<\/p>\n<p>\u201cLa pregunta que yo plantear\u00eda es:<\/p>\n<p>\u201c\u00bfPor qu\u00e9 no analizamos las cifras de forma objetiva, rigurosa? \u00bfQu\u00e9 ha aportado el libre comercio a las tres naciones en los \u00faltimos a\u00f1os? Este T-MEC fue una buena idea, porque ha funcionado. Afirmamos que s\u00ed est\u00e1 funcionando, sigamos trabajando en ello. Hag\u00e1moslo a\u00fan m\u00e1s eficiente\u201d, insisti\u00f3\u00a0<strong>De la Fuente<\/strong>.<\/p>\n<p>De las deportaciones masivas que ha anunciado\u00a0<strong>Trump<\/strong>\u00a0afirm\u00f3 que el gobierno de la presidenta\u00a0<strong>Claudia Sheinbaum<\/strong>\u00a0ha tomado ya todas las previsiones para defender los derechos de los connacionales que pudieran resultar afectados.<\/p>\n<p>\u201cEstamos preparados para recibir con los brazos abiertos a todas y a todos los migrantes mexicanos que decidan regresar o que se vean precisados a regresar. Y estamos preparados para recibirlos con enorme dignidad como se lo merecen, independientemente de su estatus migratorio\u201d, dijo.<\/p>\n<p>Seg\u00fan datos del Servicio de Inmigraci\u00f3n y Control de Aduanas de Estados Unidos, precis\u00f3, existe una reducci\u00f3n del 75 por ciento en el flujo irregular durante el \u00faltimo a\u00f1o.<\/p>\n<p>En su recorrido por Arizona, el canciller mexicano se reuni\u00f3 con la gobernadora de ese estado,\u00a0<strong>Katie Hobbs<\/strong>, as\u00ed como con l\u00edderes del Congreso local.<\/p>\n<p>Coment\u00f3 que la gobernadora \u201ctiene un gran conocimiento de la relaci\u00f3n con M\u00e9xico, tiene una gran simpat\u00eda por las posiciones de M\u00e9xico, y la consideramos alguien que ha sido, y va a seguir siendo, una aliada muy importante\u201d.<\/p>\n<p>&nbsp;<\/p>\n<p><strong>Lo respeto, pero no estoy de acuerdo: Sheinbaum a Trump<\/strong><\/p>\n<p>&nbsp;<\/p>\n<p>Enterada de que el presidente electo integr\u00f3 una oficina para concentrar lo que se cobre por los aranceles que va a aplicar desde el primer d\u00eda de su regreso a la Casa Blanca, la presidenta\u00a0<strong>Claudia Sheinbaum<\/strong>\u00a0dijo respetar a\u00a0<strong>Donald Trump,<\/strong>\u00a0pero no estar de acuerdo con \u00e9l.<\/p>\n<p>\u00abVamos a tener di\u00e1logo con el gobierno de Estados Unidos, (lo de la aplicaci\u00f3n de aranceles) es algo que no es nuevo, lo ha dicho ya varias veces y nosotros en ese sentido no estamos de acuerdo, porque sabemos y lo respetamos mucho, pero en el caso del tratado comercial entre Canad\u00e1, Estados Unidos y M\u00e9xico ha beneficiado mucho a Estados Unidos en empleo, en producci\u00f3n y realmente en el caso del tratado comercial de Am\u00e9rica del Norte, M\u00e9xico, Estados Unidos y Canad\u00e1\u00bb, reflexion\u00f3.<\/p>\n<p>&nbsp;<\/p>\n<p>&nbsp;<\/p>\n<p>\/ Twitter: @_Vizcaino \/ Facebook<\/p>\n<p><em><a href=\"https:\/\/twitter.com\/_rvizcaino\" target=\"_blank\" rel=\"noopener noreferrer\">@_RVizcaino<\/a><\/em><\/p>\n<p><em><a href=\"https:\/\/www.facebook.com\/rvizcainoa\" target=\"_blank\" rel=\"noopener noreferrer\">facebook.com\/rvizcainoa<\/a><\/em><\/p>\n<p>&nbsp;<\/p>\n","protected":false},"excerpt":{"rendered":"<p>Tras la puerta del poder Roberto Vizca\u00edno Sin dar espacio a las querellas internas,\u00a0Ricardo Monreal, coordinador de los diputados federales de Morena, anunci\u00f3 que apenas arranque el segundo periodo de la actual Legislatura, el 1 de febrero pr\u00f3ximo, su bancada ir\u00e1 por aprobar en los siguientes 3 meses 40 grandes reformas complementarias. Pr\u00e1cticamente todos estos [&hellip;]<\/p>\n","protected":false},"author":12,"featured_media":652436,"comment_status":"open","ping_status":"open","sticky":false,"template":"","format":"standard","meta":{"_monsterinsights_skip_tracking":false,"_monsterinsights_sitenote_active":false,"_monsterinsights_sitenote_note":"","_monsterinsights_sitenote_category":0,"footnotes":""},"categories":[136],"tags":[],"class_list":["post-652770","post","type-post","status-publish","format-standard","has-post-thumbnail","hentry","category-roberto-vizcaino-opinion"],"_links":{"self":[{"href":"https:\/\/www.diarioimagen.net\/index.php?rest_route=\/wp\/v2\/posts\/652770","targetHints":{"allow":["GET"]}}],"collection":[{"href":"https:\/\/www.diarioimagen.net\/index.php?rest_route=\/wp\/v2\/posts"}],"about":[{"href":"https:\/\/www.diarioimagen.net\/index.php?rest_route=\/wp\/v2\/types\/post"}],"author":[{"embeddable":true,"href":"https:\/\/www.diarioimagen.net\/index.php?rest_route=\/wp\/v2\/users\/12"}],"replies":[{"embeddable":true,"href":"https:\/\/www.diarioimagen.net\/index.php?rest_route=%2Fwp%2Fv2%2Fcomments&post=652770"}],"version-history":[{"count":1,"href":"https:\/\/www.diarioimagen.net\/index.php?rest_route=\/wp\/v2\/posts\/652770\/revisions"}],"predecessor-version":[{"id":652771,"href":"https:\/\/www.diarioimagen.net\/index.php?rest_route=\/wp\/v2\/posts\/652770\/revisions\/652771"}],"wp:featuredmedia":[{"embeddable":true,"href":"https:\/\/www.diarioimagen.net\/index.php?rest_route=\/wp\/v2\/media\/652436"}],"wp:attachment":[{"href":"https:\/\/www.diarioimagen.net\/index.php?rest_route=%2Fwp%2Fv2%2Fmedia&parent=652770"}],"wp:term":[{"taxonomy":"category","embeddable":true,"href":"https:\/\/www.diarioimagen.net\/index.php?rest_route=%2Fwp%2Fv2%2Fcategories&post=652770"},{"taxonomy":"post_tag","embeddable":true,"href":"https:\/\/www.diarioimagen.net\/index.php?rest_route=%2Fwp%2Fv2%2Ftags&post=652770"}],"curies":[{"name":"wp","href":"https:\/\/api.w.org\/{rel}","templated":true}]}}