{"id":652785,"date":"2025-01-16T00:10:07","date_gmt":"2025-01-16T06:10:07","guid":{"rendered":"https:\/\/www.diarioimagen.net\/?p=652785"},"modified":"2025-01-16T01:05:17","modified_gmt":"2025-01-16T07:05:17","slug":"mexico-enviara-110-mil-toneladas-de-aguacate-para-el-super-bowl","status":"publish","type":"post","link":"https:\/\/www.diarioimagen.net\/?p=652785","title":{"rendered":"M\u00e9xico enviar\u00e1 110 mil toneladas de aguacate para el Super Bowl"},"content":{"rendered":"<div id=\"attachment_652786\" style=\"width: 470px\" class=\"wp-caption aligncenter\"><img loading=\"lazy\" decoding=\"async\" aria-describedby=\"caption-attachment-652786\" class=\"wp-image-652786 size-large\" src=\"https:\/\/www.diarioimagen.net\/wp-content\/uploads\/2025\/01\/AGUACATE-ok-460x259.jpg\" alt=\"\" width=\"460\" height=\"259\" srcset=\"https:\/\/www.diarioimagen.net\/wp-content\/uploads\/2025\/01\/AGUACATE-ok-460x259.jpg 460w, https:\/\/www.diarioimagen.net\/wp-content\/uploads\/2025\/01\/AGUACATE-ok-240x135.jpg 240w, https:\/\/www.diarioimagen.net\/wp-content\/uploads\/2025\/01\/AGUACATE-ok-768x432.jpg 768w, https:\/\/www.diarioimagen.net\/wp-content\/uploads\/2025\/01\/AGUACATE-ok-480x270.jpg 480w, https:\/\/www.diarioimagen.net\/wp-content\/uploads\/2025\/01\/AGUACATE-ok-235x132.jpg 235w, https:\/\/www.diarioimagen.net\/wp-content\/uploads\/2025\/01\/AGUACATE-ok-202x114.jpg 202w, https:\/\/www.diarioimagen.net\/wp-content\/uploads\/2025\/01\/AGUACATE-ok-350x196.jpg 350w, https:\/\/www.diarioimagen.net\/wp-content\/uploads\/2025\/01\/AGUACATE-ok-220x123.jpg 220w, https:\/\/www.diarioimagen.net\/wp-content\/uploads\/2025\/01\/AGUACATE-ok-237x132.jpg 237w, https:\/\/www.diarioimagen.net\/wp-content\/uploads\/2025\/01\/AGUACATE-ok.jpg 1500w\" sizes=\"auto, (max-width: 460px) 100vw, 460px\" \/><p id=\"caption-attachment-652786\" class=\"wp-caption-text\">El aguacate mexicano, actualmente, se exporta a m\u00e1s de 34 pa\u00edses en todo el mundo, principalmente a Estados Unidos.<\/p><\/div>\n<p>&nbsp;<\/p>\n<p>Ascender\u00e1n a 110 mil toneladas las exportaciones de aguacate mexicano relacionadas con la celebraci\u00f3n del Supertaz\u00f3n que se celebrar\u00e1 el pr\u00f3ximo domingo 9 de febrero en Estados Unidos, de acuerdo a estimaciones de la Asociaci\u00f3n de Productores y Empacadores Exportadores de Aguacate de M\u00e9xico (Apeam).<\/p>\n<p>\u201cLa exportaci\u00f3n de 110 mil toneladas de aguacate es un reflejo del arduo trabajo, adaptaci\u00f3n y dedicaci\u00f3n de miles de mexicanos entre productores, empacadores, ingenieros agr\u00f3nomos, t\u00e9cnicos de campo, supervisores, seleccionadoras de frutas, entre otros\u201d, se\u00f1al\u00f3 el organismo en un comunicado.<\/p>\n<p>Destac\u00f3 que el aguacate Hass se ha convertido en un elemento esencial de las reuniones del Supertaz\u00f3n, especialmente como el protagonista del famoso guacamole.<\/p>\n<p>Este evento, indic\u00f3 la Apeam, conlleva un significativo impacto en la econom\u00eda mexicana y estadounidense, mientras que todo este proceso se lleva a cabo bajo las m\u00e1s estrictas medidas de fitosanidad, inocuidad y calidad siendo l\u00edderes en la producci\u00f3n a nivel mundial.<\/p>\n<p>Actualmente Estados Unidos es el principal consumidor de aguacate, elevando su consumo per c\u00e1pita a los 4.1 kilogramos, sin embargo, los aguacates de M\u00e9xico actualmente se exportan a m\u00e1s de 34 pa\u00edses en todo el mundo.<\/p>\n<p>La exportaci\u00f3n de aguacate tiene un impacto significativo en la econom\u00eda mexicana y estadounidense, y se lleva a cabo bajo estrictas medidas de fitosanidad, inocuidad y calidad.<\/p>\n<p>Para esta temporada Avocados From Mexico como parte de la campa\u00f1a nacional se asoci\u00f3 con el ic\u00f3nico Rob Gronkowski, exjugador profesional del futbol americano, para apoyar a los compradores a prepararse para sus fiestas del Super Bowl.<\/p>\n","protected":false},"excerpt":{"rendered":"<p>&nbsp; Ascender\u00e1n a 110 mil toneladas las exportaciones de aguacate mexicano relacionadas con la celebraci\u00f3n del Supertaz\u00f3n que se celebrar\u00e1 el pr\u00f3ximo domingo 9 de febrero en Estados Unidos, de acuerdo a estimaciones de la Asociaci\u00f3n de Productores y Empacadores Exportadores de Aguacate de M\u00e9xico (Apeam). \u201cLa exportaci\u00f3n de 110 mil toneladas de aguacate es [&hellip;]<\/p>\n","protected":false},"author":12,"featured_media":652786,"comment_status":"open","ping_status":"open","sticky":false,"template":"","format":"standard","meta":{"_monsterinsights_skip_tracking":false,"_monsterinsights_sitenote_active":false,"_monsterinsights_sitenote_note":"","_monsterinsights_sitenote_category":0,"footnotes":""},"categories":[16,8],"tags":[],"class_list":["post-652785","post","type-post","status-publish","format-standard","has-post-thumbnail","hentry","category-destacadas","category-finanzas"],"_links":{"self":[{"href":"https:\/\/www.diarioimagen.net\/index.php?rest_route=\/wp\/v2\/posts\/652785","targetHints":{"allow":["GET"]}}],"collection":[{"href":"https:\/\/www.diarioimagen.net\/index.php?rest_route=\/wp\/v2\/posts"}],"about":[{"href":"https:\/\/www.diarioimagen.net\/index.php?rest_route=\/wp\/v2\/types\/post"}],"author":[{"embeddable":true,"href":"https:\/\/www.diarioimagen.net\/index.php?rest_route=\/wp\/v2\/users\/12"}],"replies":[{"embeddable":true,"href":"https:\/\/www.diarioimagen.net\/index.php?rest_route=%2Fwp%2Fv2%2Fcomments&post=652785"}],"version-history":[{"count":1,"href":"https:\/\/www.diarioimagen.net\/index.php?rest_route=\/wp\/v2\/posts\/652785\/revisions"}],"predecessor-version":[{"id":652787,"href":"https:\/\/www.diarioimagen.net\/index.php?rest_route=\/wp\/v2\/posts\/652785\/revisions\/652787"}],"wp:featuredmedia":[{"embeddable":true,"href":"https:\/\/www.diarioimagen.net\/index.php?rest_route=\/wp\/v2\/media\/652786"}],"wp:attachment":[{"href":"https:\/\/www.diarioimagen.net\/index.php?rest_route=%2Fwp%2Fv2%2Fmedia&parent=652785"}],"wp:term":[{"taxonomy":"category","embeddable":true,"href":"https:\/\/www.diarioimagen.net\/index.php?rest_route=%2Fwp%2Fv2%2Fcategories&post=652785"},{"taxonomy":"post_tag","embeddable":true,"href":"https:\/\/www.diarioimagen.net\/index.php?rest_route=%2Fwp%2Fv2%2Ftags&post=652785"}],"curies":[{"name":"wp","href":"https:\/\/api.w.org\/{rel}","templated":true}]}}