{"id":653529,"date":"2025-01-23T00:00:06","date_gmt":"2025-01-23T06:00:06","guid":{"rendered":"https:\/\/www.diarioimagen.net\/?p=653529"},"modified":"2025-01-22T19:00:13","modified_gmt":"2025-01-23T01:00:13","slug":"unirse-en-defensa","status":"publish","type":"post","link":"https:\/\/www.diarioimagen.net\/?p=653529","title":{"rendered":"Unirse en defensa"},"content":{"rendered":"<p><strong>AUNQUE PESE \u00a0Salvador Mart\u00ednez G.<\/strong><\/p>\n<p>&nbsp;<\/p>\n<p><strong>\u00a0<\/strong><\/p>\n<p>No hay duda de que el endurecimiento de la pol\u00edtica de Estados Unidos, bajo el gobierno de Trump, continuar\u00e1 por todo el periodo de su mandato.<\/p>\n<p>Para el 1 de febrero anticipa que impondr\u00e1 aranceles hasta de 25 por ciento a los productos mexicanos adquiridos por la uni\u00f3n americana, lo que afectar\u00e1 de sobremanera al comercio bilateral, pues es previsible que a la medida de Washington, el gobierno de Claudia Sheinbaum responda tambi\u00e9n con tasas impositivas a los productos del vecino del norte.<\/p>\n<p>Trump anuncia tambi\u00e9n la misma medida para Canad\u00e1 sin importarle que entre sus dos vecinos aportan el 30 por ciento del valor de todos los bienes que import\u00f3 el a\u00f1o pasado y que las medidas que en reacci\u00f3n tomen estas naciones tambi\u00e9n afectar\u00e1n los bolsillos de los estadounidenses, al sufrir encarecimiento de muchos bienes.<\/p>\n<p>Como desquiciado, el convicto presidente anuncia aranceles por doquier. Tambi\u00e9n Europa, Rusia y China est\u00e1n en la mira del copetudo y, al parecer, no est\u00e1 viviendo adecuadamente las consecuencias de sus alocados anuncios y futuras acciones porque ser\u00e1 afectada su administraci\u00f3n.<\/p>\n<p>El momento parece propicio para que todas las naciones afectadas y amenazadas con represalias econ\u00f3micas o definiciones pol\u00edticas de Washington (como las migratorias, la de recuperar el Canal de Panam\u00e1 o el quedarse con Groenlandia, entre muchas otras) se unan y formen un frente com\u00fan ante tanto desprop\u00f3sito.<\/p>\n<p>Una reacci\u00f3n solidaria y uniforme podr\u00eda hacer pensar a Trump, quien ya se lanz\u00f3 tambi\u00e9n contra los BRICS, y conjuntamente frenar acciones y amenazas porque actualmente Estados Unidos, a\u00fan la mayor potencia mundial, no tiene la misma fuerza que hace 25 a\u00f1os. \u00a1Cuidado!<\/p>\n<p>&nbsp;<\/p>\n<p><strong>Susurros<\/strong><\/p>\n<p>&nbsp;<\/p>\n<p>Ser\u00e1 que s\u00f3lo a Donald Trump en sus calenturas mentales se le ocurra tanta arbitraria medida o influir\u00e1n en \u00e9l tambi\u00e9n los superricos que lo arropan y lo impulsan, especialmente el tambi\u00e9n deschavetado Elon Musk.<\/p>\n<p>Atr\u00e1s del nuevo gobierno de Washington tambi\u00e9n est\u00e1n tristes personajes como Mark Zuckerberg o Jeff Bezos, quienes conjuntan la mayor riqueza jam\u00e1s imaginada en el mundo y que hoy es instrumento de presi\u00f3n geopol\u00edtica, econ\u00f3mica y social.<\/p>\n<p>Para el mundo entero se anticipa inestabilidad comercial, monetaria, inflacionaria y, qu\u00e9 decir, del \u00e1mbito pol\u00edtico, en el que la intenci\u00f3n es someter a Rusia y China con amenazas para negociar en blandito, lo que se antoja lejos de la realidad. Veremos.<\/p>\n<p><strong>email: salvadormartinez@visionmx.com X: @salvador_mtz<\/strong><\/p>\n","protected":false},"excerpt":{"rendered":"<p>AUNQUE PESE \u00a0Salvador Mart\u00ednez G. &nbsp; \u00a0 No hay duda de que el endurecimiento de la pol\u00edtica de Estados Unidos, bajo el gobierno de Trump, continuar\u00e1 por todo el periodo de su mandato. Para el 1 de febrero anticipa que impondr\u00e1 aranceles hasta de 25 por ciento a los productos mexicanos adquiridos por la uni\u00f3n [&hellip;]<\/p>\n","protected":false},"author":14,"featured_media":0,"comment_status":"open","ping_status":"open","sticky":false,"template":"","format":"standard","meta":{"_monsterinsights_skip_tracking":false,"_monsterinsights_sitenote_active":false,"_monsterinsights_sitenote_note":"","_monsterinsights_sitenote_category":0,"footnotes":""},"categories":[96743],"tags":[],"class_list":["post-653529","post","type-post","status-publish","format-standard","hentry","category-salvador-martinez-garcia"],"_links":{"self":[{"href":"https:\/\/www.diarioimagen.net\/index.php?rest_route=\/wp\/v2\/posts\/653529","targetHints":{"allow":["GET"]}}],"collection":[{"href":"https:\/\/www.diarioimagen.net\/index.php?rest_route=\/wp\/v2\/posts"}],"about":[{"href":"https:\/\/www.diarioimagen.net\/index.php?rest_route=\/wp\/v2\/types\/post"}],"author":[{"embeddable":true,"href":"https:\/\/www.diarioimagen.net\/index.php?rest_route=\/wp\/v2\/users\/14"}],"replies":[{"embeddable":true,"href":"https:\/\/www.diarioimagen.net\/index.php?rest_route=%2Fwp%2Fv2%2Fcomments&post=653529"}],"version-history":[{"count":1,"href":"https:\/\/www.diarioimagen.net\/index.php?rest_route=\/wp\/v2\/posts\/653529\/revisions"}],"predecessor-version":[{"id":653530,"href":"https:\/\/www.diarioimagen.net\/index.php?rest_route=\/wp\/v2\/posts\/653529\/revisions\/653530"}],"wp:attachment":[{"href":"https:\/\/www.diarioimagen.net\/index.php?rest_route=%2Fwp%2Fv2%2Fmedia&parent=653529"}],"wp:term":[{"taxonomy":"category","embeddable":true,"href":"https:\/\/www.diarioimagen.net\/index.php?rest_route=%2Fwp%2Fv2%2Fcategories&post=653529"},{"taxonomy":"post_tag","embeddable":true,"href":"https:\/\/www.diarioimagen.net\/index.php?rest_route=%2Fwp%2Fv2%2Ftags&post=653529"}],"curies":[{"name":"wp","href":"https:\/\/api.w.org\/{rel}","templated":true}]}}