{"id":654376,"date":"2025-01-30T00:00:29","date_gmt":"2025-01-30T06:00:29","guid":{"rendered":"https:\/\/www.diarioimagen.net\/?p=654376"},"modified":"2025-01-29T19:01:45","modified_gmt":"2025-01-30T01:01:45","slug":"claudia-sheinbaum-firma-leyes-secundarias-en-materia-energetica","status":"publish","type":"post","link":"https:\/\/www.diarioimagen.net\/?p=654376","title":{"rendered":"Claudia Sheinbaum  firma leyes secundarias  en materia energ\u00e9tica"},"content":{"rendered":"<p><strong>Se complementan cambios constitucionales<\/strong><\/p>\n<p><strong>\u00a0<\/strong><\/p>\n<p><strong>\u00a0<\/strong><\/p>\n<p><strong>\u00a0Cambio legales para que Pemex y CFE sean empresas p\u00fablicas del Estado<\/strong><\/p>\n<div id=\"attachment_654377\" style=\"width: 447px\" class=\"wp-caption alignnone\"><img loading=\"lazy\" decoding=\"async\" aria-describedby=\"caption-attachment-654377\" class=\"size-large wp-image-654377\" src=\"https:\/\/www.diarioimagen.net\/wp-content\/uploads\/2025\/01\/MANANERA-ok-7-437x270.jpg\" alt=\"\" width=\"437\" height=\"270\" srcset=\"https:\/\/www.diarioimagen.net\/wp-content\/uploads\/2025\/01\/MANANERA-ok-7-437x270.jpg 437w, https:\/\/www.diarioimagen.net\/wp-content\/uploads\/2025\/01\/MANANERA-ok-7-240x148.jpg 240w, https:\/\/www.diarioimagen.net\/wp-content\/uploads\/2025\/01\/MANANERA-ok-7-768x474.jpg 768w, https:\/\/www.diarioimagen.net\/wp-content\/uploads\/2025\/01\/MANANERA-ok-7.jpg 1500w\" sizes=\"auto, (max-width: 437px) 100vw, 437px\" \/><p id=\"caption-attachment-654377\" class=\"wp-caption-text\">Claudia Sheinbaum firm\u00f3 este mi\u00e9rcoles, en Palacio Nacional, las leyes secundarias en materia energ\u00e9tica, y las envi\u00f3 Congreso de la Uni\u00f3n, con las cuales se busca fortalecer a Pemex y a la CFE como empresas p\u00fablicas estrat\u00e9gicas para el desarrollo nacional.<\/p><\/div>\n<p>La presidenta de M\u00e9xico, Claudia Sheinbaum firm\u00f3 este mi\u00e9rcoles en Palacio Nacional las leyes secundarias en materia energ\u00e9tica, y las envi\u00f3 Congreso de la Uni\u00f3n, con las cuales se busca fortalecer a Petr\u00f3leos Mexicanos (Pemex) y a la Comisi\u00f3n Federal de Electricidad (CFE) como empresas p\u00fablicas estrat\u00e9gicas para el desarrollo nacional.<\/p>\n<p>Los cambios legales permitir\u00e1n que la Secretar\u00eda de Energ\u00eda (Sener) retome la rector\u00eda de la planeaci\u00f3n del sector energ\u00e9tico mexicano, que la Comisi\u00f3n Federal de Electricidad (CFE) sea garante de la continuidad, accesibilidad y seguridad del sistema el\u00e9ctrico y que Pemex pueda tener contratos mixtos de exploraci\u00f3n y extracci\u00f3n.<\/p>\n<p>\u00abEl d\u00eda de hoy estamos enviando al Congreso, vamos a firmar un conjunto de leyes muy importantes que son lo que se llaman las leyes secundarias de la reforma constitucional en materia energ\u00e9tica\u00bb, dijo Sheinbaum Pardo.<\/p>\n<p>La jefa del Ejecutivo federal detall\u00f3 que en la reforma energ\u00e9tica, entre otros puntos, se establece que las empresas p\u00fablicas, como Petr\u00f3leos Mexicanos (Pemex) y la Comisi\u00f3n Federal de Electricidad (CFE) dejan de ser empresas productivas del Estado y se convierten en empresas p\u00fablicas del Estado.<\/p>\n<p>\u00abVan hacer m\u00e1s productivas todav\u00eda, van a hacer m\u00e1s eficientes, m\u00e1s transparentes, van a tener la austeridad republicana como eje de su operaci\u00f3n.<\/p>\n<p>\u00abPero la diferencia es que con una empresas productivas del Estado se reg\u00edan como empresas privadas y se pon\u00edan en el mismo nivel que una empresa privada como si fuera lo mismo en el mercado competir entre una empresa p\u00fablica y una empresa privada al llamarles empresas p\u00fablicas\u00bb, se\u00f1al\u00f3.<\/p>\n<p>&nbsp;<\/p>\n<p><strong>Presentaci\u00f3n del paquete<\/strong><\/p>\n<p>&nbsp;<\/p>\n<p>Durante la presentaci\u00f3n del paquete, Luz Elena Gonz\u00e1lez, titular de la Secretar\u00eda de Energ\u00eda (Sener), destac\u00f3 que estas reformas complementan los cambios constitucionales previos y marcan la reversi\u00f3n definitiva de las pol\u00edticas neoliberales implementadas desde 1992, las cuales, seg\u00fan la funcionaria, promovieron la privatizaci\u00f3n y debilitamiento del sector energ\u00e9tico.<\/p>\n<p>Las modificaciones incluyen la expedici\u00f3n de seis nuevas leyes, entre ellas la Ley de la Empresa P\u00fablica del Estado para Pemex y CFE, la Ley de Planeaci\u00f3n y Transici\u00f3n Energ\u00e9tica, y la Ley del Sector El\u00e9ctrico e Hidrocarburos.<\/p>\n<p>\u201c(Con estas leyes) se reconoce, por primera vez, el concepto de justicia energ\u00e9tica para reducir las desigualdades en el acceso y en el uso de la energ\u00eda, garantizando los recursos para la atenci\u00f3n prioritaria de la poblaci\u00f3n m\u00e1s vulnerable de nuestro pa\u00eds. Y se crea tambi\u00e9n el Sistema Nacional de Informaci\u00f3n Energ\u00e9tica en la Sener y un Consejo de Declaraci\u00f3n Energ\u00e9tica como \u00f3rgano supremo de coordinaci\u00f3n\u201d, precis\u00f3 la funcionaria, durante la conferencia ma\u00f1anera.<\/p>\n<p>\u00abEs una reversi\u00f3n de la reforma de 2013\u00bb, dijo por su parte Sheinbaum sobre los cambios constitucionales con los que hace m\u00e1s de una d\u00e9cada se abri\u00f3 el sector a las empresas privadas. \u00abSe recupera el sentido p\u00fablico de CFE y de Pemex como garantes de la producci\u00f3n de energ\u00eda para el pueblo de M\u00e9xico y la soberan\u00eda nacional\u00bb, sentenci\u00f3.<\/p>\n<p>&nbsp;<\/p>\n<p>&nbsp;<\/p>\n<p><strong>Nuevas reglas tambi\u00e9n redefinen la participaci\u00f3n del sector privado<\/strong><\/p>\n<p>&nbsp;<\/p>\n<p>Por otro lado, detall\u00f3 que las nuevas reglas tambi\u00e9n redefinen la participaci\u00f3n del sector privado, permitiendo inversi\u00f3n en generaci\u00f3n de energ\u00eda bajo esquemas mixtos, pero garantizando que la CFE conserve al menos el 54% de la producci\u00f3n el\u00e9ctrica nacional. Asimismo, se establece que las actividades de Pemex y CFE no ser\u00e1n consideradas monop\u00f3licas, ya que cumplen con una funci\u00f3n social.<\/p>\n<p>\u201cEn cuanto a la participaci\u00f3n privada, se prev\u00e9n seis esquemas, tres para consumo propio y tres para generaci\u00f3n de energ\u00eda. Para consumo propio se determina la generaci\u00f3n distribuida residencial incrementando su capacidad, como lo hemos mencionado aqu\u00ed, de 0.5 a 0.7 megawatts sin requerir permiso; el autoconsumo aislado, que permite instalar una capacidad ahora de entre 0.7 y 20 megawatts, con un permiso expedito y sencillo y un tr\u00e1mite sencillo\u201d, indic\u00f3 Luz Elena Gonz\u00e1lez.<\/p>\n<p>&nbsp;<\/p>\n<p>Adem\u00e1s, dio a conocer que con estas leyes se realizar\u00e1 la eliminaci\u00f3n de la Comisi\u00f3n Reguladora de Energ\u00eda (CRE) y la Comisi\u00f3n Nacional de Hidrocarburos (CNH), cuyas funciones ser\u00e1n absorbidas por la nueva Comisi\u00f3n Nacional de Energ\u00eda, un \u00f3rgano desconcentrado de la Sener con atribuciones en regulaci\u00f3n, permisos y vigilancia del mercado el\u00e9ctrico e hidrocarburos.<\/p>\n<p>\u201cEstas reformas a la legislaci\u00f3n secundaria que estamos presentando representan un paso decisivo en la consolidaci\u00f3n de la soberan\u00eda del pa\u00eds. Son reformas que benefician a todos, benefician principalmente al pueblo de M\u00e9xico, pero tambi\u00e9n benefician al Estado, fortalecen al Estado y benefician a todos los sectores productivos y gracias a ella se recupera la planeaci\u00f3n del sector y se hace vinculante para impulsar la transici\u00f3n energ\u00e9tica\u201d, dijo la secretaria de Energ\u00eda.<\/p>\n<p>&nbsp;<\/p>\n<p><strong>Descarta compartir v\u00edas de Tren a Nuevo Laredo con empresas extranjeras<\/strong><\/p>\n<p><strong>\u00a0<\/strong><\/p>\n<p>En otro tema, la presidenta Sheinbaum Pardo asegur\u00f3 que el tren de pasajeros de Ciudad de M\u00e9xico a Nuevo Laredo podr\u00eda llamarse Tren del Golfo de M\u00e9xico y descart\u00f3 compartir en este proyecto v\u00edas e infraestructura con la empresa Canadian Pacific Kansas City.<\/p>\n<p>\u201cSon nuevas l\u00edneas dedicadas, lo que s\u00ed es el derecho de v\u00eda en varios lugares, aunque se va adquirir derecho. El derecho de v\u00eda federal es lo suficientemente amplio y ah\u00ed tenemos que hablar con las concesionarias para ponernos de acuerdo y que no haya afectaci\u00f3n al tren de carga\u201d.<\/p>\n<p>Record\u00f3 que Canadian Pacific Kansas City inaugura el 6 de febrero su puente que cruza Nuevo Laredo con ferrocarril. \u201cEso va a permitir poder trasladar carga desde el centro del pa\u00eds, incluso desde el Golfo hasta Canad\u00e1 en tren, sin necesidad de cambio de v\u00edas\u2026 es algo muy bueno, la verdad\u201d.<\/p>\n","protected":false},"excerpt":{"rendered":"<p>Se complementan cambios constitucionales \u00a0 \u00a0 \u00a0Cambio legales para que Pemex y CFE sean empresas p\u00fablicas del Estado La presidenta de M\u00e9xico, Claudia Sheinbaum firm\u00f3 este mi\u00e9rcoles en Palacio Nacional las leyes secundarias en materia energ\u00e9tica, y las envi\u00f3 Congreso de la Uni\u00f3n, con las cuales se busca fortalecer a Petr\u00f3leos Mexicanos (Pemex) y a [&hellip;]<\/p>\n","protected":false},"author":14,"featured_media":654377,"comment_status":"open","ping_status":"open","sticky":false,"template":"","format":"standard","meta":{"_monsterinsights_skip_tracking":false,"_monsterinsights_sitenote_active":false,"_monsterinsights_sitenote_note":"","_monsterinsights_sitenote_category":0,"footnotes":""},"categories":[16,6],"tags":[],"class_list":["post-654376","post","type-post","status-publish","format-standard","has-post-thumbnail","hentry","category-destacadas","category-cd-de-mexico"],"_links":{"self":[{"href":"https:\/\/www.diarioimagen.net\/index.php?rest_route=\/wp\/v2\/posts\/654376","targetHints":{"allow":["GET"]}}],"collection":[{"href":"https:\/\/www.diarioimagen.net\/index.php?rest_route=\/wp\/v2\/posts"}],"about":[{"href":"https:\/\/www.diarioimagen.net\/index.php?rest_route=\/wp\/v2\/types\/post"}],"author":[{"embeddable":true,"href":"https:\/\/www.diarioimagen.net\/index.php?rest_route=\/wp\/v2\/users\/14"}],"replies":[{"embeddable":true,"href":"https:\/\/www.diarioimagen.net\/index.php?rest_route=%2Fwp%2Fv2%2Fcomments&post=654376"}],"version-history":[{"count":1,"href":"https:\/\/www.diarioimagen.net\/index.php?rest_route=\/wp\/v2\/posts\/654376\/revisions"}],"predecessor-version":[{"id":654378,"href":"https:\/\/www.diarioimagen.net\/index.php?rest_route=\/wp\/v2\/posts\/654376\/revisions\/654378"}],"wp:featuredmedia":[{"embeddable":true,"href":"https:\/\/www.diarioimagen.net\/index.php?rest_route=\/wp\/v2\/media\/654377"}],"wp:attachment":[{"href":"https:\/\/www.diarioimagen.net\/index.php?rest_route=%2Fwp%2Fv2%2Fmedia&parent=654376"}],"wp:term":[{"taxonomy":"category","embeddable":true,"href":"https:\/\/www.diarioimagen.net\/index.php?rest_route=%2Fwp%2Fv2%2Fcategories&post=654376"},{"taxonomy":"post_tag","embeddable":true,"href":"https:\/\/www.diarioimagen.net\/index.php?rest_route=%2Fwp%2Fv2%2Ftags&post=654376"}],"curies":[{"name":"wp","href":"https:\/\/api.w.org\/{rel}","templated":true}]}}