{"id":654379,"date":"2025-01-30T00:00:17","date_gmt":"2025-01-30T06:00:17","guid":{"rendered":"https:\/\/www.diarioimagen.net\/?p=654379"},"modified":"2025-01-29T19:04:08","modified_gmt":"2025-01-30T01:04:08","slug":"cayo-la-creacion-de-fuentes-de-trabajo-en-diciembre-inegi","status":"publish","type":"post","link":"https:\/\/www.diarioimagen.net\/?p=654379","title":{"rendered":"Cay\u00f3 la creaci\u00f3n de fuentes  de trabajo en diciembre: Inegi"},"content":{"rendered":"<p><strong>2024, con la cifra m\u00e1s baja en 10 a\u00f1os<\/strong><\/p>\n<p><strong>\u00a0<\/strong><\/p>\n<p><strong>\u00a0<\/strong><\/p>\n<p><strong>La poblaci\u00f3n ocupada que m\u00e1s cay\u00f3 el mes pasado fue la del sector primario<\/strong><\/p>\n<p><strong>\u00a0<\/strong><\/p>\n<div id=\"attachment_654380\" style=\"width: 470px\" class=\"wp-caption alignnone\"><img loading=\"lazy\" decoding=\"async\" aria-describedby=\"caption-attachment-654380\" class=\"size-large wp-image-654380\" src=\"https:\/\/www.diarioimagen.net\/wp-content\/uploads\/2025\/01\/EMPLEO-1-460x259.jpeg\" alt=\"\" width=\"460\" height=\"259\" srcset=\"https:\/\/www.diarioimagen.net\/wp-content\/uploads\/2025\/01\/EMPLEO-1-460x259.jpeg 460w, https:\/\/www.diarioimagen.net\/wp-content\/uploads\/2025\/01\/EMPLEO-1-240x135.jpeg 240w, https:\/\/www.diarioimagen.net\/wp-content\/uploads\/2025\/01\/EMPLEO-1-768x432.jpeg 768w, https:\/\/www.diarioimagen.net\/wp-content\/uploads\/2025\/01\/EMPLEO-1-480x270.jpeg 480w, https:\/\/www.diarioimagen.net\/wp-content\/uploads\/2025\/01\/EMPLEO-1-235x132.jpeg 235w, https:\/\/www.diarioimagen.net\/wp-content\/uploads\/2025\/01\/EMPLEO-1-202x114.jpeg 202w, https:\/\/www.diarioimagen.net\/wp-content\/uploads\/2025\/01\/EMPLEO-1-350x196.jpeg 350w, https:\/\/www.diarioimagen.net\/wp-content\/uploads\/2025\/01\/EMPLEO-1-220x123.jpeg 220w, https:\/\/www.diarioimagen.net\/wp-content\/uploads\/2025\/01\/EMPLEO-1-237x132.jpeg 237w, https:\/\/www.diarioimagen.net\/wp-content\/uploads\/2025\/01\/EMPLEO-1.jpeg 1280w\" sizes=\"auto, (max-width: 460px) 100vw, 460px\" \/><p id=\"caption-attachment-654380\" class=\"wp-caption-text\">La ocupaci\u00f3n laboral en M\u00e9xico cay\u00f3 en diciembre de 2024 afectada por la eliminaci\u00f3n de puestos de empleo en los tres principales sectores econ\u00f3micos<\/p><\/div>\n<p>De acuerdo con datos del Instituto Nacional de Estad\u00edstica y Geograf\u00eda (Inegi), la ocupaci\u00f3n laboral en M\u00e9xico cay\u00f3 en diciembre de 2024 afectada por la eliminaci\u00f3n de puestos de \u00a0empleo en los tres principales sectores econ\u00f3micos para acumular todo el a\u00f1o pasado la creaci\u00f3n de empleo m\u00e1s baja en una d\u00e9cada.<\/p>\n<p>Seg\u00fan resultados de la Encuesta Nacional de Ocupaci\u00f3n y Empleo (Enoe), que realiza el Inegi, se estim\u00f3 que la poblaci\u00f3n ocupada en el pa\u00eds ascendi\u00f3 a 59.32 millones de personas en diciembre de 2024, lo que represent\u00f3 una disminuci\u00f3n de 683 mil 515 puestos de trabajo con respecto a noviembre pasado.<\/p>\n<p>En 2024 se crearon s\u00f3lo 174 mil 656 plazas laborales. Sin contar la destrucci\u00f3n de m\u00e1s de 3 millones de empleos en 2020, provocada por las consecuencias de la pandemia de covid-19, \u00e9ste fue su nivel m\u00e1s bajo en creaci\u00f3n de empleo desde 2014, cuando se ocuparon 99 mil 699 personas.<\/p>\n<p>Dicho comportamiento se explic\u00f3 casi en su mayor\u00eda por el del empleo masculino, que cay\u00f3 en 552 mil 296 puestos laborales de manera mensual en diciembre; mientras que las plazas femeninas s\u00f3lo descendieron en 131 mil 219. En tanto, en 2024 el mercado laboral femenino se benefici\u00f3 con el incremento de 340 mil 130 plazas; en contraste con la ca\u00edda de 165 mil 474 puestos de hombres.<\/p>\n<p>La Enoe estim\u00f3 que la poblaci\u00f3n ocupada que m\u00e1s cay\u00f3 en diciembre fue la del sector primario (agricultura, ganader\u00eda, silvicultura, caza y pesca), con la destrucci\u00f3n de 454 mil 385 empleos; le sigui\u00f3 la industria (sector secundario) con 238 mil 928 puestos. Y finalmente el sector servicios y comercio elimin\u00f3 79 mil 191 plazas. En donde servicios diversos y transporte s\u00ed crearon empleos (405 mil 873 y 283 mil 186, respectivamente).<\/p>\n<p>En 2024, el sector terciario fue el \u00fanico que se cre\u00f3 empleo, con 920 mil 451 puestos; para el agro e industria la ca\u00edda fue de 452 mil y 360 mil.<\/p>\n<p>&nbsp;<\/p>\n<p><strong>Informalidad y desempleo<\/strong><\/p>\n<p>&nbsp;<\/p>\n<p>La tasa de informalidad laboral se ubic\u00f3 en 53.7 por ciento, similar a la registrada en igual mes de 2023.<\/p>\n<p>En M\u00e9xico se ocuparon en la informalidad 31.83 millones de personas al cierre de diciembre, 954 mil 247 menos con respecto a noviembre; pero 108 mil 474 m\u00e1s frente a diciembre de 2023.<\/p>\n<p>La ocupaci\u00f3n formal ascendi\u00f3 a 27.49 millones de personas, 270 mil 732 m\u00e1s en su medici\u00f3n mensual y s\u00f3lo 66 mil 182 en 2024.<\/p>\n<p>La tasa de desocupaci\u00f3n se situ\u00f3 en 2.4 por ciento. En el mismo mes de 2023, fue de 2.6 por ciento.<\/p>\n<p>La tasa de subocupaci\u00f3n (porcentaje de poblaci\u00f3n ocupada que busc\u00f3 ofertar una mayor cantidad de tiempo de trabajo en su ocupaci\u00f3n actual o en un empleo adicional) se estableci\u00f3 en 6.9 por ciento. En el \u00faltimo mes de 2023, fue de 7.6 por ciento.<\/p>\n<p>La tasa de condiciones cr\u00edticas de ocupaci\u00f3n (calculada a partir de salarios m\u00ednimos equivalentes, base enero de 2024) fue de 32.0 por ciento. En diciembre de 2023, fue de 35.8 por ciento.<\/p>\n<p>&nbsp;<\/p>\n","protected":false},"excerpt":{"rendered":"<p>2024, con la cifra m\u00e1s baja en 10 a\u00f1os \u00a0 \u00a0 La poblaci\u00f3n ocupada que m\u00e1s cay\u00f3 el mes pasado fue la del sector primario \u00a0 De acuerdo con datos del Instituto Nacional de Estad\u00edstica y Geograf\u00eda (Inegi), la ocupaci\u00f3n laboral en M\u00e9xico cay\u00f3 en diciembre de 2024 afectada por la eliminaci\u00f3n de puestos de [&hellip;]<\/p>\n","protected":false},"author":14,"featured_media":654380,"comment_status":"open","ping_status":"open","sticky":false,"template":"","format":"standard","meta":{"_monsterinsights_skip_tracking":false,"_monsterinsights_sitenote_active":false,"_monsterinsights_sitenote_note":"","_monsterinsights_sitenote_category":0,"footnotes":""},"categories":[3],"tags":[],"class_list":["post-654379","post","type-post","status-publish","format-standard","has-post-thumbnail","hentry","category-nacional"],"_links":{"self":[{"href":"https:\/\/www.diarioimagen.net\/index.php?rest_route=\/wp\/v2\/posts\/654379","targetHints":{"allow":["GET"]}}],"collection":[{"href":"https:\/\/www.diarioimagen.net\/index.php?rest_route=\/wp\/v2\/posts"}],"about":[{"href":"https:\/\/www.diarioimagen.net\/index.php?rest_route=\/wp\/v2\/types\/post"}],"author":[{"embeddable":true,"href":"https:\/\/www.diarioimagen.net\/index.php?rest_route=\/wp\/v2\/users\/14"}],"replies":[{"embeddable":true,"href":"https:\/\/www.diarioimagen.net\/index.php?rest_route=%2Fwp%2Fv2%2Fcomments&post=654379"}],"version-history":[{"count":1,"href":"https:\/\/www.diarioimagen.net\/index.php?rest_route=\/wp\/v2\/posts\/654379\/revisions"}],"predecessor-version":[{"id":654381,"href":"https:\/\/www.diarioimagen.net\/index.php?rest_route=\/wp\/v2\/posts\/654379\/revisions\/654381"}],"wp:featuredmedia":[{"embeddable":true,"href":"https:\/\/www.diarioimagen.net\/index.php?rest_route=\/wp\/v2\/media\/654380"}],"wp:attachment":[{"href":"https:\/\/www.diarioimagen.net\/index.php?rest_route=%2Fwp%2Fv2%2Fmedia&parent=654379"}],"wp:term":[{"taxonomy":"category","embeddable":true,"href":"https:\/\/www.diarioimagen.net\/index.php?rest_route=%2Fwp%2Fv2%2Fcategories&post=654379"},{"taxonomy":"post_tag","embeddable":true,"href":"https:\/\/www.diarioimagen.net\/index.php?rest_route=%2Fwp%2Fv2%2Ftags&post=654379"}],"curies":[{"name":"wp","href":"https:\/\/api.w.org\/{rel}","templated":true}]}}