{"id":655951,"date":"2025-02-12T00:00:34","date_gmt":"2025-02-12T06:00:34","guid":{"rendered":"https:\/\/www.diarioimagen.net\/?p=655951"},"modified":"2025-02-11T17:50:14","modified_gmt":"2025-02-11T23:50:14","slug":"detienen-tres-policias-de-tulum-por-el-delito-de-secuestro-expres","status":"publish","type":"post","link":"https:\/\/www.diarioimagen.net\/?p=655951","title":{"rendered":"Detienen   tres polic\u00edas de Tulum por el delito de secuestro expr\u00e9s"},"content":{"rendered":"<p><strong>Operativo de la Fiscal\u00eda de Quintana Roo y la SSP<\/strong><\/p>\n<p>&nbsp;<\/p>\n<p><strong>\u00a0<\/strong><\/p>\n<ul>\n<li><strong>La FGE inform\u00f3 que los detenidos son Carmen \u201cN\u201d, Gustavo Isabel \u201cN\u201d y Celiano Gerardo \u201cN\u201d<\/strong><\/li>\n<\/ul>\n<p><img loading=\"lazy\" decoding=\"async\" class=\"alignnone size-large wp-image-655957\" src=\"https:\/\/www.diarioimagen.net\/wp-content\/uploads\/2025\/02\/PJCDMX2-1-460x258.jpg\" alt=\"\" width=\"460\" height=\"258\" srcset=\"https:\/\/www.diarioimagen.net\/wp-content\/uploads\/2025\/02\/PJCDMX2-1-460x258.jpg 460w, https:\/\/www.diarioimagen.net\/wp-content\/uploads\/2025\/02\/PJCDMX2-1-240x135.jpg 240w, https:\/\/www.diarioimagen.net\/wp-content\/uploads\/2025\/02\/PJCDMX2-1-768x431.jpg 768w, https:\/\/www.diarioimagen.net\/wp-content\/uploads\/2025\/02\/PJCDMX2-1-480x270.jpg 480w, https:\/\/www.diarioimagen.net\/wp-content\/uploads\/2025\/02\/PJCDMX2-1-235x132.jpg 235w, https:\/\/www.diarioimagen.net\/wp-content\/uploads\/2025\/02\/PJCDMX2-1-202x114.jpg 202w, https:\/\/www.diarioimagen.net\/wp-content\/uploads\/2025\/02\/PJCDMX2-1-350x196.jpg 350w, https:\/\/www.diarioimagen.net\/wp-content\/uploads\/2025\/02\/PJCDMX2-1-220x123.jpg 220w, https:\/\/www.diarioimagen.net\/wp-content\/uploads\/2025\/02\/PJCDMX2-1-237x132.jpg 237w, https:\/\/www.diarioimagen.net\/wp-content\/uploads\/2025\/02\/PJCDMX2-1.jpg 1333w\" sizes=\"auto, (max-width: 460px) 100vw, 460px\" \/><\/p>\n<p>Tulum.- Por su presunta relaci\u00f3n en hechos probablemente constitutivos del delito de secuestro expr\u00e9s, en agravio de una v\u00edctima de identidad reservada, personal de la Fiscal\u00eda General del Estado, en colaboraci\u00f3n con la Secretar\u00eda de Seguridad P\u00fablica de Tulum, cumpliment\u00f3 orden de aprehensi\u00f3n para tres polic\u00edas pertenecientes a la agrupaci\u00f3n municipal mencionada.<\/p>\n<p>&nbsp;<\/p>\n<p>Los ahora detenidos son identificados como Carmen \u201cN\u201d, Gustavo Isabel \u201cN\u201d y Celiano Gerardo \u201cN\u201d; los sucesos por los que son se\u00f1alados ocurrieron cuando le marcaron el alto a la v\u00edctima, por conducir su autom\u00f3vil particular en sentido contrario.<\/p>\n<p>&nbsp;<\/p>\n<p>Luego de que el conductor se detuvo, lo obligaron a descender del veh\u00edculo, para subirlo a una patrulla, donde lo inmovilizaron y privaron de su libertad, al tiempo que lo intimidaban dici\u00e9ndole que lo encarcelar\u00edan y su autom\u00f3vil ser\u00eda trasladado al corral\u00f3n en caso de negarse a pagarles una fianza.<\/p>\n<p>&nbsp;<\/p>\n<p>Las primeras investigaciones establecen que la v\u00edctima fue golpeada con un arma de fuego y bajo amenazas lo obligaron a desbloquear su celular para hacer una transferencia bancaria a la cuenta de un tercero, por la cantidad de 40 mil pesos.<\/p>\n<p>&nbsp;<\/p>\n<p>En audiencia, el juez calific\u00f3 de Control calific\u00f3 de legal la detenci\u00f3n de estas tres personas y posteriormente la defensa de estos solicit\u00f3 la ampliaci\u00f3n del t\u00e9rmino para la audiencia de vinculaci\u00f3n, la cual tendr\u00e1 lugar el 12 de febrero del a\u00f1o en curso, en tanto que la autoridad judicial les impuso la prisi\u00f3n preventiva justificada.<\/p>\n<p><strong>\u00a0<\/strong><\/p>\n<p>&nbsp;<\/p>\n<p><strong>\u00a0<\/strong><\/p>\n","protected":false},"excerpt":{"rendered":"<p>Operativo de la Fiscal\u00eda de Quintana Roo y la SSP &nbsp; \u00a0 La FGE inform\u00f3 que los detenidos son Carmen \u201cN\u201d, Gustavo Isabel \u201cN\u201d y Celiano Gerardo \u201cN\u201d Tulum.- Por su presunta relaci\u00f3n en hechos probablemente constitutivos del delito de secuestro expr\u00e9s, en agravio de una v\u00edctima de identidad reservada, personal de la Fiscal\u00eda General [&hellip;]<\/p>\n","protected":false},"author":14,"featured_media":655957,"comment_status":"open","ping_status":"open","sticky":false,"template":"","format":"standard","meta":{"_monsterinsights_skip_tracking":false,"_monsterinsights_sitenote_active":false,"_monsterinsights_sitenote_note":"","_monsterinsights_sitenote_category":0,"footnotes":""},"categories":[101305],"tags":[],"class_list":["post-655951","post","type-post","status-publish","format-standard","has-post-thumbnail","hentry","category-quintana-roo"],"_links":{"self":[{"href":"https:\/\/www.diarioimagen.net\/index.php?rest_route=\/wp\/v2\/posts\/655951","targetHints":{"allow":["GET"]}}],"collection":[{"href":"https:\/\/www.diarioimagen.net\/index.php?rest_route=\/wp\/v2\/posts"}],"about":[{"href":"https:\/\/www.diarioimagen.net\/index.php?rest_route=\/wp\/v2\/types\/post"}],"author":[{"embeddable":true,"href":"https:\/\/www.diarioimagen.net\/index.php?rest_route=\/wp\/v2\/users\/14"}],"replies":[{"embeddable":true,"href":"https:\/\/www.diarioimagen.net\/index.php?rest_route=%2Fwp%2Fv2%2Fcomments&post=655951"}],"version-history":[{"count":2,"href":"https:\/\/www.diarioimagen.net\/index.php?rest_route=\/wp\/v2\/posts\/655951\/revisions"}],"predecessor-version":[{"id":655958,"href":"https:\/\/www.diarioimagen.net\/index.php?rest_route=\/wp\/v2\/posts\/655951\/revisions\/655958"}],"wp:featuredmedia":[{"embeddable":true,"href":"https:\/\/www.diarioimagen.net\/index.php?rest_route=\/wp\/v2\/media\/655957"}],"wp:attachment":[{"href":"https:\/\/www.diarioimagen.net\/index.php?rest_route=%2Fwp%2Fv2%2Fmedia&parent=655951"}],"wp:term":[{"taxonomy":"category","embeddable":true,"href":"https:\/\/www.diarioimagen.net\/index.php?rest_route=%2Fwp%2Fv2%2Fcategories&post=655951"},{"taxonomy":"post_tag","embeddable":true,"href":"https:\/\/www.diarioimagen.net\/index.php?rest_route=%2Fwp%2Fv2%2Ftags&post=655951"}],"curies":[{"name":"wp","href":"https:\/\/api.w.org\/{rel}","templated":true}]}}