{"id":656131,"date":"2025-02-13T00:00:29","date_gmt":"2025-02-13T06:00:29","guid":{"rendered":"https:\/\/www.diarioimagen.net\/?p=656131"},"modified":"2025-02-12T18:49:36","modified_gmt":"2025-02-13T00:49:36","slug":"amplia-movilia-modulos-de-certificacion-para-motociclistas","status":"publish","type":"post","link":"https:\/\/www.diarioimagen.net\/?p=656131","title":{"rendered":"Ampl\u00eda Movilia m\u00f3dulos de  certificaci\u00f3n para motociclistas"},"content":{"rendered":"<p>Abre sede en Nezahualc\u00f3yotl<\/p>\n<p>&nbsp;<\/p>\n<p>&nbsp;<\/p>\n<p>&nbsp;<\/p>\n<p>&nbsp;<\/p>\n<ul>\n<li>requisito para tramitar y renovar la licencia de conducir para los bikers<\/li>\n<\/ul>\n<p>&nbsp;<\/p>\n<div id=\"attachment_656132\" style=\"width: 438px\" class=\"wp-caption alignnone\"><img loading=\"lazy\" decoding=\"async\" aria-describedby=\"caption-attachment-656132\" class=\"size-large wp-image-656132\" src=\"https:\/\/www.diarioimagen.net\/wp-content\/uploads\/2025\/02\/MOTOS-428x270.jpg\" alt=\"\" width=\"428\" height=\"270\" srcset=\"https:\/\/www.diarioimagen.net\/wp-content\/uploads\/2025\/02\/MOTOS-428x270.jpg 428w, https:\/\/www.diarioimagen.net\/wp-content\/uploads\/2025\/02\/MOTOS-240x151.jpg 240w, https:\/\/www.diarioimagen.net\/wp-content\/uploads\/2025\/02\/MOTOS-768x485.jpg 768w, https:\/\/www.diarioimagen.net\/wp-content\/uploads\/2025\/02\/MOTOS.jpg 1345w\" sizes=\"auto, (max-width: 428px) 100vw, 428px\" \/><p id=\"caption-attachment-656132\" class=\"wp-caption-text\">Este viernes iniciar\u00e1 operaciones el nuevo m\u00f3dulo de certificaci\u00f3n para motociclistas que estar\u00e1 ubicado en el municipio de Nezahualc\u00f3yotl.<\/p><\/div>\n<p>Nezahualc\u00f3yotl, Estado de M\u00e9xico. \u2013 A partir del 14 de febrero iniciar\u00e1 operaciones el nuevo m\u00f3dulo de certificaci\u00f3n para motociclistas, estar\u00e1 ubicado en el municipio de Nezahualc\u00f3yotl, anunci\u00f3 la Secretar\u00eda de Movilidad del Estado de M\u00e9xico (Semov), que dirige Daniel Sibaja Gonz\u00e1lez.<\/p>\n<p>&nbsp;<\/p>\n<p>&nbsp;<\/p>\n<p>&nbsp;<\/p>\n<p>El centro de atenci\u00f3n de la Semov estar\u00e1 en el estacionamiento del Estadio Neza 86, ubicado en la Avenida General L\u00e1zaro C\u00e1rdenas, Colonia Rey Neza (https:\/\/maps.app.goo.gl\/gHtj5HBkuJckxAAj6).<\/p>\n<p>&nbsp;<\/p>\n<p>&nbsp;<\/p>\n<p>&nbsp;<\/p>\n<p>Dar\u00e1 atenci\u00f3n de 9:00 a 18:00 horas, de lunes a viernes, y los s\u00e1bados de 9:00 a 15:00 horas. Los interesados pueden agendar una cita en el sitio web de la Semov https:\/\/smovilidad.edomex.gob.mx\/.<\/p>\n<p>&nbsp;<\/p>\n<p>&nbsp;<\/p>\n<p>&nbsp;<\/p>\n<p>Alejandro Palacios Estrada, Director de Registro de Licencias y Operadores de la Semov, record\u00f3 que este centro se suma a los otros dos m\u00f3dulos de certificaci\u00f3n para motociclistas que ya brindan servicio en el Estado de M\u00e9xico.<\/p>\n<p>&nbsp;<\/p>\n<p>&nbsp;<\/p>\n<p>&nbsp;<\/p>\n<p>El primero, se encuentra en el estacionamiento del centro comercial Plaza Arco Norte, municipio de Cuautitl\u00e1n Izcalli; el segundo, en Privada de La Besana S\/N, en el Barrio de Esp\u00edritu Santo, en Metepec.<\/p>\n<p>&nbsp;<\/p>\n<p>&nbsp;<\/p>\n<p>&nbsp;<\/p>\n<p>Al respecto, indic\u00f3 que se tiene contemplado abrir m\u00e1s m\u00f3dulos conforme se vaya incrementando el n\u00famero de solicitudes, con el fin de que sean los propios usuarios quienes determinen los municipios donde instalar los centros de certificaci\u00f3n.<\/p>\n<p>&nbsp;<\/p>\n<p>&nbsp;<\/p>\n<p>&nbsp;<\/p>\n<p>La certificaci\u00f3n la realiza una empresa avalada por el Consejo Nacional de Normalizaci\u00f3n y Certificaci\u00f3n de Competencias Laborales (Conocer) de la Secretar\u00eda de Educaci\u00f3n P\u00fablica (SEP), tiene un costo de 460 pesos.<\/p>\n<p>&nbsp;<\/p>\n<p>&nbsp;<\/p>\n<p>&nbsp;<\/p>\n<p>Desde el 7 de enero pasado, este es un requisito para poder tramitar y renovar la licencia de conducir para motociclista, cuyo costo depender\u00e1 de los a\u00f1os que el usuario desee obtener.<\/p>\n<p>&nbsp;<\/p>\n<p>&nbsp;<\/p>\n<p>&nbsp;<\/p>\n<p>Mencion\u00f3 que la certificaci\u00f3n se realiza en 40 minutos, y consta de tres etapas: ejercicios de desempe\u00f1o y habilidades de manejo en un circuito controlado; conocimientos generales de los reglamentos; y un temario de los componentes de la motocicleta.<\/p>\n<p>&nbsp;<\/p>\n<p>&nbsp;<\/p>\n","protected":false},"excerpt":{"rendered":"<p>Abre sede en Nezahualc\u00f3yotl &nbsp; &nbsp; &nbsp; &nbsp; requisito para tramitar y renovar la licencia de conducir para los bikers &nbsp; Nezahualc\u00f3yotl, Estado de M\u00e9xico. \u2013 A partir del 14 de febrero iniciar\u00e1 operaciones el nuevo m\u00f3dulo de certificaci\u00f3n para motociclistas, estar\u00e1 ubicado en el municipio de Nezahualc\u00f3yotl, anunci\u00f3 la Secretar\u00eda de Movilidad del Estado [&hellip;]<\/p>\n","protected":false},"author":14,"featured_media":656132,"comment_status":"open","ping_status":"open","sticky":false,"template":"","format":"standard","meta":{"_monsterinsights_skip_tracking":false,"_monsterinsights_sitenote_active":false,"_monsterinsights_sitenote_note":"","_monsterinsights_sitenote_category":0,"footnotes":""},"categories":[99730],"tags":[],"class_list":["post-656131","post","type-post","status-publish","format-standard","has-post-thumbnail","hentry","category-edomex"],"_links":{"self":[{"href":"https:\/\/www.diarioimagen.net\/index.php?rest_route=\/wp\/v2\/posts\/656131","targetHints":{"allow":["GET"]}}],"collection":[{"href":"https:\/\/www.diarioimagen.net\/index.php?rest_route=\/wp\/v2\/posts"}],"about":[{"href":"https:\/\/www.diarioimagen.net\/index.php?rest_route=\/wp\/v2\/types\/post"}],"author":[{"embeddable":true,"href":"https:\/\/www.diarioimagen.net\/index.php?rest_route=\/wp\/v2\/users\/14"}],"replies":[{"embeddable":true,"href":"https:\/\/www.diarioimagen.net\/index.php?rest_route=%2Fwp%2Fv2%2Fcomments&post=656131"}],"version-history":[{"count":1,"href":"https:\/\/www.diarioimagen.net\/index.php?rest_route=\/wp\/v2\/posts\/656131\/revisions"}],"predecessor-version":[{"id":656133,"href":"https:\/\/www.diarioimagen.net\/index.php?rest_route=\/wp\/v2\/posts\/656131\/revisions\/656133"}],"wp:featuredmedia":[{"embeddable":true,"href":"https:\/\/www.diarioimagen.net\/index.php?rest_route=\/wp\/v2\/media\/656132"}],"wp:attachment":[{"href":"https:\/\/www.diarioimagen.net\/index.php?rest_route=%2Fwp%2Fv2%2Fmedia&parent=656131"}],"wp:term":[{"taxonomy":"category","embeddable":true,"href":"https:\/\/www.diarioimagen.net\/index.php?rest_route=%2Fwp%2Fv2%2Fcategories&post=656131"},{"taxonomy":"post_tag","embeddable":true,"href":"https:\/\/www.diarioimagen.net\/index.php?rest_route=%2Fwp%2Fv2%2Ftags&post=656131"}],"curies":[{"name":"wp","href":"https:\/\/api.w.org\/{rel}","templated":true}]}}