{"id":658366,"date":"2025-03-04T00:00:41","date_gmt":"2025-03-04T06:00:41","guid":{"rendered":"https:\/\/www.diarioimagen.net\/?p=658366"},"modified":"2025-03-03T20:16:04","modified_gmt":"2025-03-04T02:16:04","slug":"claudia-sheinbaum-celebra-cifra-historica-de-22-4-millones-de-empleos","status":"publish","type":"post","link":"https:\/\/www.diarioimagen.net\/?p=658366","title":{"rendered":"Claudia Sheinbaum celebra cifra  hist\u00f3rica de 22.4 millones de empleos"},"content":{"rendered":"<ul>\n<li><strong>Afiliaciones al IMSS al 28 de febrero<\/strong><\/li>\n<li><strong>\u00a0<\/strong><strong>Las mujeres ocupan 9 millones 37 mil 569 de los puestos de trabajo, lo que representa el 40%<\/strong><\/li>\n<\/ul>\n<p>&nbsp;<\/p>\n<div id=\"attachment_658367\" style=\"width: 415px\" class=\"wp-caption alignnone\"><img loading=\"lazy\" decoding=\"async\" aria-describedby=\"caption-attachment-658367\" class=\"wp-image-658367 size-large\" src=\"https:\/\/www.diarioimagen.net\/wp-content\/uploads\/2025\/03\/MANANERA-1-405x270.jpeg\" alt=\"\" width=\"405\" height=\"270\" srcset=\"https:\/\/www.diarioimagen.net\/wp-content\/uploads\/2025\/03\/MANANERA-1-405x270.jpeg 405w, https:\/\/www.diarioimagen.net\/wp-content\/uploads\/2025\/03\/MANANERA-1-240x160.jpeg 240w, https:\/\/www.diarioimagen.net\/wp-content\/uploads\/2025\/03\/MANANERA-1-768x512.jpeg 768w, https:\/\/www.diarioimagen.net\/wp-content\/uploads\/2025\/03\/MANANERA-1.jpeg 1500w\" sizes=\"auto, (max-width: 405px) 100vw, 405px\" \/><p id=\"caption-attachment-658367\" class=\"wp-caption-text\">El director general del IMSS, Zo\u00e9 Robledo, asegur\u00f3 que los 22 millones 430 mil 931 puestos de trabajo afiliados al IMSS al 28 de febrero de 2025, es la cifra m\u00e1s alta de la que se tenga registro para un mes de febrero.<\/p><\/div>\n<p>La Presidenta Claudia Sheinbaum Pardo destac\u00f3 que al 28 de febrero se tiene un registro hist\u00f3rico de 22 millones 430 mil 931 puestos de trabajo afiliados ante el Instituto Mexicano del Seguro Social (IMSS).<\/p>\n<p>&nbsp;<\/p>\n<p>\u201cNo solo es la cifra m\u00e1xima para un mes de febrero, sino es la cifra hist\u00f3rica de empleos en el pa\u00eds\u201d, destac\u00f3 durante la conferencia matutina: \u201cLas ma\u00f1aneras del pueblo\u201d.<\/p>\n<p>&nbsp;<\/p>\n<p>Asimismo, puntualiz\u00f3 que hoy M\u00e9xico tiene un salario medio hist\u00f3rico, y que existe una gran fortaleza econ\u00f3mica en el pa\u00eds.<\/p>\n<p>&nbsp;<\/p>\n<p>\u201cUn dato hist\u00f3rico de empleo, un dato hist\u00f3rico de salario medio en nuestro pa\u00eds. Al mismo tiempo que hay fortaleza econ\u00f3mica, hay un plan, que es el Plan M\u00e9xico, que estamos desarrollando\u201d, agreg\u00f3.<\/p>\n<p>&nbsp;<\/p>\n<p>Adem\u00e1s, puntualiz\u00f3, que en el Segundo Piso de la Cuarta Transformaci\u00f3n los Programas para el Bienestar se han fortalecido, ya que ahora son derechos constitucionales; y han aumentado con la creaci\u00f3n de tres nuevos apoyos: la Pensi\u00f3n Mujeres Bienestar; la beca universal \u201cRita Cetina Guti\u00e9rrez\u201d; y el Salud Casa por Casa.<\/p>\n<p>&nbsp;<\/p>\n<p><strong>Es la cifra m\u00e1s alta de la que se tenga registro para un febrero<\/strong><\/p>\n<p>&nbsp;<\/p>\n<p>Por su parte, el director general del IMSS, Zo\u00e9 Robledo, asegur\u00f3 que los 22 millones 430 mil 931 puestos de trabajo afiliados al IMSS al 28 de febrero de 2025, es la cifra m\u00e1s alta de la que se tenga registro para un mes de febrero, de los que el 86.8 por ciento son permanentes, es decir 19 millones 461 mil 202 empleos y s\u00f3lo 2 millones 969 mil 729 son eventuales.<\/p>\n<p>&nbsp;<\/p>\n<p>A\u00f1adi\u00f3 que, de los m\u00e1s de 22 millones de empleos, 9 millones 37 mil 569 son puestos de trabajo ocupados por mujeres, lo que representa el 40 por ciento de la planta productiva del pa\u00eds.<\/p>\n<p>&nbsp;<\/p>\n<p>Precis\u00f3 que en febrero de 2025 se crearon 119 mil 385 nuevos puestos y en lo que va del a\u00f1o se han creado 192 mil 552 nuevos empleos, una tasa del 0.9 por ciento de crecimiento entre los meses de enero y febrero, de los cuales 54.2 por ciento son permanentes.<\/p>\n<p>&nbsp;<\/p>\n<p>En el periodo que comprende de febrero del 2024 a febrero 2025 se han creado 141 mil 121 empleos, una tasa del 0.6 por ciento de crecimiento, de estos 187 mil est\u00e1n vinculados solamente a mujeres.<\/p>\n<p>&nbsp;<\/p>\n<p>Inform\u00f3 que el salario base de cotizaci\u00f3n, que es es salario promedio que gana un trabajador o trabajadora registrado ante el Seguro Social, es 619.6 pesos diarios, el cual es el m\u00e1s alto del que se tenga registro, esto gracias a la pol\u00edtica de incremento al salario m\u00ednimo, por lo que en los \u00faltimos 12 meses el salario increment\u00f3 en 43 pesos diarios, esto representa un crecimiento del 7.5 por ciento.<\/p>\n<p>&nbsp;<\/p>\n<p>\u201cDurante muchos a\u00f1os se creaba empleo, pero era empleo precario, mal pagado y dem\u00e1s (&#8230;) El salario base de cotizaci\u00f3n en 2018 era de 352 pesos; hoy es de 619 pesos el salario base de cotizaci\u00f3n diario para las personas registradas en el IMSS\u201d, destac\u00f3.<\/p>\n<p>&nbsp;<\/p>\n<p>Tambi\u00e9n resalt\u00f3 que, al 28 de febrero, se sumaron 303 mil 371 trabajadores y trabajadoras independientes al IMSS de manera voluntaria, quienes tienen la cobertura de los cinco seguros que ofrece esta instituci\u00f3n.<\/p>\n<p>&nbsp;<\/p>\n<p>A\u00f1adi\u00f3 que al cierre de enero de este a\u00f1o, 5.3 millones de trabajadores reciben su Reporte Personalizado de Cotizaci\u00f3n al IMSS, lo cual permite tener una fiscalizaci\u00f3n sobre las afiliaciones al Instituto Mexicano del Seguro Social.<\/p>\n<p>&nbsp;<\/p>\n<p>\u201cEsto les permite y nos permite tambi\u00e9n en el IMSS a tener en cada trabajador un agente de fiscalizaci\u00f3n que permite saber si un empleador est\u00e1 registrando con un salario menor al que corresponde o por d\u00edas menores a los que debe de ser. Y de esa manera se vinculan inmediatamente a los mecanismos de queja o de verificaci\u00f3n que nos permite a nosotros hacer estas acciones de fiscalizaci\u00f3n\u201d, inform\u00f3.<\/p>\n<p>&nbsp;<\/p>\n<p><strong>Ante inminente aplicaci\u00f3n de aranceles, <\/strong><strong>temple, serenidad y paciencia, pide CSP<\/strong><\/p>\n<p>&nbsp;<\/p>\n<p>Pese a que el gobierno de Donald Trump asegur\u00f3 este lunes que las tarifas en contra de las importaciones contra M\u00e9xico y Canad\u00e1 siguen en pie para este 4 de marzo, la presidenta Claudia Sheinbaum Pardo dijo que ante la posible entrada en vigor de aranceles del 25 por ciento a productos mexicanos se debe tener serenidad y paciencia, adem\u00e1s que hasta hay plan \u201cD\u201d.<\/p>\n<p>A un d\u00eda de cumplirse el plazo para la entrada de aranceles, tras los acuerdos que logr\u00f3 con el presidente estadounidense, la maandataria mexicana pidi\u00f3 esperar porque \u201ctodo es posible\u201d.<\/p>\n<p>\u201cSerenidad y paciencia mi querido Sol\u00edn, dir\u00eda Kaliman\u201d, expres\u00f3 Sheinbaum Pardo en su conferencia ma\u00f1anera de este lunes en Palacio Nacional, y no descart\u00f3 un contacto con Donald Trump, antes del 4 de marzo.<\/p>\n<p>Asegur\u00f3 la titular del Ejecutivo federal que hay comunicaci\u00f3n permanente con funcionarios estadounidenses de Seguridad y Comercio.<\/p>\n<p>\u201cEn esto hay que tener temple, serenidad y paciencia. Y tenemos plan A, plan B, plan C, Plan D, entonces vamos a esperar el d\u00eda de hoy\u201d, declar\u00f3.<\/p>\n<p>Sheinbaum Pardo llam\u00f3 a no generar incertidumbre y coment\u00f3 que es una decisi\u00f3n que depende del gobierno de Estados Unidos.<\/p>\n<p>\u201c\u00bfDe qui\u00e9n depende el arancel? Del presidente Trump\u201d, reiter\u00f3 la presidenta Sheinbaum, quien destac\u00f3 los trabajos de su gabinete y la unidad que hay entre las personas mexicanas. Asegur\u00f3 adem\u00e1s que la econom\u00eda de M\u00e9xico est\u00e1 fuerte.<\/p>\n<p>La presidenta fue cuestionada de las resultados de las negociaciones para evitar que los impuestos sean aplicables, tras la pausa decretada hace un mes en acuerdo con el Presidente Donald Trump.<\/p>\n<p>En respuesta, reiter\u00f3 que su Gobierno tiene varios planes y espera comunicarse este lunes con su hom\u00f3logo del pa\u00eds vecino del norte.<\/p>\n<p>\u201cLas reuniones en Estados Unidos estuvieron muy bien, hay comunicaci\u00f3n permanente con las distintas \u00e1reas, tanto seguridad como comercio y vamos a esperar que pasa\u201d, dijo.<\/p>\n<p>&nbsp;<\/p>\n<p>&nbsp;<\/p>\n<p>&nbsp;<\/p>\n<p><strong>\u00a0<\/strong><\/p>\n<p><strong>\u00a0<\/strong><\/p>\n<p><strong>\u00a0<\/strong><\/p>\n<p><strong>\u00a0<\/strong><\/p>\n","protected":false},"excerpt":{"rendered":"<p>Afiliaciones al IMSS al 28 de febrero \u00a0Las mujeres ocupan 9 millones 37 mil 569 de los puestos de trabajo, lo que representa el 40% &nbsp; La Presidenta Claudia Sheinbaum Pardo destac\u00f3 que al 28 de febrero se tiene un registro hist\u00f3rico de 22 millones 430 mil 931 puestos de trabajo afiliados ante el Instituto [&hellip;]<\/p>\n","protected":false},"author":14,"featured_media":658367,"comment_status":"open","ping_status":"open","sticky":false,"template":"","format":"standard","meta":{"_monsterinsights_skip_tracking":false,"_monsterinsights_sitenote_active":false,"_monsterinsights_sitenote_note":"","_monsterinsights_sitenote_category":0,"footnotes":""},"categories":[16,6,3],"tags":[],"class_list":["post-658366","post","type-post","status-publish","format-standard","has-post-thumbnail","hentry","category-destacadas","category-cd-de-mexico","category-nacional"],"_links":{"self":[{"href":"https:\/\/www.diarioimagen.net\/index.php?rest_route=\/wp\/v2\/posts\/658366","targetHints":{"allow":["GET"]}}],"collection":[{"href":"https:\/\/www.diarioimagen.net\/index.php?rest_route=\/wp\/v2\/posts"}],"about":[{"href":"https:\/\/www.diarioimagen.net\/index.php?rest_route=\/wp\/v2\/types\/post"}],"author":[{"embeddable":true,"href":"https:\/\/www.diarioimagen.net\/index.php?rest_route=\/wp\/v2\/users\/14"}],"replies":[{"embeddable":true,"href":"https:\/\/www.diarioimagen.net\/index.php?rest_route=%2Fwp%2Fv2%2Fcomments&post=658366"}],"version-history":[{"count":1,"href":"https:\/\/www.diarioimagen.net\/index.php?rest_route=\/wp\/v2\/posts\/658366\/revisions"}],"predecessor-version":[{"id":658368,"href":"https:\/\/www.diarioimagen.net\/index.php?rest_route=\/wp\/v2\/posts\/658366\/revisions\/658368"}],"wp:featuredmedia":[{"embeddable":true,"href":"https:\/\/www.diarioimagen.net\/index.php?rest_route=\/wp\/v2\/media\/658367"}],"wp:attachment":[{"href":"https:\/\/www.diarioimagen.net\/index.php?rest_route=%2Fwp%2Fv2%2Fmedia&parent=658366"}],"wp:term":[{"taxonomy":"category","embeddable":true,"href":"https:\/\/www.diarioimagen.net\/index.php?rest_route=%2Fwp%2Fv2%2Fcategories&post=658366"},{"taxonomy":"post_tag","embeddable":true,"href":"https:\/\/www.diarioimagen.net\/index.php?rest_route=%2Fwp%2Fv2%2Ftags&post=658366"}],"curies":[{"name":"wp","href":"https:\/\/api.w.org\/{rel}","templated":true}]}}