{"id":658665,"date":"2025-03-06T00:00:23","date_gmt":"2025-03-06T06:00:23","guid":{"rendered":"https:\/\/www.diarioimagen.net\/?p=658665"},"modified":"2025-03-05T20:02:38","modified_gmt":"2025-03-06T02:02:38","slug":"llamado-del-alcalde-isaac-montoya-marquez-a-cerrar-filas-a-favor-de-migrantes-mexicanos","status":"publish","type":"post","link":"https:\/\/www.diarioimagen.net\/?p=658665","title":{"rendered":"Llamado del alcalde Isaac Montoya M\u00e1rquez  a cerrar filas a favor de migrantes mexicanos"},"content":{"rendered":"<ul>\n<li><strong>A trav\u00e9s de la estrategia \u201cM\u00e9xico te Abraza\u201d<\/strong><\/li>\n<\/ul>\n<p>&nbsp;<\/p>\n<div id=\"attachment_658666\" style=\"width: 373px\" class=\"wp-caption alignnone\"><img loading=\"lazy\" decoding=\"async\" aria-describedby=\"caption-attachment-658666\" class=\"wp-image-658666 size-large\" src=\"https:\/\/www.diarioimagen.net\/wp-content\/uploads\/2025\/03\/BAENA1-363x270.jpg\" alt=\"\" width=\"363\" height=\"270\" srcset=\"https:\/\/www.diarioimagen.net\/wp-content\/uploads\/2025\/03\/BAENA1-363x270.jpg 363w, https:\/\/www.diarioimagen.net\/wp-content\/uploads\/2025\/03\/BAENA1-240x178.jpg 240w, https:\/\/www.diarioimagen.net\/wp-content\/uploads\/2025\/03\/BAENA1-768x571.jpg 768w, https:\/\/www.diarioimagen.net\/wp-content\/uploads\/2025\/03\/BAENA1.jpg 1118w\" sizes=\"auto, (max-width: 363px) 100vw, 363px\" \/><p id=\"caption-attachment-658666\" class=\"wp-caption-text\">El alcalde Isaac Montoya M\u00e1rquez expres\u00f3 su solidaridad con la presidenta Claudia Sheinbaum Pardo y reiter\u00f3 su compromiso de brindar apoyo y asistencia a migrantes.<\/p><\/div>\n<p>&nbsp;<\/p>\n<p>&nbsp;<\/p>\n<p>Naucalpan, M\u00e9x.- En el marco del cierre de los Foros para la Construcci\u00f3n de la Nueva Ley de Apoyo y Atenci\u00f3n a las Personas Migrantes en el Estado de M\u00e9xico y sus Municipios, el presidente municipal Isaac Montoya M\u00e1rquez expres\u00f3 su solidaridad con la presidenta Claudia Sheinbaum Pardo y reiter\u00f3 su compromiso de brindar apoyo y asistencia a las y los migrantes a trav\u00e9s de la estrategia \u201cM\u00e9xico te Abraza\u201d.<\/p>\n<p>&nbsp;<\/p>\n<p>Ante representantes de diversos municipios y legisladores, el alcalde de Naucalpan destac\u00f3 que las pol\u00edticas proteccionistas del presidente de Estados Unidos, Donald Trump, han tra\u00eddo consigo medidas migratorias sumamente estrictas que han estigmatizado y denigrado a las y los migrantes, incluyendo la amenaza constante de deportaciones masivas que podr\u00edan afectar a millones de familias tanto en Estados Unidos como en M\u00e9xico.<\/p>\n<p>&nbsp;<\/p>\n<p>Montoya M\u00e1rquez subray\u00f3 que en Naucalpan existe el firme compromiso de implementar pol\u00edticas p\u00fablicas que favorezcan la integraci\u00f3n social, econ\u00f3mica y cultural de las familias migrantes. Reconoci\u00f3 las importantes contribuciones de este sector y enfatiz\u00f3 la necesidad de garantizar su desarrollo en condiciones dignas y pr\u00f3speras, asegurando su acceso a servicios esenciales como empleo, educaci\u00f3n y salud.<\/p>\n<p>&nbsp;<\/p>\n<p>El alcalde resalt\u00f3 que estos foros reflejan el compromiso del gobierno municipal con la atenci\u00f3n de los desaf\u00edos que enfrentan las personas migrantes en el municipio, el Estado de M\u00e9xico y el pa\u00eds. En este sentido, su administraci\u00f3n trabaja en coordinaci\u00f3n con los diferentes niveles de gobierno, organizaciones civiles y el sector empresarial para garantizar la asistencia y protecci\u00f3n de este sector de la poblaci\u00f3n, siempre con respeto a su dignidad y derechos humanos.<\/p>\n<p>&nbsp;<\/p>\n<p>Montoya M\u00e1rquez tambi\u00e9n destac\u00f3 que la presidenta Claudia Sheinbaum ha reiterado el compromiso del gobierno de M\u00e9xico de brindar apoyo y asistencia a las y los migrantes mexicanos a trav\u00e9s de la estrategia \u201cM\u00e9xico te Abraza\u201d, un programa integral de acompa\u00f1amiento para connacionales en situaci\u00f3n de deportaci\u00f3n o retorno voluntario. Subray\u00f3 que la mandataria ha dejado claro que defender\u00e1 siempre al pueblo, la soberan\u00eda y la independencia de M\u00e9xico, al tiempo que proteger\u00e1 a los mexicanos que residen en Estados Unidos.<\/p>\n<p>&nbsp;<\/p>\n","protected":false},"excerpt":{"rendered":"<p>A trav\u00e9s de la estrategia \u201cM\u00e9xico te Abraza\u201d &nbsp; &nbsp; &nbsp; Naucalpan, M\u00e9x.- En el marco del cierre de los Foros para la Construcci\u00f3n de la Nueva Ley de Apoyo y Atenci\u00f3n a las Personas Migrantes en el Estado de M\u00e9xico y sus Municipios, el presidente municipal Isaac Montoya M\u00e1rquez expres\u00f3 su solidaridad con la [&hellip;]<\/p>\n","protected":false},"author":14,"featured_media":658666,"comment_status":"open","ping_status":"open","sticky":false,"template":"","format":"standard","meta":{"_monsterinsights_skip_tracking":false,"_monsterinsights_sitenote_active":false,"_monsterinsights_sitenote_note":"","_monsterinsights_sitenote_category":0,"footnotes":""},"categories":[5],"tags":[],"class_list":["post-658665","post","type-post","status-publish","format-standard","has-post-thumbnail","hentry","category-estado-de-mexico"],"_links":{"self":[{"href":"https:\/\/www.diarioimagen.net\/index.php?rest_route=\/wp\/v2\/posts\/658665","targetHints":{"allow":["GET"]}}],"collection":[{"href":"https:\/\/www.diarioimagen.net\/index.php?rest_route=\/wp\/v2\/posts"}],"about":[{"href":"https:\/\/www.diarioimagen.net\/index.php?rest_route=\/wp\/v2\/types\/post"}],"author":[{"embeddable":true,"href":"https:\/\/www.diarioimagen.net\/index.php?rest_route=\/wp\/v2\/users\/14"}],"replies":[{"embeddable":true,"href":"https:\/\/www.diarioimagen.net\/index.php?rest_route=%2Fwp%2Fv2%2Fcomments&post=658665"}],"version-history":[{"count":1,"href":"https:\/\/www.diarioimagen.net\/index.php?rest_route=\/wp\/v2\/posts\/658665\/revisions"}],"predecessor-version":[{"id":658667,"href":"https:\/\/www.diarioimagen.net\/index.php?rest_route=\/wp\/v2\/posts\/658665\/revisions\/658667"}],"wp:featuredmedia":[{"embeddable":true,"href":"https:\/\/www.diarioimagen.net\/index.php?rest_route=\/wp\/v2\/media\/658666"}],"wp:attachment":[{"href":"https:\/\/www.diarioimagen.net\/index.php?rest_route=%2Fwp%2Fv2%2Fmedia&parent=658665"}],"wp:term":[{"taxonomy":"category","embeddable":true,"href":"https:\/\/www.diarioimagen.net\/index.php?rest_route=%2Fwp%2Fv2%2Fcategories&post=658665"},{"taxonomy":"post_tag","embeddable":true,"href":"https:\/\/www.diarioimagen.net\/index.php?rest_route=%2Fwp%2Fv2%2Ftags&post=658665"}],"curies":[{"name":"wp","href":"https:\/\/api.w.org\/{rel}","templated":true}]}}