{"id":658674,"date":"2025-03-06T00:00:39","date_gmt":"2025-03-06T06:00:39","guid":{"rendered":"https:\/\/www.diarioimagen.net\/?p=658674"},"modified":"2025-03-05T20:09:41","modified_gmt":"2025-03-06T02:09:41","slug":"la-prohibicion-al-nepotismo-en-2027-y-no-en-2030-de-la-rosa","status":"publish","type":"post","link":"https:\/\/www.diarioimagen.net\/?p=658674","title":{"rendered":"La prohibici\u00f3n al nepotismo, en 2027 y no en 2030: De la Rosa"},"content":{"rendered":"<p><img loading=\"lazy\" decoding=\"async\" class=\"alignnone wp-image-658675 size-large\" src=\"https:\/\/www.diarioimagen.net\/wp-content\/uploads\/2025\/03\/BAENA-4-2-410x270.jpg\" alt=\"\" width=\"410\" height=\"270\" srcset=\"https:\/\/www.diarioimagen.net\/wp-content\/uploads\/2025\/03\/BAENA-4-2-410x270.jpg 410w, https:\/\/www.diarioimagen.net\/wp-content\/uploads\/2025\/03\/BAENA-4-2-240x158.jpg 240w, https:\/\/www.diarioimagen.net\/wp-content\/uploads\/2025\/03\/BAENA-4-2-768x506.jpg 768w, https:\/\/www.diarioimagen.net\/wp-content\/uploads\/2025\/03\/BAENA-4-2.jpg 1080w\" sizes=\"auto, (max-width: 410px) 100vw, 410px\" \/><\/p>\n<p>Toluca, M\u00e9x.- El diputado federal Juan Hugo de la Rosa present\u00f3\u00a0 ante la Comisi\u00f3n de Puntos Constitucionales una reserva para que la prohibici\u00f3n del nepotismo electoral entre en vigor en los pr\u00f3ximos comicios electorales de 2027, tal y como lo propuso la presidenta Claudia Sheinbaum, y no en 2030, como lo modific\u00f3 en su momento el Senado. En su reserva de propuesta de modificaci\u00f3n, el legislador Juan Hugo de la Rosa refiere que respecto de la prohibici\u00f3n de nepotismo electoral deben ser aplicables a partir de los procesos electorales, tanto federales como locales, a celebrarse en 2027, toda vez que el texto del dictamen mencionaba esa prohibici\u00f3n a partir del 2030.<\/p>\n<p>&nbsp;<\/p>\n<p>&nbsp;<\/p>\n<p>En MORENA estamos convencidos de que esta medida es la correcta y por ello buscaremos el consenso con otros partidos pol\u00edticos para revertir la reforma propuesta por el Senado, a lo cual ya se sumaron voces como las de la diputada Gabriela Jim\u00e9nez y el diputado Alfonso Ram\u00edrez Cu\u00e9llar.<\/p>\n","protected":false},"excerpt":{"rendered":"<p>Toluca, M\u00e9x.- El diputado federal Juan Hugo de la Rosa present\u00f3\u00a0 ante la Comisi\u00f3n de Puntos Constitucionales una reserva para que la prohibici\u00f3n del nepotismo electoral entre en vigor en los pr\u00f3ximos comicios electorales de 2027, tal y como lo propuso la presidenta Claudia Sheinbaum, y no en 2030, como lo modific\u00f3 en su momento [&hellip;]<\/p>\n","protected":false},"author":14,"featured_media":658675,"comment_status":"open","ping_status":"open","sticky":false,"template":"","format":"standard","meta":{"_monsterinsights_skip_tracking":false,"_monsterinsights_sitenote_active":false,"_monsterinsights_sitenote_note":"","_monsterinsights_sitenote_category":0,"footnotes":""},"categories":[5],"tags":[],"class_list":["post-658674","post","type-post","status-publish","format-standard","has-post-thumbnail","hentry","category-estado-de-mexico"],"_links":{"self":[{"href":"https:\/\/www.diarioimagen.net\/index.php?rest_route=\/wp\/v2\/posts\/658674","targetHints":{"allow":["GET"]}}],"collection":[{"href":"https:\/\/www.diarioimagen.net\/index.php?rest_route=\/wp\/v2\/posts"}],"about":[{"href":"https:\/\/www.diarioimagen.net\/index.php?rest_route=\/wp\/v2\/types\/post"}],"author":[{"embeddable":true,"href":"https:\/\/www.diarioimagen.net\/index.php?rest_route=\/wp\/v2\/users\/14"}],"replies":[{"embeddable":true,"href":"https:\/\/www.diarioimagen.net\/index.php?rest_route=%2Fwp%2Fv2%2Fcomments&post=658674"}],"version-history":[{"count":1,"href":"https:\/\/www.diarioimagen.net\/index.php?rest_route=\/wp\/v2\/posts\/658674\/revisions"}],"predecessor-version":[{"id":658676,"href":"https:\/\/www.diarioimagen.net\/index.php?rest_route=\/wp\/v2\/posts\/658674\/revisions\/658676"}],"wp:featuredmedia":[{"embeddable":true,"href":"https:\/\/www.diarioimagen.net\/index.php?rest_route=\/wp\/v2\/media\/658675"}],"wp:attachment":[{"href":"https:\/\/www.diarioimagen.net\/index.php?rest_route=%2Fwp%2Fv2%2Fmedia&parent=658674"}],"wp:term":[{"taxonomy":"category","embeddable":true,"href":"https:\/\/www.diarioimagen.net\/index.php?rest_route=%2Fwp%2Fv2%2Fcategories&post=658674"},{"taxonomy":"post_tag","embeddable":true,"href":"https:\/\/www.diarioimagen.net\/index.php?rest_route=%2Fwp%2Fv2%2Ftags&post=658674"}],"curies":[{"name":"wp","href":"https:\/\/api.w.org\/{rel}","templated":true}]}}