{"id":658682,"date":"2025-03-06T00:00:22","date_gmt":"2025-03-06T06:00:22","guid":{"rendered":"https:\/\/www.diarioimagen.net\/?p=658682"},"modified":"2025-03-05T20:15:33","modified_gmt":"2025-03-06T02:15:33","slug":"se-garantiza-atencion-a-victimas-de-feminicidio-y-desaparicion","status":"publish","type":"post","link":"https:\/\/www.diarioimagen.net\/?p=658682","title":{"rendered":"Se garantiza atenci\u00f3n a v\u00edctimas de feminicidio y desaparici\u00f3n"},"content":{"rendered":"<ul>\n<li><strong>Programas con perspectiva de g\u00e9nero<\/strong><\/li>\n<\/ul>\n<p><strong>\u00a0<\/strong><\/p>\n<div id=\"attachment_658683\" style=\"width: 415px\" class=\"wp-caption alignnone\"><img loading=\"lazy\" decoding=\"async\" aria-describedby=\"caption-attachment-658683\" class=\"wp-image-658683 size-large\" src=\"https:\/\/www.diarioimagen.net\/wp-content\/uploads\/2025\/03\/EDOMEX2-405x270.jpeg\" alt=\"\" width=\"405\" height=\"270\" srcset=\"https:\/\/www.diarioimagen.net\/wp-content\/uploads\/2025\/03\/EDOMEX2-405x270.jpeg 405w, https:\/\/www.diarioimagen.net\/wp-content\/uploads\/2025\/03\/EDOMEX2-240x160.jpeg 240w, https:\/\/www.diarioimagen.net\/wp-content\/uploads\/2025\/03\/EDOMEX2-768x512.jpeg 768w, https:\/\/www.diarioimagen.net\/wp-content\/uploads\/2025\/03\/EDOMEX2.jpeg 1500w\" sizes=\"auto, (max-width: 405px) 100vw, 405px\" \/><p id=\"caption-attachment-658683\" class=\"wp-caption-text\">Los programas sociales del Edomex co. perspectiva de g\u00e9nero reflejan la vocaci\u00f3n de la gobernadora Delfina G\u00f3mez \u00c1lvarez con la protecci\u00f3n y restituci\u00f3n de los derechos de las v\u00edctimas, promoviendo un entorno de justicia, igualdad e inclusi\u00f3n.<\/p><\/div>\n<p>&nbsp;<\/p>\n<p><strong>\u00a0<\/strong><\/p>\n<p>&nbsp;<\/p>\n<p>Toluca, Estado de M\u00e9xico.- Como un avance significativo en la atenci\u00f3n y protecci\u00f3n de las v\u00edctimas y personas ofendidas de violencia de g\u00e9nero, el Gobierno del Estado de M\u00e9xico public\u00f3 las Reglas de Operaci\u00f3n de los Programas con Perspectiva de G\u00e9nero de la Comisi\u00f3n Ejecutiva de Atenci\u00f3n a V\u00edctimas del Estado de M\u00e9xico (CEAVEM), vigentes para el a\u00f1o 2025.<\/p>\n<p>El acuerdo, publicado por la Consejer\u00eda Jur\u00eddica y la Secretar\u00eda de las Mujeres, detalla los requisitos para acceder a los programas, que contemplan apoyo alimentario, compensaciones subsidiarias y asistencia integral para reconstruir sus proyectos de vida.<\/p>\n<p>Mediante \u201cCanasta Alimentaria para V\u00edctimas del Delito de Feminicidio y Desaparici\u00f3n\u201d se otorga un apoyo mensual hasta por 12 meses que brinda acceso a productos de primera necesidad.<\/p>\n<p>Adem\u00e1s, el programa \u201cValentina: Atenci\u00f3n de Ni\u00f1as, Ni\u00f1os y Adolescentes en Situaci\u00f3n de Orfandad por el Delito de Feminicidio y Desaparici\u00f3n\u201d cuenta con un apoyo mensual para el desarrollo integral de ni\u00f1as, ni\u00f1os y adolescentes en situaci\u00f3n de orfandad.<\/p>\n<p>En tanto, en \u201cReparaci\u00f3n a V\u00edctimas u Ofendidos del Delito de Feminicidio\u201d se contemplan compensaciones econ\u00f3micas priorizando a menores en orfandad y personas con discapacidad.<\/p>\n<p>Adem\u00e1s, se public\u00f3 el Proyecto de Lineamientos de Operaci\u00f3n del Fondo Estatal de Desaparici\u00f3n (FED) 2025, que establece las disposiciones para la gesti\u00f3n de recursos destinados a la b\u00fasqueda de personas desaparecidas en el Estado de M\u00e9xico.<\/p>\n<p>La Consejer\u00eda Jur\u00eddica y la Secretar\u00eda de las Mujeres ser\u00e1n las responsables de la administraci\u00f3n del fondo, mientras que la Comisi\u00f3n de B\u00fasqueda de Personas (Cobupem) desarrollara las acciones necesarias como la adquisici\u00f3n o arrendamiento de equipo especializado y la contrataci\u00f3n de servicios, garantizando transparencia, eficiencia y rendici\u00f3n de cuentas.<\/p>\n<p>Estas acciones reflejan la vocaci\u00f3n de la Gobernadora Delfina G\u00f3mez \u00c1lvarez con la protecci\u00f3n y restituci\u00f3n de los derechos de las v\u00edctimas, promoviendo un entorno de justicia, igualdad e inclusi\u00f3n.<\/p>\n<p>Se alinean con el Eje Transversal 2. Construcci\u00f3n de la paz y seguridad, del Plan de Desarrollo del Estado de M\u00e9xico 2023-2029, que busca identificar factores de violencia y reparar el tejido social.<\/p>\n<p>La estrategia incluye resolver problemas comunitarios y garantizar el acceso a la justicia para v\u00edctimas de delitos y violencia de g\u00e9nero, asegurando su protecci\u00f3n con servicios de apoyo y protocolos adecuados.<\/p>\n<p>&nbsp;<\/p>\n<p>&nbsp;<\/p>\n<p>&nbsp;<\/p>\n<p>&nbsp;<\/p>\n<p>&nbsp;<\/p>\n<p>&nbsp;<\/p>\n","protected":false},"excerpt":{"rendered":"<p>Programas con perspectiva de g\u00e9nero \u00a0 &nbsp; \u00a0 &nbsp; Toluca, Estado de M\u00e9xico.- Como un avance significativo en la atenci\u00f3n y protecci\u00f3n de las v\u00edctimas y personas ofendidas de violencia de g\u00e9nero, el Gobierno del Estado de M\u00e9xico public\u00f3 las Reglas de Operaci\u00f3n de los Programas con Perspectiva de G\u00e9nero de la Comisi\u00f3n Ejecutiva de [&hellip;]<\/p>\n","protected":false},"author":14,"featured_media":658683,"comment_status":"open","ping_status":"open","sticky":false,"template":"","format":"standard","meta":{"_monsterinsights_skip_tracking":false,"_monsterinsights_sitenote_active":false,"_monsterinsights_sitenote_note":"","_monsterinsights_sitenote_category":0,"footnotes":""},"categories":[5],"tags":[],"class_list":["post-658682","post","type-post","status-publish","format-standard","has-post-thumbnail","hentry","category-estado-de-mexico"],"_links":{"self":[{"href":"https:\/\/www.diarioimagen.net\/index.php?rest_route=\/wp\/v2\/posts\/658682","targetHints":{"allow":["GET"]}}],"collection":[{"href":"https:\/\/www.diarioimagen.net\/index.php?rest_route=\/wp\/v2\/posts"}],"about":[{"href":"https:\/\/www.diarioimagen.net\/index.php?rest_route=\/wp\/v2\/types\/post"}],"author":[{"embeddable":true,"href":"https:\/\/www.diarioimagen.net\/index.php?rest_route=\/wp\/v2\/users\/14"}],"replies":[{"embeddable":true,"href":"https:\/\/www.diarioimagen.net\/index.php?rest_route=%2Fwp%2Fv2%2Fcomments&post=658682"}],"version-history":[{"count":1,"href":"https:\/\/www.diarioimagen.net\/index.php?rest_route=\/wp\/v2\/posts\/658682\/revisions"}],"predecessor-version":[{"id":658684,"href":"https:\/\/www.diarioimagen.net\/index.php?rest_route=\/wp\/v2\/posts\/658682\/revisions\/658684"}],"wp:featuredmedia":[{"embeddable":true,"href":"https:\/\/www.diarioimagen.net\/index.php?rest_route=\/wp\/v2\/media\/658683"}],"wp:attachment":[{"href":"https:\/\/www.diarioimagen.net\/index.php?rest_route=%2Fwp%2Fv2%2Fmedia&parent=658682"}],"wp:term":[{"taxonomy":"category","embeddable":true,"href":"https:\/\/www.diarioimagen.net\/index.php?rest_route=%2Fwp%2Fv2%2Fcategories&post=658682"},{"taxonomy":"post_tag","embeddable":true,"href":"https:\/\/www.diarioimagen.net\/index.php?rest_route=%2Fwp%2Fv2%2Ftags&post=658682"}],"curies":[{"name":"wp","href":"https:\/\/api.w.org\/{rel}","templated":true}]}}