{"id":658814,"date":"2025-03-07T00:00:46","date_gmt":"2025-03-07T06:00:46","guid":{"rendered":"https:\/\/www.diarioimagen.net\/?p=658814"},"modified":"2025-03-06T19:32:49","modified_gmt":"2025-03-07T01:32:49","slug":"el-edomex-es-pieza-clave-del-pais-afirma-la-senadora-mariela-gutierrez","status":"publish","type":"post","link":"https:\/\/www.diarioimagen.net\/?p=658814","title":{"rendered":"\u00a0  El Edomex es pieza clave del pa\u00eds,  afirma la senadora Mariela Guti\u00e9rrez"},"content":{"rendered":"<ul>\n<li><strong>Aniversario de la creaci\u00f3n del estado<\/strong><\/li>\n<\/ul>\n<div id=\"attachment_658815\" style=\"width: 571px\" class=\"wp-caption alignnone\"><img loading=\"lazy\" decoding=\"async\" aria-describedby=\"caption-attachment-658815\" class=\"size-full wp-image-658815\" src=\"https:\/\/www.diarioimagen.net\/wp-content\/uploads\/2025\/03\/BAENA1-1.jpg\" alt=\"\" width=\"561\" height=\"434\" srcset=\"https:\/\/www.diarioimagen.net\/wp-content\/uploads\/2025\/03\/BAENA1-1.jpg 561w, https:\/\/www.diarioimagen.net\/wp-content\/uploads\/2025\/03\/BAENA1-1-240x186.jpg 240w, https:\/\/www.diarioimagen.net\/wp-content\/uploads\/2025\/03\/BAENA1-1-349x270.jpg 349w\" sizes=\"auto, (max-width: 561px) 100vw, 561px\" \/><p id=\"caption-attachment-658815\" class=\"wp-caption-text\">La senadora mexiquense Mariela Guti\u00e9rrez Escalante indic\u00f3 que el Estado de M\u00e9xico se encuentra presente en todos los hechos hist\u00f3ricos a lo largo de la vida de nuestro pa\u00eds.<\/p><\/div>\n<p>Valle de Mexico.- La senadora Mariela Guti\u00e9rrez Escalante record\u00f3 en el Senado de la Rep\u00fablica el 201 Aniversario de la creaci\u00f3n del Estado de M\u00e9xico, entidad m\u00e1s poblada del pa\u00eds con casi 17 millones de habitantes.<\/p>\n<p>&nbsp;<\/p>\n<p>Inscrita en el rubro de efem\u00e9rides, la senadora mexiquense indic\u00f3 que el Estado de M\u00e9xico se encuentra presente en todos los hechos hist\u00f3ricos a lo largo de la vida de nuestro pa\u00eds, lo que habla tambi\u00e9n de su grandeza y riqueza cultural.<\/p>\n<p>&nbsp;<\/p>\n<p>\u201cLa historia de nuestro pa\u00eds no se podr\u00eda entender sin el Estado de M\u00e9xico\u201d, reiter\u00f3 la senadora mexiquense.<\/p>\n<p>&nbsp;<\/p>\n<p>Mariela Gutierrez record\u00f3 que \u201cal convertirnos en Rep\u00fablica en 1822 se conform\u00f3 el primer Congreso Constituyente que tuvo a su cargo, en primer t\u00e9rmino, la redacci\u00f3n del Acta Constitutiva de la Federaci\u00f3n Mexicana\u201d, agreg\u00f3.<\/p>\n<p>&nbsp;<\/p>\n<p>A\u00f1adi\u00f3 que en diciembre de 1823 el Congreso Nacional aprob\u00f3 el art\u00edculo constitutivo en el que se declaraba al Estado de M\u00e9xico como una de las entidades federativas y con fecha 2 de marzo de 1824 se instal\u00f3 en el sal\u00f3n de juntas del Ayuntamiento de la Ciudad de M\u00e9xico la Legislatura Constituyente del Estado de M\u00e9xico.<\/p>\n<p>&nbsp;<\/p>\n<p>&nbsp;<\/p>\n<p>&nbsp;<\/p>\n<p>&nbsp;<\/p>\n<p>&nbsp;<\/p>\n","protected":false},"excerpt":{"rendered":"<p>Aniversario de la creaci\u00f3n del estado Valle de Mexico.- La senadora Mariela Guti\u00e9rrez Escalante record\u00f3 en el Senado de la Rep\u00fablica el 201 Aniversario de la creaci\u00f3n del Estado de M\u00e9xico, entidad m\u00e1s poblada del pa\u00eds con casi 17 millones de habitantes. &nbsp; Inscrita en el rubro de efem\u00e9rides, la senadora mexiquense indic\u00f3 que el [&hellip;]<\/p>\n","protected":false},"author":14,"featured_media":658815,"comment_status":"open","ping_status":"open","sticky":false,"template":"","format":"standard","meta":{"_monsterinsights_skip_tracking":false,"_monsterinsights_sitenote_active":false,"_monsterinsights_sitenote_note":"","_monsterinsights_sitenote_category":0,"footnotes":""},"categories":[5],"tags":[],"class_list":["post-658814","post","type-post","status-publish","format-standard","has-post-thumbnail","hentry","category-estado-de-mexico"],"_links":{"self":[{"href":"https:\/\/www.diarioimagen.net\/index.php?rest_route=\/wp\/v2\/posts\/658814","targetHints":{"allow":["GET"]}}],"collection":[{"href":"https:\/\/www.diarioimagen.net\/index.php?rest_route=\/wp\/v2\/posts"}],"about":[{"href":"https:\/\/www.diarioimagen.net\/index.php?rest_route=\/wp\/v2\/types\/post"}],"author":[{"embeddable":true,"href":"https:\/\/www.diarioimagen.net\/index.php?rest_route=\/wp\/v2\/users\/14"}],"replies":[{"embeddable":true,"href":"https:\/\/www.diarioimagen.net\/index.php?rest_route=%2Fwp%2Fv2%2Fcomments&post=658814"}],"version-history":[{"count":1,"href":"https:\/\/www.diarioimagen.net\/index.php?rest_route=\/wp\/v2\/posts\/658814\/revisions"}],"predecessor-version":[{"id":658816,"href":"https:\/\/www.diarioimagen.net\/index.php?rest_route=\/wp\/v2\/posts\/658814\/revisions\/658816"}],"wp:featuredmedia":[{"embeddable":true,"href":"https:\/\/www.diarioimagen.net\/index.php?rest_route=\/wp\/v2\/media\/658815"}],"wp:attachment":[{"href":"https:\/\/www.diarioimagen.net\/index.php?rest_route=%2Fwp%2Fv2%2Fmedia&parent=658814"}],"wp:term":[{"taxonomy":"category","embeddable":true,"href":"https:\/\/www.diarioimagen.net\/index.php?rest_route=%2Fwp%2Fv2%2Fcategories&post=658814"},{"taxonomy":"post_tag","embeddable":true,"href":"https:\/\/www.diarioimagen.net\/index.php?rest_route=%2Fwp%2Fv2%2Ftags&post=658814"}],"curies":[{"name":"wp","href":"https:\/\/api.w.org\/{rel}","templated":true}]}}