{"id":658820,"date":"2025-03-07T00:00:18","date_gmt":"2025-03-07T06:00:18","guid":{"rendered":"https:\/\/www.diarioimagen.net\/?p=658820"},"modified":"2025-03-06T19:35:24","modified_gmt":"2025-03-07T01:35:24","slug":"crean-en-ecatepec-red-violeta-para-atender-a-mujeres-en-peligro","status":"publish","type":"post","link":"https:\/\/www.diarioimagen.net\/?p=658820","title":{"rendered":"Crean en Ecatepec \u201cRed Violeta\u201d  para atender a mujeres en peligro\u00a0"},"content":{"rendered":"<ul>\n<li><strong>Integrada por 10 mil voluntarias<\/strong><\/li>\n<\/ul>\n<p>&nbsp;<\/p>\n<p>&nbsp;<\/p>\n<div id=\"attachment_658821\" style=\"width: 405px\" class=\"wp-caption alignnone\"><img loading=\"lazy\" decoding=\"async\" aria-describedby=\"caption-attachment-658821\" class=\"wp-image-658821 size-large\" src=\"https:\/\/www.diarioimagen.net\/wp-content\/uploads\/2025\/03\/BAENA3-1-395x270.jpg\" alt=\"\" width=\"395\" height=\"270\" srcset=\"https:\/\/www.diarioimagen.net\/wp-content\/uploads\/2025\/03\/BAENA3-1-395x270.jpg 395w, https:\/\/www.diarioimagen.net\/wp-content\/uploads\/2025\/03\/BAENA3-1-240x164.jpg 240w, https:\/\/www.diarioimagen.net\/wp-content\/uploads\/2025\/03\/BAENA3-1.jpg 735w\" sizes=\"auto, (max-width: 395px) 100vw, 395px\" \/><p id=\"caption-attachment-658821\" class=\"wp-caption-text\">La alcaldesa Azucena Cisneros Coss anunci\u00f3 la \u00abRed Violeta\u00bb, integrada por 10 mil voluntarias que brindar\u00e1n acompa\u00f1amiento a v\u00edctimas de violencia.<\/p><\/div>\n<p>&nbsp;<\/p>\n<p>Ecatepec, M\u00e9x.- \u201cNunca m\u00e1s las mujeres de Ecatepec estar\u00e1n solas\u201d, afirm\u00f3 la alcaldesa Azucena Cisneros Coss, al anunciar la \u00abRed Violeta\u00bb, integrada por 10 mil voluntarias que brindar\u00e1n acompa\u00f1amiento a v\u00edctimas de violencia, y la creaci\u00f3n de una aplicaci\u00f3n digital para asistir en tiempo real a quienes enfrenten situaciones de peligro, entre otras acciones.<\/p>\n<p>&nbsp;<\/p>\n<p>La presidenta municipal anunci\u00f3 tambi\u00e9n el \u201cEcat\u00e1logo\u201d, que es un directorio de instituciones y \u00e1reas de atenci\u00f3n a mujeres, y la realizaci\u00f3n de la \u201cSemana por la Igualdad y Dignidad de las Mujeres de Ecatepec\u201d, que se celebrar\u00e1 con motivo del 8 de Marzo, D\u00eda Internacional de la Mujer, y que contempla conversatorios, pl\u00e1ticas y actividades culturales y art\u00edsticas.<\/p>\n<p>&nbsp;<\/p>\n<p>\u201cAqu\u00ed el pueblo opt\u00f3 por un Gobierno del Cambio con Honestidad, cuya visi\u00f3n est\u00e1 determinada por igualdad de derechos y oportunidades. Lleg\u00f3 el tiempo de las mujeres y no habr\u00e1 m\u00e1s indolencia ni m\u00e1s indiferencia a los temas de las mujeres\u201d, asegur\u00f3.<\/p>\n<p>&nbsp;<\/p>\n<p>Record\u00f3 que por primera vez Ecatepec cuenta con una presidenta municipal y la Gobernadora del Estado de M\u00e9xico y la Presidenta de la Rep\u00fablica son mujeres, lo que es hist\u00f3rico y de gran relevancia.<\/p>\n<p>&nbsp;<\/p>\n<p>Cisneros Coss reconoci\u00f3 que Ecatepec registra altos niveles de violencia intrafamiliar en contra de mujeres, adem\u00e1s de que el municipio enfrenta dos Alertas de G\u00e9nero, por feminicidio y desaparici\u00f3n, por lo que son necesarias medidas urgentes para combatir la situaci\u00f3n.<\/p>\n<p>&nbsp;<\/p>\n<p>Dijo que la Red Violeta ser\u00e1 integrada por \u201c10 mil mujeres l\u00edderes comunitarias que ser\u00e1n nuestros ojos y nuestras manos en el apoyo y acompa\u00f1amiento a las mujeres que est\u00e1n sufriendo violencia de g\u00e9nero\u201d.<\/p>\n<p>&nbsp;<\/p>\n<p>&nbsp;<\/p>\n<p><strong>\u00a0<\/strong><\/p>\n<p>&nbsp;<\/p>\n","protected":false},"excerpt":{"rendered":"<p>Integrada por 10 mil voluntarias &nbsp; &nbsp; &nbsp; Ecatepec, M\u00e9x.- \u201cNunca m\u00e1s las mujeres de Ecatepec estar\u00e1n solas\u201d, afirm\u00f3 la alcaldesa Azucena Cisneros Coss, al anunciar la \u00abRed Violeta\u00bb, integrada por 10 mil voluntarias que brindar\u00e1n acompa\u00f1amiento a v\u00edctimas de violencia, y la creaci\u00f3n de una aplicaci\u00f3n digital para asistir en tiempo real a quienes [&hellip;]<\/p>\n","protected":false},"author":14,"featured_media":658821,"comment_status":"open","ping_status":"open","sticky":false,"template":"","format":"standard","meta":{"_monsterinsights_skip_tracking":false,"_monsterinsights_sitenote_active":false,"_monsterinsights_sitenote_note":"","_monsterinsights_sitenote_category":0,"footnotes":""},"categories":[5],"tags":[],"class_list":["post-658820","post","type-post","status-publish","format-standard","has-post-thumbnail","hentry","category-estado-de-mexico"],"_links":{"self":[{"href":"https:\/\/www.diarioimagen.net\/index.php?rest_route=\/wp\/v2\/posts\/658820","targetHints":{"allow":["GET"]}}],"collection":[{"href":"https:\/\/www.diarioimagen.net\/index.php?rest_route=\/wp\/v2\/posts"}],"about":[{"href":"https:\/\/www.diarioimagen.net\/index.php?rest_route=\/wp\/v2\/types\/post"}],"author":[{"embeddable":true,"href":"https:\/\/www.diarioimagen.net\/index.php?rest_route=\/wp\/v2\/users\/14"}],"replies":[{"embeddable":true,"href":"https:\/\/www.diarioimagen.net\/index.php?rest_route=%2Fwp%2Fv2%2Fcomments&post=658820"}],"version-history":[{"count":1,"href":"https:\/\/www.diarioimagen.net\/index.php?rest_route=\/wp\/v2\/posts\/658820\/revisions"}],"predecessor-version":[{"id":658822,"href":"https:\/\/www.diarioimagen.net\/index.php?rest_route=\/wp\/v2\/posts\/658820\/revisions\/658822"}],"wp:featuredmedia":[{"embeddable":true,"href":"https:\/\/www.diarioimagen.net\/index.php?rest_route=\/wp\/v2\/media\/658821"}],"wp:attachment":[{"href":"https:\/\/www.diarioimagen.net\/index.php?rest_route=%2Fwp%2Fv2%2Fmedia&parent=658820"}],"wp:term":[{"taxonomy":"category","embeddable":true,"href":"https:\/\/www.diarioimagen.net\/index.php?rest_route=%2Fwp%2Fv2%2Fcategories&post=658820"},{"taxonomy":"post_tag","embeddable":true,"href":"https:\/\/www.diarioimagen.net\/index.php?rest_route=%2Fwp%2Fv2%2Ftags&post=658820"}],"curies":[{"name":"wp","href":"https:\/\/api.w.org\/{rel}","templated":true}]}}