{"id":658880,"date":"2025-03-07T00:00:56","date_gmt":"2025-03-07T06:00:56","guid":{"rendered":"https:\/\/www.diarioimagen.net\/?p=658880"},"modified":"2025-03-06T20:08:10","modified_gmt":"2025-03-07T02:08:10","slug":"uaemex-recibio-a-estudiantes-de-movilidad-nacional-e-internacional-para-el-periodo-2025-a","status":"publish","type":"post","link":"https:\/\/www.diarioimagen.net\/?p=658880","title":{"rendered":"UAEM\u00e9x recibi\u00f3 a estudiantes de  movilidad nacional e internacional  para el periodo 2025 A"},"content":{"rendered":"<p>&nbsp;<\/p>\n<p><strong>\u00a0<\/strong><\/p>\n<ul>\n<li><strong>Con un total de 58 alumnos, de los cuales, 43 son provenientes de Argentina, Chile, China, Colombia, Corea del Sur, Espa\u00f1a, Per\u00fa y Uruguay y 15 provienen de las universidades aut\u00f3nomas estatales de Chiapas y Guerrero y de la Nacional Aut\u00f3noma de M\u00e9xico<\/strong><\/li>\n<\/ul>\n<div id=\"attachment_658881\" style=\"width: 401px\" class=\"wp-caption alignnone\"><img loading=\"lazy\" decoding=\"async\" aria-describedby=\"caption-attachment-658881\" class=\"wp-image-658881 size-large\" src=\"https:\/\/www.diarioimagen.net\/wp-content\/uploads\/2025\/03\/UAEM-1-3-391x270.jpg\" alt=\"\" width=\"391\" height=\"270\" srcset=\"https:\/\/www.diarioimagen.net\/wp-content\/uploads\/2025\/03\/UAEM-1-3-391x270.jpg 391w, https:\/\/www.diarioimagen.net\/wp-content\/uploads\/2025\/03\/UAEM-1-3-240x166.jpg 240w, https:\/\/www.diarioimagen.net\/wp-content\/uploads\/2025\/03\/UAEM-1-3-768x531.jpg 768w, https:\/\/www.diarioimagen.net\/wp-content\/uploads\/2025\/03\/UAEM-1-3.jpg 1333w\" sizes=\"auto, (max-width: 391px) 100vw, 391px\" \/><p id=\"caption-attachment-658881\" class=\"wp-caption-text\">La UAEM\u00e9x dio la bienvenida a 58 estudiantes que forman parte del Programa de Movilidad Estudiantil de Estudios Profesionales durante el periodo 2025 A.<\/p><\/div>\n<p>Toluca; M\u00e9x.- Con la finalidad de reforzar las experiencias de aprendizaje acad\u00e9micas y de vida, as\u00ed como de habilidades profesionales del estudiantado de diferentes instituciones de educaci\u00f3n superior del pa\u00eds y el extranjero, la Universidad Aut\u00f3noma del Estado de M\u00e9xico (UAEM\u00e9x) dio la bienvenida a 58 estudiantes que forman parte del Programa de Movilidad Estudiantil de Estudios Profesionales durante el periodo 2025 A.<\/p>\n<p>En representaci\u00f3n del rector de la Aut\u00f3noma mexiquense, Carlos Eduardo Barrera D\u00edaz, el secretario de Docencia, Jos\u00e9 Raymundo Marcial Romero, indic\u00f3 que el programa de movilidad de la UAEM\u00e9x representa una valiosa oportunidad para mostrar al pa\u00eds y al mundo la calidad acad\u00e9mica de la universidad, a trav\u00e9s de la ense\u00f1anza y enriquecimiento de los conocimientos de los estudiantes entrantes, as\u00ed como en favor del plan de desarrollo institucional.<\/p>\n<p>\u201cLa UAEM\u00e9x les brinda las herramientas necesarias para su crecimiento profesional y personal, pero tambi\u00e9n les ofrece un espacio donde adquirir\u00e1n amistades que superar\u00e1n las fronteras y obtendr\u00e1n experiencias que enriquecer\u00e1n su percepci\u00f3n del mundo\u201d, coment\u00f3.<\/p>\n<p>En este sentido, la directora de Apoyo Acad\u00e9mico a Estudiantes, Sandra Morales Hern\u00e1ndez, explic\u00f3 que la movilidad acad\u00e9mica es uno de los pilares fundamentales de universitarias y universitarios, pues permite el intercambio de ideas, conocimientos y perspectivas que enriquecen la vida estudiantil y fortalecen los lazos entre instituciones y entre naciones.<\/p>\n<p>En su oportunidad, la alumna de la Universidad Pedag\u00f3gica y Tecnol\u00f3gica de Colombia, de movilidad internacional en el Centro Universitario UAEM\u00e9x Nezahualc\u00f3yotl, Angie Katerine Ardila Lozano, exhort\u00f3 al alumnado a aprovechar cada interacci\u00f3n y actividad que se les presente para aprender y formarse cr\u00edticamente, pues esta es la oportunidad perfecta para crecer como estudiantes y como personas.<\/p>\n<p>\u201cEleg\u00ed a la UAEM\u00e9x porque adem\u00e1s de su prestigio acad\u00e9mico, tambi\u00e9n ofrece un enfoque integral que garantiza un ambiente seguro, diverso y enriquecedor, tal como lo refleja su reconocimiento como la mejor universidad p\u00fablica estatal de M\u00e9xico\u201d, asegur\u00f3.<\/p>\n<p>La M\u00e1xima Casa de Estudios mexiquense recibi\u00f3 a 43 estudiantes provenientes de Argentina, Chile, China, Colombia, Corea del Sur, Espa\u00f1a, Per\u00fa y Uruguay y a 15 provenientes de las universidades aut\u00f3nomas estatales de Chiapas y Guerrero y de la Nacional Aut\u00f3noma de M\u00e9xico, quienes se desenvolver\u00e1n en 18 espacios acad\u00e9micos y 23 programas educativos.<\/p>\n<p>Al acto asistieron el jefe del Departamento de Apoyo, Promoci\u00f3n y Difusi\u00f3n, Marco Ulises Nogales Aguilar; el alumno de la Universidad Aut\u00f3noma de Guerrero, de movilidad nacional en la Facultad de Medicina Veterinaria y Zootecnia, Benny Gael Galeana Adame, integrantes de la Direcci\u00f3n de Apoyo Acad\u00e9mico a Estudiantes, responsables de movilidad, alumnado participante de movilidad nacional e internacional y comunidad universitaria.<\/p>\n<p>&nbsp;<\/p>\n<p>&nbsp;<\/p>\n<p>&nbsp;<\/p>\n","protected":false},"excerpt":{"rendered":"<p>&nbsp; \u00a0 Con un total de 58 alumnos, de los cuales, 43 son provenientes de Argentina, Chile, China, Colombia, Corea del Sur, Espa\u00f1a, Per\u00fa y Uruguay y 15 provienen de las universidades aut\u00f3nomas estatales de Chiapas y Guerrero y de la Nacional Aut\u00f3noma de M\u00e9xico Toluca; M\u00e9x.- Con la finalidad de reforzar las experiencias de [&hellip;]<\/p>\n","protected":false},"author":14,"featured_media":658881,"comment_status":"open","ping_status":"open","sticky":false,"template":"","format":"standard","meta":{"_monsterinsights_skip_tracking":false,"_monsterinsights_sitenote_active":false,"_monsterinsights_sitenote_note":"","_monsterinsights_sitenote_category":0,"footnotes":""},"categories":[16,5],"tags":[],"class_list":["post-658880","post","type-post","status-publish","format-standard","has-post-thumbnail","hentry","category-destacadas","category-estado-de-mexico"],"_links":{"self":[{"href":"https:\/\/www.diarioimagen.net\/index.php?rest_route=\/wp\/v2\/posts\/658880","targetHints":{"allow":["GET"]}}],"collection":[{"href":"https:\/\/www.diarioimagen.net\/index.php?rest_route=\/wp\/v2\/posts"}],"about":[{"href":"https:\/\/www.diarioimagen.net\/index.php?rest_route=\/wp\/v2\/types\/post"}],"author":[{"embeddable":true,"href":"https:\/\/www.diarioimagen.net\/index.php?rest_route=\/wp\/v2\/users\/14"}],"replies":[{"embeddable":true,"href":"https:\/\/www.diarioimagen.net\/index.php?rest_route=%2Fwp%2Fv2%2Fcomments&post=658880"}],"version-history":[{"count":1,"href":"https:\/\/www.diarioimagen.net\/index.php?rest_route=\/wp\/v2\/posts\/658880\/revisions"}],"predecessor-version":[{"id":658882,"href":"https:\/\/www.diarioimagen.net\/index.php?rest_route=\/wp\/v2\/posts\/658880\/revisions\/658882"}],"wp:featuredmedia":[{"embeddable":true,"href":"https:\/\/www.diarioimagen.net\/index.php?rest_route=\/wp\/v2\/media\/658881"}],"wp:attachment":[{"href":"https:\/\/www.diarioimagen.net\/index.php?rest_route=%2Fwp%2Fv2%2Fmedia&parent=658880"}],"wp:term":[{"taxonomy":"category","embeddable":true,"href":"https:\/\/www.diarioimagen.net\/index.php?rest_route=%2Fwp%2Fv2%2Fcategories&post=658880"},{"taxonomy":"post_tag","embeddable":true,"href":"https:\/\/www.diarioimagen.net\/index.php?rest_route=%2Fwp%2Fv2%2Ftags&post=658880"}],"curies":[{"name":"wp","href":"https:\/\/api.w.org\/{rel}","templated":true}]}}