{"id":658976,"date":"2025-03-10T00:00:22","date_gmt":"2025-03-10T06:00:22","guid":{"rendered":"https:\/\/www.diarioimagen.net\/?p=658976"},"modified":"2025-03-09T20:57:41","modified_gmt":"2025-03-10T02:57:41","slug":"no-a-la-reeleccion-en-cargos-de-eleccion-popular-liliana-carbajal","status":"publish","type":"post","link":"https:\/\/www.diarioimagen.net\/?p=658976","title":{"rendered":"No a la reelecci\u00f3n en cargos de  elecci\u00f3n popular: Liliana Carbajal"},"content":{"rendered":"<ul>\n<li><strong>Ley contra nepotismo abrir\u00e1 espacios para mujeres<\/strong><\/li>\n<\/ul>\n<p><strong>\u00a0<\/strong><\/p>\n<div id=\"attachment_658977\" style=\"width: 252px\" class=\"wp-caption alignnone\"><img loading=\"lazy\" decoding=\"async\" aria-describedby=\"caption-attachment-658977\" class=\"wp-image-658977 size-large\" src=\"https:\/\/www.diarioimagen.net\/wp-content\/uploads\/2025\/03\/BAENA-3-242x270.jpeg\" alt=\"\" width=\"242\" height=\"270\" srcset=\"https:\/\/www.diarioimagen.net\/wp-content\/uploads\/2025\/03\/BAENA-3-242x270.jpeg 242w, https:\/\/www.diarioimagen.net\/wp-content\/uploads\/2025\/03\/BAENA-3-215x240.jpeg 215w, https:\/\/www.diarioimagen.net\/wp-content\/uploads\/2025\/03\/BAENA-3-768x858.jpeg 768w, https:\/\/www.diarioimagen.net\/wp-content\/uploads\/2025\/03\/BAENA-3-1376x1536.jpeg 1376w, https:\/\/www.diarioimagen.net\/wp-content\/uploads\/2025\/03\/BAENA-3.jpeg 1433w\" sizes=\"auto, (max-width: 242px) 100vw, 242px\" \/><p id=\"caption-attachment-658977\" class=\"wp-caption-text\">Liliana Carbajal M\u00e9ndez afirm\u00f3 que el tr\u00e1fico de influencias, amiguismo y ligas de consanguinidad no comulgan con la nueva forma de hacer pol\u00edtica en M\u00e9xico.<\/p><\/div>\n<p>Por Arturo Baena<\/p>\n<p>&nbsp;<\/p>\n<p>Valle de M\u00e9xico.- La reforma constitucional contra la no reelecci\u00f3n y nepotismo aprobada\u00a0\u00a0 por los diputados federales, adem\u00e1s de fortalecer la democracia en el pa\u00eds, tambi\u00e9n abrir\u00e1 mayores espacios para las mujeres que quieran postularse a cargos de elecci\u00f3n popular.<\/p>\n<p>&nbsp;<\/p>\n<p>As\u00ed lo expres\u00f3, la legisladora del PVEM, Liliana Carbajal M\u00e9ndez, luego de afirmar que el tr\u00e1fico de influencias , amiguismo y las ligas de consanguinidad, no comulgan con la nueva forma de hacer pol\u00edtica en M\u00e9xico. Por ello, con 344 votos a favor, 38 en contra y 6 abstenciones, \u201cla reelecci\u00f3n para diputados, senadores, concejales y presidentes municipales, quedar\u00e1 sin efecto en 2030\u201d.<\/p>\n<p>&nbsp;<\/p>\n<p>Adem\u00e1s de no poder reelegirse quien ocupa un cargo de elecci\u00f3n popular, tampoco podr\u00e1n heredar el cargo\u00a0 a personas con una\u00a0 liga directa, como esposas,\u00a0 hermanos, \u201ctendr\u00e1n que esperar tres a\u00f1os para que\u00a0 puedan aspirar a alg\u00fan cargo\u201d, precis\u00f3.<\/p>\n<p>&nbsp;<\/p>\n<p>Carbajal M\u00e9ndez se\u00f1al\u00f3 que con la alternancia que habr\u00e1 en las elecciones pr\u00f3ximas, a trav\u00e9s de la no reelecci\u00f3n, \u201cexistir\u00e1 un incremento considerable de mujeres ciudadanas compitiendo por cargos de elecci\u00f3n popular\u201d, dijo.<\/p>\n<p>&nbsp;<\/p>\n<p>Indic\u00f3 que, actualmente, la participaci\u00f3n de mujeres en la pol\u00edtica ha crecido de manera hist\u00f3rica en la \u00faltima d\u00e9cada, pero, gracias a este dict\u00e1men, la presencia femenina en los procesos electorales del pa\u00eds aumentar\u00e1 de manera importante.<\/p>\n<p>&nbsp;<\/p>\n<p>La diputada federal asegur\u00f3 que por medio del sistema antireelecionista, \u201clas estructuras del poder tradicionales y el clientelismo pol\u00edtico se ver\u00e1n debilitados, abriendo mayores espacios para las mujeres, as\u00ed como nuevas ideas de gobernar o legislar\u201d.<\/p>\n<p>&nbsp;<\/p>\n<p>&nbsp;<\/p>\n","protected":false},"excerpt":{"rendered":"<p>Ley contra nepotismo abrir\u00e1 espacios para mujeres \u00a0 Por Arturo Baena &nbsp; Valle de M\u00e9xico.- La reforma constitucional contra la no reelecci\u00f3n y nepotismo aprobada\u00a0\u00a0 por los diputados federales, adem\u00e1s de fortalecer la democracia en el pa\u00eds, tambi\u00e9n abrir\u00e1 mayores espacios para las mujeres que quieran postularse a cargos de elecci\u00f3n popular. &nbsp; As\u00ed lo [&hellip;]<\/p>\n","protected":false},"author":14,"featured_media":658977,"comment_status":"open","ping_status":"open","sticky":false,"template":"","format":"standard","meta":{"_monsterinsights_skip_tracking":false,"_monsterinsights_sitenote_active":false,"_monsterinsights_sitenote_note":"","_monsterinsights_sitenote_category":0,"footnotes":""},"categories":[5],"tags":[],"class_list":["post-658976","post","type-post","status-publish","format-standard","has-post-thumbnail","hentry","category-estado-de-mexico"],"_links":{"self":[{"href":"https:\/\/www.diarioimagen.net\/index.php?rest_route=\/wp\/v2\/posts\/658976","targetHints":{"allow":["GET"]}}],"collection":[{"href":"https:\/\/www.diarioimagen.net\/index.php?rest_route=\/wp\/v2\/posts"}],"about":[{"href":"https:\/\/www.diarioimagen.net\/index.php?rest_route=\/wp\/v2\/types\/post"}],"author":[{"embeddable":true,"href":"https:\/\/www.diarioimagen.net\/index.php?rest_route=\/wp\/v2\/users\/14"}],"replies":[{"embeddable":true,"href":"https:\/\/www.diarioimagen.net\/index.php?rest_route=%2Fwp%2Fv2%2Fcomments&post=658976"}],"version-history":[{"count":1,"href":"https:\/\/www.diarioimagen.net\/index.php?rest_route=\/wp\/v2\/posts\/658976\/revisions"}],"predecessor-version":[{"id":658978,"href":"https:\/\/www.diarioimagen.net\/index.php?rest_route=\/wp\/v2\/posts\/658976\/revisions\/658978"}],"wp:featuredmedia":[{"embeddable":true,"href":"https:\/\/www.diarioimagen.net\/index.php?rest_route=\/wp\/v2\/media\/658977"}],"wp:attachment":[{"href":"https:\/\/www.diarioimagen.net\/index.php?rest_route=%2Fwp%2Fv2%2Fmedia&parent=658976"}],"wp:term":[{"taxonomy":"category","embeddable":true,"href":"https:\/\/www.diarioimagen.net\/index.php?rest_route=%2Fwp%2Fv2%2Fcategories&post=658976"},{"taxonomy":"post_tag","embeddable":true,"href":"https:\/\/www.diarioimagen.net\/index.php?rest_route=%2Fwp%2Fv2%2Ftags&post=658976"}],"curies":[{"name":"wp","href":"https:\/\/api.w.org\/{rel}","templated":true}]}}