{"id":658979,"date":"2025-03-10T00:00:50","date_gmt":"2025-03-10T06:00:50","guid":{"rendered":"https:\/\/www.diarioimagen.net\/?p=658979"},"modified":"2025-03-09T21:16:35","modified_gmt":"2025-03-10T03:16:35","slug":"inauguran-en-atizapan-centro-de-inteligencia-territorial","status":"publish","type":"post","link":"https:\/\/www.diarioimagen.net\/?p=658979","title":{"rendered":"Inauguran en Atizap\u00e1n Centro de Inteligencia Territorial"},"content":{"rendered":"<p><img loading=\"lazy\" decoding=\"async\" class=\"alignnone size-full wp-image-658980\" src=\"https:\/\/www.diarioimagen.net\/wp-content\/uploads\/2025\/03\/BAENA-4-3.jpg\" alt=\"\" width=\"946\" height=\"564\" srcset=\"https:\/\/www.diarioimagen.net\/wp-content\/uploads\/2025\/03\/BAENA-4-3.jpg 946w, https:\/\/www.diarioimagen.net\/wp-content\/uploads\/2025\/03\/BAENA-4-3-240x143.jpg 240w, https:\/\/www.diarioimagen.net\/wp-content\/uploads\/2025\/03\/BAENA-4-3-453x270.jpg 453w, https:\/\/www.diarioimagen.net\/wp-content\/uploads\/2025\/03\/BAENA-4-3-768x458.jpg 768w\" sizes=\"auto, (max-width: 946px) 100vw, 946px\" \/><\/p>\n<p>&nbsp;<\/p>\n<p>Atizap\u00e1n de Zaragoza, M\u00e9x.- En un evento encabezado por el presidente municipal Pedro Rodr\u00edguez se inaugur\u00f3 el Centro de Inteligencia Territorial (CENIT). A la ceremonia asistieron directores, regidores de la actual administraci\u00f3n, y el maestro Jos\u00e9 Ram\u00f3n Jarquin Rodr\u00edguez, Director de Ordenamiento Territorial y Desarrollo Urbano.\u00a0 El CENIT es una unidad especializada en an\u00e1lisis territorial que utiliza tecnolog\u00eda de vanguardia para recopilar, analizar y representar informaci\u00f3n geogr\u00e1fica, estad\u00edstica y operativa de la ciudad. Su objetivo principal es proporcionar bases s\u00f3lidas para la toma de decisiones informadas y oportunas en la gesti\u00f3n p\u00fablica, mejorando la calidad de vida de los habitantes del municipio.<\/p>\n<p>&nbsp;<\/p>\n<p>&nbsp;<\/p>\n<p>&nbsp;<\/p>\n<p>El presidente municipal, Pedro Rodr\u00edguez Villegas, explic\u00f3 que hace tres a\u00f1os se inici\u00f3 este ambicioso proyecto, y gradualmente se ha adquirido equipo como drones, Inteligencia Artificial (IA), computadoras, que les permitan transparentar las acciones de gobierno, mejorar las posibilidades recaudatorias con la actualizaci\u00f3n del padr\u00f3n catastral, y la actualizaci\u00f3n de licencias.<\/p>\n","protected":false},"excerpt":{"rendered":"<p>&nbsp; Atizap\u00e1n de Zaragoza, M\u00e9x.- En un evento encabezado por el presidente municipal Pedro Rodr\u00edguez se inaugur\u00f3 el Centro de Inteligencia Territorial (CENIT). A la ceremonia asistieron directores, regidores de la actual administraci\u00f3n, y el maestro Jos\u00e9 Ram\u00f3n Jarquin Rodr\u00edguez, Director de Ordenamiento Territorial y Desarrollo Urbano.\u00a0 El CENIT es una unidad especializada en an\u00e1lisis [&hellip;]<\/p>\n","protected":false},"author":14,"featured_media":658980,"comment_status":"open","ping_status":"open","sticky":false,"template":"","format":"standard","meta":{"_monsterinsights_skip_tracking":false,"_monsterinsights_sitenote_active":false,"_monsterinsights_sitenote_note":"","_monsterinsights_sitenote_category":0,"footnotes":""},"categories":[5],"tags":[],"class_list":["post-658979","post","type-post","status-publish","format-standard","has-post-thumbnail","hentry","category-estado-de-mexico"],"_links":{"self":[{"href":"https:\/\/www.diarioimagen.net\/index.php?rest_route=\/wp\/v2\/posts\/658979","targetHints":{"allow":["GET"]}}],"collection":[{"href":"https:\/\/www.diarioimagen.net\/index.php?rest_route=\/wp\/v2\/posts"}],"about":[{"href":"https:\/\/www.diarioimagen.net\/index.php?rest_route=\/wp\/v2\/types\/post"}],"author":[{"embeddable":true,"href":"https:\/\/www.diarioimagen.net\/index.php?rest_route=\/wp\/v2\/users\/14"}],"replies":[{"embeddable":true,"href":"https:\/\/www.diarioimagen.net\/index.php?rest_route=%2Fwp%2Fv2%2Fcomments&post=658979"}],"version-history":[{"count":1,"href":"https:\/\/www.diarioimagen.net\/index.php?rest_route=\/wp\/v2\/posts\/658979\/revisions"}],"predecessor-version":[{"id":658981,"href":"https:\/\/www.diarioimagen.net\/index.php?rest_route=\/wp\/v2\/posts\/658979\/revisions\/658981"}],"wp:featuredmedia":[{"embeddable":true,"href":"https:\/\/www.diarioimagen.net\/index.php?rest_route=\/wp\/v2\/media\/658980"}],"wp:attachment":[{"href":"https:\/\/www.diarioimagen.net\/index.php?rest_route=%2Fwp%2Fv2%2Fmedia&parent=658979"}],"wp:term":[{"taxonomy":"category","embeddable":true,"href":"https:\/\/www.diarioimagen.net\/index.php?rest_route=%2Fwp%2Fv2%2Fcategories&post=658979"},{"taxonomy":"post_tag","embeddable":true,"href":"https:\/\/www.diarioimagen.net\/index.php?rest_route=%2Fwp%2Fv2%2Ftags&post=658979"}],"curies":[{"name":"wp","href":"https:\/\/api.w.org\/{rel}","templated":true}]}}