{"id":658984,"date":"2025-03-10T00:00:25","date_gmt":"2025-03-10T06:00:25","guid":{"rendered":"https:\/\/www.diarioimagen.net\/?p=658984"},"modified":"2025-03-09T21:20:09","modified_gmt":"2025-03-10T03:20:09","slug":"decomiso-historico-de-2-mil-500-dosis-de-cocaina-piedra-cristal-y-marihuana","status":"publish","type":"post","link":"https:\/\/www.diarioimagen.net\/?p=658984","title":{"rendered":"\u00a0  Decomiso hist\u00f3rico de 2 mil 500 dosis  de coca\u00edna, piedra, cristal y marihuana"},"content":{"rendered":"<ul>\n<li><strong>Despliegue de fuerzas federales y estatales en Edomex<\/strong><\/li>\n<li><strong>En estas acciones participan elementos de la Guardia Nacional, Secretar\u00eda de Seguridad estatal, Fiscal\u00eda General de Justicia del Estado de M\u00e9xico y polic\u00eda municipal<\/strong><\/li>\n<\/ul>\n<p>&nbsp;<\/p>\n<p><img loading=\"lazy\" decoding=\"async\" class=\"alignnone wp-image-658985 size-large\" src=\"https:\/\/www.diarioimagen.net\/wp-content\/uploads\/2025\/03\/EDOMEX-1-a-381x270.jpeg\" alt=\"\" width=\"381\" height=\"270\" srcset=\"https:\/\/www.diarioimagen.net\/wp-content\/uploads\/2025\/03\/EDOMEX-1-a-381x270.jpeg 381w, https:\/\/www.diarioimagen.net\/wp-content\/uploads\/2025\/03\/EDOMEX-1-a-240x170.jpeg 240w, https:\/\/www.diarioimagen.net\/wp-content\/uploads\/2025\/03\/EDOMEX-1-a-768x544.jpeg 768w, https:\/\/www.diarioimagen.net\/wp-content\/uploads\/2025\/03\/EDOMEX-1-a-1536x1088.jpeg 1536w, https:\/\/www.diarioimagen.net\/wp-content\/uploads\/2025\/03\/EDOMEX-1-a-90x65.jpeg 90w, https:\/\/www.diarioimagen.net\/wp-content\/uploads\/2025\/03\/EDOMEX-1-a.jpeg 1600w\" sizes=\"auto, (max-width: 381px) 100vw, 381px\" \/><\/p>\n<p>&nbsp;<\/p>\n<p>Toluca, Estado de M\u00e9xico.\u2013 La coordinaci\u00f3n entre las autoridades de seguridad y procuraci\u00f3n de justicia en el Estado de M\u00e9xico, permiti\u00f3 el aseguramiento de dos mil 500 dosis de droga, as\u00ed como equipo de c\u00f3mputo y videovigilancia; junto con la detenci\u00f3n de cinco personas, quienes podr\u00edan enfrentar cargos por delitos contra la salud y disparo de arma de fuego.<\/p>\n<p>&nbsp;<\/p>\n<p>El decomiso se realiz\u00f3 en cuatro acciones diferentes, tres de ellas registradas en el municipio de Naucalpan, una en Nezahualc\u00f3yotl, una m\u00e1s en Ecatepec donde se desplegaron elementos de la Guardia Nacional, Secretar\u00eda de Seguridad estatal, Fiscal\u00eda General de Justicia del Estado de M\u00e9xico y polic\u00eda municipal.<\/p>\n<p>&nbsp;<\/p>\n<p>Los detalles de este operativo exitoso fueron dados a conocer a la gobernadora Delfina G\u00f3mez \u00c1lvarez, durante una sesi\u00f3n de la Mesa de Coordinaci\u00f3n para la Construcci\u00f3n de la Paz.<\/p>\n<p>&nbsp;<\/p>\n<p>El saldo total del aseguramiento fue de 2 mil 500 dosis de narc\u00f3ticos con caracter\u00edsticas propias a la coca\u00edna, piedra, cristal y marihuana; as\u00ed como cinco personas detenidas en flagrancia, mismas que ser\u00e1n ingresadas al Centro Penitenciario y de Reinserci\u00f3n Social respectivo.<\/p>\n<p>&nbsp;<\/p>\n<p>Los se\u00f1alados por delitos contra la salud podr\u00edan ser sentenciados hasta seis a\u00f1os y por disparo de arma de fuego hasta cinco a\u00f1os de prisi\u00f3n.<\/p>\n<p>&nbsp;<\/p>\n<p>Tambi\u00e9n fueron puestos a disposici\u00f3n del Agente del Ministerio P\u00fablico, un veh\u00edculo, un arma de fuego, cuatro c\u00e1maras de vigilancia, equipo de c\u00f3mputo, cuatro rollos de cable DVR-2 y dos cargadores para c\u00e1mara, presuntamente utilizados por c\u00e9lulas delictivas.<\/p>\n<p>&nbsp;<\/p>\n<p>A la sesi\u00f3n 365 asistieron Horacio Duarte Olivares, Secretario General de Gobierno del Estado de M\u00e9xico; Crist\u00f3bal Casta\u00f1eda Camarillo, Secretario de Seguridad estatal; Jos\u00e9 Luis Cervantes Mart\u00ednez, Fiscal General de Justicia del Estado de M\u00e9xico; as\u00ed como representantes de las Secretar\u00edas de la Defensa Nacional, Marina, Guardia Nacional y del Centro Nacional de Inteligencia.<\/p>\n<p>&nbsp;<\/p>\n<p>&nbsp;<\/p>\n<p><strong>\u00a0<\/strong><\/p>\n","protected":false},"excerpt":{"rendered":"<p>Despliegue de fuerzas federales y estatales en Edomex En estas acciones participan elementos de la Guardia Nacional, Secretar\u00eda de Seguridad estatal, Fiscal\u00eda General de Justicia del Estado de M\u00e9xico y polic\u00eda municipal &nbsp; &nbsp; Toluca, Estado de M\u00e9xico.\u2013 La coordinaci\u00f3n entre las autoridades de seguridad y procuraci\u00f3n de justicia en el Estado de M\u00e9xico, permiti\u00f3 [&hellip;]<\/p>\n","protected":false},"author":14,"featured_media":658985,"comment_status":"open","ping_status":"open","sticky":false,"template":"","format":"standard","meta":{"_monsterinsights_skip_tracking":false,"_monsterinsights_sitenote_active":false,"_monsterinsights_sitenote_note":"","_monsterinsights_sitenote_category":0,"footnotes":""},"categories":[5],"tags":[],"class_list":["post-658984","post","type-post","status-publish","format-standard","has-post-thumbnail","hentry","category-estado-de-mexico"],"_links":{"self":[{"href":"https:\/\/www.diarioimagen.net\/index.php?rest_route=\/wp\/v2\/posts\/658984","targetHints":{"allow":["GET"]}}],"collection":[{"href":"https:\/\/www.diarioimagen.net\/index.php?rest_route=\/wp\/v2\/posts"}],"about":[{"href":"https:\/\/www.diarioimagen.net\/index.php?rest_route=\/wp\/v2\/types\/post"}],"author":[{"embeddable":true,"href":"https:\/\/www.diarioimagen.net\/index.php?rest_route=\/wp\/v2\/users\/14"}],"replies":[{"embeddable":true,"href":"https:\/\/www.diarioimagen.net\/index.php?rest_route=%2Fwp%2Fv2%2Fcomments&post=658984"}],"version-history":[{"count":1,"href":"https:\/\/www.diarioimagen.net\/index.php?rest_route=\/wp\/v2\/posts\/658984\/revisions"}],"predecessor-version":[{"id":658986,"href":"https:\/\/www.diarioimagen.net\/index.php?rest_route=\/wp\/v2\/posts\/658984\/revisions\/658986"}],"wp:featuredmedia":[{"embeddable":true,"href":"https:\/\/www.diarioimagen.net\/index.php?rest_route=\/wp\/v2\/media\/658985"}],"wp:attachment":[{"href":"https:\/\/www.diarioimagen.net\/index.php?rest_route=%2Fwp%2Fv2%2Fmedia&parent=658984"}],"wp:term":[{"taxonomy":"category","embeddable":true,"href":"https:\/\/www.diarioimagen.net\/index.php?rest_route=%2Fwp%2Fv2%2Fcategories&post=658984"},{"taxonomy":"post_tag","embeddable":true,"href":"https:\/\/www.diarioimagen.net\/index.php?rest_route=%2Fwp%2Fv2%2Ftags&post=658984"}],"curies":[{"name":"wp","href":"https:\/\/api.w.org\/{rel}","templated":true}]}}