{"id":658991,"date":"2025-03-10T00:00:26","date_gmt":"2025-03-10T06:00:26","guid":{"rendered":"https:\/\/www.diarioimagen.net\/?p=658991"},"modified":"2025-03-09T21:25:57","modified_gmt":"2025-03-10T03:25:57","slug":"edgar-amador-zamora-es-el-nuevo-secretario-de-hacienda","status":"publish","type":"post","link":"https:\/\/www.diarioimagen.net\/?p=658991","title":{"rendered":"Edgar Amador Zamora es el nuevo secretario de Hacienda"},"content":{"rendered":"<ul>\n<li><strong>Ram\u00edrez de la O ser\u00e1 asesor econ\u00f3mico<\/strong><\/li>\n<\/ul>\n<p><strong>\u00a0<\/strong><\/p>\n<p><strong>\u00a0<\/strong><\/p>\n<div id=\"attachment_658992\" style=\"width: 470px\" class=\"wp-caption alignnone\"><img loading=\"lazy\" decoding=\"async\" aria-describedby=\"caption-attachment-658992\" class=\"wp-image-658992 size-large\" src=\"https:\/\/www.diarioimagen.net\/wp-content\/uploads\/2025\/03\/HACIENDA-460x217.jpeg\" alt=\"\" width=\"460\" height=\"217\" srcset=\"https:\/\/www.diarioimagen.net\/wp-content\/uploads\/2025\/03\/HACIENDA-460x217.jpeg 460w, https:\/\/www.diarioimagen.net\/wp-content\/uploads\/2025\/03\/HACIENDA-240x113.jpeg 240w, https:\/\/www.diarioimagen.net\/wp-content\/uploads\/2025\/03\/HACIENDA.jpeg 720w\" sizes=\"auto, (max-width: 460px) 100vw, 460px\" \/><p id=\"caption-attachment-658992\" class=\"wp-caption-text\">Claudia Sheinbaum anunci\u00f3 que Edgar Amador Zamora ser\u00e1 el nuevo titular de Hacienda, mientras que Rogelio Ram\u00edrez de la O ser\u00e1 asesor econ\u00f3mico internacional personal.<\/p><\/div>\n<p>&nbsp;<\/p>\n<p>La presidenta Claudia Sheinbaum confirm\u00f3, a trav\u00e9s de sus redes sociales, la salida de Rogelio Ram\u00edrez de la O como secretario de Hacienda y Cr\u00e9dito P\u00fablico (SHCP) e inform\u00f3 que ahora ser\u00e1 asesor econ\u00f3mico internacional personal, mientras que Edgar Amador Zamora ser\u00e1 el nuevo titular de Hacienda.<\/p>\n<p>\u201cHe decidido nombrar a Rogelio Ram\u00edrez de la O asesor econ\u00f3mico internacional; es un economista extraordinario y tenemos la fortuna de que siga colaborando con nosotros. A partir de ma\u00f1ana, el maestro Edgar Amador Zamora ser\u00e1 secretario de Hacienda y Cr\u00e9dito P\u00fablico; es un economista honesto, convencido de la Cuarta Transformaci\u00f3n. Todo el equipo se queda; M\u00e9xico tiene una econom\u00eda fuerte\u201d, dijo el viernes en un video<\/p>\n<p>\u201cLe he pedido que me ayude en una tarea muy especial que es asesor econ\u00f3mico para asuntos internacionales. Es una tarea fundamental, particularmente por la relaci\u00f3n que tenemos con Estados Unidos\u201d, agreg\u00f3.<\/p>\n<p>La mandataria elogi\u00f3 el trabajo de Ram\u00edrez de la O, a quien consider\u00f3 como \u201cel mejor economista que tiene nuestro pa\u00eds\u201d, y explic\u00f3 que cuando le solicit\u00f3 que se quedara al frente de Hacienda, luego de su desempe\u00f1o en el sexenio pasado, el economista le solicit\u00f3 acompa\u00f1arla hasta diciembre, por lo que se qued\u00f3 tiempo extra.<\/p>\n<p>Por su parte, Ram\u00edrez de la O aprovech\u00f3 para expresar su agradecimiento a la presidenta. \u201cEs un orgullo haber sido invitado a permanecer al frente de la SHCP por la primera mujer presidenta de M\u00e9xico (&#8230;) lo hice con dedicaci\u00f3n y lo mejor de mi voluntad durante el tiempo que me fue posible\u201d.<\/p>\n<p>A\u00f1adi\u00f3 que son sus compromisos familiares, fuera del pa\u00eds, lo que lo llevaron a salir del cargo; sin embargo, asegur\u00f3 cumplir con las instrucciones de la ejecutiva federal para darle prioridad a la poblaci\u00f3n m\u00e1s desprotegida a trav\u00e9s del presupuesto, adem\u00e1s de mantener la deuda en una senda de equilibrio.<\/p>\n<p>\u201cLa Secretar\u00eda de Hacienda tiene cuadros de profesionales de gran capacidad y compromiso con M\u00e9xico. Este equipo se mantiene y les doy mi reconocimiento por lo mucho que me ense\u00f1aron sobre las m\u00faltiples labores de esta secretar\u00eda\u201d, dijo.<\/p>\n<p>&nbsp;<\/p>\n","protected":false},"excerpt":{"rendered":"<p>Ram\u00edrez de la O ser\u00e1 asesor econ\u00f3mico \u00a0 \u00a0 &nbsp; La presidenta Claudia Sheinbaum confirm\u00f3, a trav\u00e9s de sus redes sociales, la salida de Rogelio Ram\u00edrez de la O como secretario de Hacienda y Cr\u00e9dito P\u00fablico (SHCP) e inform\u00f3 que ahora ser\u00e1 asesor econ\u00f3mico internacional personal, mientras que Edgar Amador Zamora ser\u00e1 el nuevo titular [&hellip;]<\/p>\n","protected":false},"author":14,"featured_media":658992,"comment_status":"open","ping_status":"open","sticky":false,"template":"","format":"standard","meta":{"_monsterinsights_skip_tracking":false,"_monsterinsights_sitenote_active":false,"_monsterinsights_sitenote_note":"","_monsterinsights_sitenote_category":0,"footnotes":""},"categories":[8],"tags":[],"class_list":["post-658991","post","type-post","status-publish","format-standard","has-post-thumbnail","hentry","category-finanzas"],"_links":{"self":[{"href":"https:\/\/www.diarioimagen.net\/index.php?rest_route=\/wp\/v2\/posts\/658991","targetHints":{"allow":["GET"]}}],"collection":[{"href":"https:\/\/www.diarioimagen.net\/index.php?rest_route=\/wp\/v2\/posts"}],"about":[{"href":"https:\/\/www.diarioimagen.net\/index.php?rest_route=\/wp\/v2\/types\/post"}],"author":[{"embeddable":true,"href":"https:\/\/www.diarioimagen.net\/index.php?rest_route=\/wp\/v2\/users\/14"}],"replies":[{"embeddable":true,"href":"https:\/\/www.diarioimagen.net\/index.php?rest_route=%2Fwp%2Fv2%2Fcomments&post=658991"}],"version-history":[{"count":1,"href":"https:\/\/www.diarioimagen.net\/index.php?rest_route=\/wp\/v2\/posts\/658991\/revisions"}],"predecessor-version":[{"id":658993,"href":"https:\/\/www.diarioimagen.net\/index.php?rest_route=\/wp\/v2\/posts\/658991\/revisions\/658993"}],"wp:featuredmedia":[{"embeddable":true,"href":"https:\/\/www.diarioimagen.net\/index.php?rest_route=\/wp\/v2\/media\/658992"}],"wp:attachment":[{"href":"https:\/\/www.diarioimagen.net\/index.php?rest_route=%2Fwp%2Fv2%2Fmedia&parent=658991"}],"wp:term":[{"taxonomy":"category","embeddable":true,"href":"https:\/\/www.diarioimagen.net\/index.php?rest_route=%2Fwp%2Fv2%2Fcategories&post=658991"},{"taxonomy":"post_tag","embeddable":true,"href":"https:\/\/www.diarioimagen.net\/index.php?rest_route=%2Fwp%2Fv2%2Ftags&post=658991"}],"curies":[{"name":"wp","href":"https:\/\/api.w.org\/{rel}","templated":true}]}}