{"id":659141,"date":"2025-03-11T00:00:57","date_gmt":"2025-03-11T06:00:57","guid":{"rendered":"https:\/\/www.diarioimagen.net\/?p=659141"},"modified":"2025-03-10T20:34:27","modified_gmt":"2025-03-11T02:34:27","slug":"llama-anuar-azar-figueroa-a-vigorizar-la-presencia-del-pan-en-el-estado-de-mexico","status":"publish","type":"post","link":"https:\/\/www.diarioimagen.net\/?p=659141","title":{"rendered":"Llama Anuar Azar Figueroa a vigorizar la  presencia del PAN en el Estado de M\u00e9xico"},"content":{"rendered":"<ul>\n<li><strong>\u201cEstamos listos para el 2027\u201d<\/strong><\/li>\n<\/ul>\n<p><strong>\u00a0<\/strong><\/p>\n<div id=\"attachment_659142\" style=\"width: 415px\" class=\"wp-caption alignnone\"><img loading=\"lazy\" decoding=\"async\" aria-describedby=\"caption-attachment-659142\" class=\"wp-image-659142 size-large\" src=\"https:\/\/www.diarioimagen.net\/wp-content\/uploads\/2025\/03\/BAENA-1-405x270.jpeg\" alt=\"\" width=\"405\" height=\"270\" srcset=\"https:\/\/www.diarioimagen.net\/wp-content\/uploads\/2025\/03\/BAENA-1-405x270.jpeg 405w, https:\/\/www.diarioimagen.net\/wp-content\/uploads\/2025\/03\/BAENA-1-240x160.jpeg 240w, https:\/\/www.diarioimagen.net\/wp-content\/uploads\/2025\/03\/BAENA-1-768x512.jpeg 768w, https:\/\/www.diarioimagen.net\/wp-content\/uploads\/2025\/03\/BAENA-1.jpeg 1280w\" sizes=\"auto, (max-width: 405px) 100vw, 405px\" \/><p id=\"caption-attachment-659142\" class=\"wp-caption-text\">Anuar Azar Figueroa, dirigente del PAN en el Estado de M\u00e9xico, contin\u00faa con reuniones con liderazgos en los 125 municipios que conforman la entidad, a los cuales ha llamado a fortalecer la unidad de ese instituto pol\u00edtico.<\/p><\/div>\n<p>&nbsp;<\/p>\n<p>Por Arturo Baena<\/p>\n<p>&nbsp;<\/p>\n<p>Naucalpan, M\u00e9x.- \u201cPor supuesto que en el de Acci\u00f3n Nacional, estamos listos para dar la batalla en 2027. Vamos a demostrar que nuestro partido s\u00ed sabe gobernar en favor de los mexiquenses sin mentiras o enga\u00f1os. Solos y en unidad, recuperaremos los municipios que merecen ser debidamente atendidos.\u201d<\/p>\n<p>&nbsp;<\/p>\n<p>As\u00ed lo expres\u00f3 Anuar Azar Figueroa, dirigente del PAN en el Estado de M\u00e9xico, al continuar con reuniones con liderazgos en los 125 municipios que conforman la entidad, a los cu\u00e1les ha llamado a fortalecer la unidad de ese instituto pol\u00edtico.<\/p>\n<p>&nbsp;<\/p>\n<p>Azar Figueroa reiter\u00f3 su compromiso de vigorizar\u00a0 la presencia del PAN en todo el territorio, el cual abrir\u00e1 sus puertas a las y los ciudadanos con rubo a los pr\u00f3ximos procesos del 2027.<\/p>\n<p>&nbsp;<\/p>\n<p>Asimismo, subray\u00f3 la importancia de recuperar la cercan\u00eda con la ciudadan\u00eda, tocando puertas y escuchando a la gente, con el objetivo de regresar a sus or\u00edgenes de servicio y compromiso.<\/p>\n<p>&nbsp;<\/p>\n<p>Por otra parte, el dirigente partidista en el Estado de M\u00e9xico abund\u00f3 que \u201clos mexiquenses deber\u00e1n\u00a0 votar por quien les ha demostrado que puede gobernar mejor, no por un color o una ideolog\u00eda que les ha fallado\u201d, reiter\u00f3.<\/p>\n<p>&nbsp;<\/p>\n<p>Finalmente, el tambi\u00e9n diputado, destac\u00f3 que el PAN cuenta con los suficientes cuadros, hombres y mujeres talentosos para dar las mejores contiendas y obtener solos y sin alianzas, grandes resultados en beneficio de la ciudadan\u00eda en el 2027.<\/p>\n<p>&nbsp;<\/p>\n<p>&nbsp;<\/p>\n<p>&nbsp;<\/p>\n","protected":false},"excerpt":{"rendered":"<p>\u201cEstamos listos para el 2027\u201d \u00a0 &nbsp; Por Arturo Baena &nbsp; Naucalpan, M\u00e9x.- \u201cPor supuesto que en el de Acci\u00f3n Nacional, estamos listos para dar la batalla en 2027. Vamos a demostrar que nuestro partido s\u00ed sabe gobernar en favor de los mexiquenses sin mentiras o enga\u00f1os. Solos y en unidad, recuperaremos los municipios que [&hellip;]<\/p>\n","protected":false},"author":14,"featured_media":659142,"comment_status":"open","ping_status":"open","sticky":false,"template":"","format":"standard","meta":{"_monsterinsights_skip_tracking":false,"_monsterinsights_sitenote_active":false,"_monsterinsights_sitenote_note":"","_monsterinsights_sitenote_category":0,"footnotes":""},"categories":[5],"tags":[],"class_list":["post-659141","post","type-post","status-publish","format-standard","has-post-thumbnail","hentry","category-estado-de-mexico"],"_links":{"self":[{"href":"https:\/\/www.diarioimagen.net\/index.php?rest_route=\/wp\/v2\/posts\/659141","targetHints":{"allow":["GET"]}}],"collection":[{"href":"https:\/\/www.diarioimagen.net\/index.php?rest_route=\/wp\/v2\/posts"}],"about":[{"href":"https:\/\/www.diarioimagen.net\/index.php?rest_route=\/wp\/v2\/types\/post"}],"author":[{"embeddable":true,"href":"https:\/\/www.diarioimagen.net\/index.php?rest_route=\/wp\/v2\/users\/14"}],"replies":[{"embeddable":true,"href":"https:\/\/www.diarioimagen.net\/index.php?rest_route=%2Fwp%2Fv2%2Fcomments&post=659141"}],"version-history":[{"count":1,"href":"https:\/\/www.diarioimagen.net\/index.php?rest_route=\/wp\/v2\/posts\/659141\/revisions"}],"predecessor-version":[{"id":659143,"href":"https:\/\/www.diarioimagen.net\/index.php?rest_route=\/wp\/v2\/posts\/659141\/revisions\/659143"}],"wp:featuredmedia":[{"embeddable":true,"href":"https:\/\/www.diarioimagen.net\/index.php?rest_route=\/wp\/v2\/media\/659142"}],"wp:attachment":[{"href":"https:\/\/www.diarioimagen.net\/index.php?rest_route=%2Fwp%2Fv2%2Fmedia&parent=659141"}],"wp:term":[{"taxonomy":"category","embeddable":true,"href":"https:\/\/www.diarioimagen.net\/index.php?rest_route=%2Fwp%2Fv2%2Fcategories&post=659141"},{"taxonomy":"post_tag","embeddable":true,"href":"https:\/\/www.diarioimagen.net\/index.php?rest_route=%2Fwp%2Fv2%2Ftags&post=659141"}],"curies":[{"name":"wp","href":"https:\/\/api.w.org\/{rel}","templated":true}]}}