{"id":659147,"date":"2025-03-11T00:00:18","date_gmt":"2025-03-11T06:00:18","guid":{"rendered":"https:\/\/www.diarioimagen.net\/?p=659147"},"modified":"2025-03-10T20:41:20","modified_gmt":"2025-03-11T02:41:20","slug":"inaugura-enrique-vargas-del-villar-una-oficina-de-atencion-ciudadana","status":"publish","type":"post","link":"https:\/\/www.diarioimagen.net\/?p=659147","title":{"rendered":"Inaugura Enrique Vargas del Villar  una oficina de atenci\u00f3n ciudadana"},"content":{"rendered":"<ul>\n<li><strong>Orientaci\u00f3n a la poblaci\u00f3n en Ecatepec<\/strong><\/li>\n<\/ul>\n<p><strong>\u00a0<\/strong><\/p>\n<div id=\"attachment_659148\" style=\"width: 507px\" class=\"wp-caption alignnone\"><img loading=\"lazy\" decoding=\"async\" aria-describedby=\"caption-attachment-659148\" class=\"size-full wp-image-659148\" src=\"https:\/\/www.diarioimagen.net\/wp-content\/uploads\/2025\/03\/BAENA-3-3.jpg\" alt=\"\" width=\"497\" height=\"329\" srcset=\"https:\/\/www.diarioimagen.net\/wp-content\/uploads\/2025\/03\/BAENA-3-3.jpg 497w, https:\/\/www.diarioimagen.net\/wp-content\/uploads\/2025\/03\/BAENA-3-3-240x159.jpg 240w, https:\/\/www.diarioimagen.net\/wp-content\/uploads\/2025\/03\/BAENA-3-3-408x270.jpg 408w\" sizes=\"auto, (max-width: 497px) 100vw, 497px\" \/><p id=\"caption-attachment-659148\" class=\"wp-caption-text\">Enrique Vargas del Villar inaugur\u00f3 una oficina de atenci\u00f3n en este municipio, con el objetivo de brindar apoyo y orientaci\u00f3n a la poblaci\u00f3n en diversos programas y servicios.<\/p><\/div>\n<p>Ecatepec, M\u00e9x.- El senador por el Estado de M\u00e9xico, Enrique Vargas del Villar, inaugur\u00f3 una oficina de atenci\u00f3n en este municipio, con el objetivo de brindar apoyo y orientaci\u00f3n a la poblaci\u00f3n en diversos programas y servicios.<\/p>\n<p>&nbsp;<\/p>\n<p>La iniciativa, respaldada por Sulma Zagal, presidenta de la Fundaci\u00f3n Delos y coordinadora de enlace pol\u00edtico en Ecatepec, busca fortalecer la solidaridad en el municipio y ampliar la ayuda a los sectores m\u00e1s necesitados.<\/p>\n<p>&nbsp;<\/p>\n<p>Dicha oficina realizar\u00e1 por todo el territorio, jornadas m\u00e9dico-asistenciales y servicios para la comunidad y como parte de la inauguraci\u00f3n, se llev\u00f3 a cabo una jornada de salud y asistencia social, en la que los asistentes pudieron acceder a diversos servicios.<\/p>\n<p>&nbsp;<\/p>\n<p>Durante el evento, Enrique Vargas destac\u00f3 el trabajo de Sulma Zagal en favor de los habitantes de Ecatepec y reafirm\u00f3 su compromiso de seguir apoyando a la comunidad desde el Senado de la Rep\u00fablica.<\/p>\n<p>&nbsp;<\/p>\n<p>Finalmente, Vargas del Villar reiter\u00f3 su compromiso por seguir apoyando a las familias vulnerables del Estado de M\u00e9xico.<\/p>\n<p>&nbsp;<\/p>\n<p>&nbsp;<\/p>\n<p><strong>\u00a0<\/strong><\/p>\n<p>&nbsp;<\/p>\n","protected":false},"excerpt":{"rendered":"<p>Orientaci\u00f3n a la poblaci\u00f3n en Ecatepec \u00a0 Ecatepec, M\u00e9x.- El senador por el Estado de M\u00e9xico, Enrique Vargas del Villar, inaugur\u00f3 una oficina de atenci\u00f3n en este municipio, con el objetivo de brindar apoyo y orientaci\u00f3n a la poblaci\u00f3n en diversos programas y servicios. &nbsp; La iniciativa, respaldada por Sulma Zagal, presidenta de la Fundaci\u00f3n [&hellip;]<\/p>\n","protected":false},"author":14,"featured_media":659148,"comment_status":"open","ping_status":"open","sticky":false,"template":"","format":"standard","meta":{"_monsterinsights_skip_tracking":false,"_monsterinsights_sitenote_active":false,"_monsterinsights_sitenote_note":"","_monsterinsights_sitenote_category":0,"footnotes":""},"categories":[5],"tags":[],"class_list":["post-659147","post","type-post","status-publish","format-standard","has-post-thumbnail","hentry","category-estado-de-mexico"],"_links":{"self":[{"href":"https:\/\/www.diarioimagen.net\/index.php?rest_route=\/wp\/v2\/posts\/659147","targetHints":{"allow":["GET"]}}],"collection":[{"href":"https:\/\/www.diarioimagen.net\/index.php?rest_route=\/wp\/v2\/posts"}],"about":[{"href":"https:\/\/www.diarioimagen.net\/index.php?rest_route=\/wp\/v2\/types\/post"}],"author":[{"embeddable":true,"href":"https:\/\/www.diarioimagen.net\/index.php?rest_route=\/wp\/v2\/users\/14"}],"replies":[{"embeddable":true,"href":"https:\/\/www.diarioimagen.net\/index.php?rest_route=%2Fwp%2Fv2%2Fcomments&post=659147"}],"version-history":[{"count":1,"href":"https:\/\/www.diarioimagen.net\/index.php?rest_route=\/wp\/v2\/posts\/659147\/revisions"}],"predecessor-version":[{"id":659149,"href":"https:\/\/www.diarioimagen.net\/index.php?rest_route=\/wp\/v2\/posts\/659147\/revisions\/659149"}],"wp:featuredmedia":[{"embeddable":true,"href":"https:\/\/www.diarioimagen.net\/index.php?rest_route=\/wp\/v2\/media\/659148"}],"wp:attachment":[{"href":"https:\/\/www.diarioimagen.net\/index.php?rest_route=%2Fwp%2Fv2%2Fmedia&parent=659147"}],"wp:term":[{"taxonomy":"category","embeddable":true,"href":"https:\/\/www.diarioimagen.net\/index.php?rest_route=%2Fwp%2Fv2%2Fcategories&post=659147"},{"taxonomy":"post_tag","embeddable":true,"href":"https:\/\/www.diarioimagen.net\/index.php?rest_route=%2Fwp%2Fv2%2Ftags&post=659147"}],"curies":[{"name":"wp","href":"https:\/\/api.w.org\/{rel}","templated":true}]}}