{"id":659150,"date":"2025-03-11T00:00:47","date_gmt":"2025-03-11T06:00:47","guid":{"rendered":"https:\/\/www.diarioimagen.net\/?p=659150"},"modified":"2025-03-10T20:42:36","modified_gmt":"2025-03-11T02:42:36","slug":"gobierno-de-atizapan-y-fundacion-coppel-restauran-obras-de-arte","status":"publish","type":"post","link":"https:\/\/www.diarioimagen.net\/?p=659150","title":{"rendered":"Gobierno de Atizap\u00e1n y fundaci\u00f3n Coppel restauran obras de arte"},"content":{"rendered":"<p>&nbsp;<\/p>\n<p><img loading=\"lazy\" decoding=\"async\" class=\"alignnone wp-image-659151 size-large\" src=\"https:\/\/www.diarioimagen.net\/wp-content\/uploads\/2025\/03\/BAENA-4-4-410x270.jpg\" alt=\"\" width=\"410\" height=\"270\" srcset=\"https:\/\/www.diarioimagen.net\/wp-content\/uploads\/2025\/03\/BAENA-4-4-410x270.jpg 410w, https:\/\/www.diarioimagen.net\/wp-content\/uploads\/2025\/03\/BAENA-4-4-240x158.jpg 240w, https:\/\/www.diarioimagen.net\/wp-content\/uploads\/2025\/03\/BAENA-4-4-768x506.jpg 768w, https:\/\/www.diarioimagen.net\/wp-content\/uploads\/2025\/03\/BAENA-4-4.jpg 1280w\" sizes=\"auto, (max-width: 410px) 100vw, 410px\" \/><\/p>\n<p>Atizap\u00e1n de Zaragoza, M\u00e9x.- Con la presencia de Pedro Rodr\u00edguez, Presidente Municipal de Atizap\u00e1n de Zaragoza, y de Agust\u00edn Coppel, Presidente del Consejo y Director General de Grupo Coppel, se llev\u00f3 a cabo la ceremonia de entrega a la comunidad de la restauraci\u00f3n de dos emblem\u00e1ticas obras del arquitecto Luis Barrag\u00e1n, las fuentes \u201cPlaza y Fuente del Bebedero\u201d y la \u201cFuente del Campanario\u201d. El evento se realiz\u00f3 en Mayorazgos de los Gigantes, en este municipio, en el marco del natalicio de Luis Barrag\u00e1n. Las obras renovadas, construidas entre 1958 y 1961, presentaban deterioro significativo por el paso del tiempo, raz\u00f3n por la cual se sometieron a restauraci\u00f3n con el objetivo de preservar la obra arquitect\u00f3nica y el legado del ic\u00f3nico arquitecto mexicano.<\/p>\n<p>&nbsp;<\/p>\n<p>&nbsp;<\/p>\n<p>\u201cEn Fundaci\u00f3n Coppel, reconocemos y celebramos el esfuerzo del municipio de Atizap\u00e1n de Zaragoza y de su presidente, Pedro Rodr\u00edguez, por preservar el legado cultural de<\/p>\n<p>M\u00e9xico.<\/p>\n","protected":false},"excerpt":{"rendered":"<p>&nbsp; Atizap\u00e1n de Zaragoza, M\u00e9x.- Con la presencia de Pedro Rodr\u00edguez, Presidente Municipal de Atizap\u00e1n de Zaragoza, y de Agust\u00edn Coppel, Presidente del Consejo y Director General de Grupo Coppel, se llev\u00f3 a cabo la ceremonia de entrega a la comunidad de la restauraci\u00f3n de dos emblem\u00e1ticas obras del arquitecto Luis Barrag\u00e1n, las fuentes \u201cPlaza [&hellip;]<\/p>\n","protected":false},"author":14,"featured_media":659151,"comment_status":"open","ping_status":"open","sticky":false,"template":"","format":"standard","meta":{"_monsterinsights_skip_tracking":false,"_monsterinsights_sitenote_active":false,"_monsterinsights_sitenote_note":"","_monsterinsights_sitenote_category":0,"footnotes":""},"categories":[5],"tags":[],"class_list":["post-659150","post","type-post","status-publish","format-standard","has-post-thumbnail","hentry","category-estado-de-mexico"],"_links":{"self":[{"href":"https:\/\/www.diarioimagen.net\/index.php?rest_route=\/wp\/v2\/posts\/659150","targetHints":{"allow":["GET"]}}],"collection":[{"href":"https:\/\/www.diarioimagen.net\/index.php?rest_route=\/wp\/v2\/posts"}],"about":[{"href":"https:\/\/www.diarioimagen.net\/index.php?rest_route=\/wp\/v2\/types\/post"}],"author":[{"embeddable":true,"href":"https:\/\/www.diarioimagen.net\/index.php?rest_route=\/wp\/v2\/users\/14"}],"replies":[{"embeddable":true,"href":"https:\/\/www.diarioimagen.net\/index.php?rest_route=%2Fwp%2Fv2%2Fcomments&post=659150"}],"version-history":[{"count":1,"href":"https:\/\/www.diarioimagen.net\/index.php?rest_route=\/wp\/v2\/posts\/659150\/revisions"}],"predecessor-version":[{"id":659152,"href":"https:\/\/www.diarioimagen.net\/index.php?rest_route=\/wp\/v2\/posts\/659150\/revisions\/659152"}],"wp:featuredmedia":[{"embeddable":true,"href":"https:\/\/www.diarioimagen.net\/index.php?rest_route=\/wp\/v2\/media\/659151"}],"wp:attachment":[{"href":"https:\/\/www.diarioimagen.net\/index.php?rest_route=%2Fwp%2Fv2%2Fmedia&parent=659150"}],"wp:term":[{"taxonomy":"category","embeddable":true,"href":"https:\/\/www.diarioimagen.net\/index.php?rest_route=%2Fwp%2Fv2%2Fcategories&post=659150"},{"taxonomy":"post_tag","embeddable":true,"href":"https:\/\/www.diarioimagen.net\/index.php?rest_route=%2Fwp%2Fv2%2Ftags&post=659150"}],"curies":[{"name":"wp","href":"https:\/\/api.w.org\/{rel}","templated":true}]}}