{"id":659158,"date":"2025-03-11T00:00:45","date_gmt":"2025-03-11T06:00:45","guid":{"rendered":"https:\/\/www.diarioimagen.net\/?p=659158"},"modified":"2025-03-10T20:47:46","modified_gmt":"2025-03-11T02:47:46","slug":"jovenes-construyendo-el-futuro-llega-a-mas-de-255-mil-beneficiarios-en-edomex","status":"publish","type":"post","link":"https:\/\/www.diarioimagen.net\/?p=659158","title":{"rendered":"\u201cJ\u00f3venes Construyendo el Futuro\u201d llega  a m\u00e1s de 255 mil beneficiarios en EdoM\u00e9x"},"content":{"rendered":"<p><strong><span style=\"font-size: 13.0pt; font-family: 'Arial',sans-serif; color: black;\">\u00a0<\/span><\/strong><strong><span style=\"font-size: 13.0pt; font-family: 'Arial',sans-serif; color: black;\">\u00a0<\/span><\/strong><\/p>\n<p><strong><span style=\"font-size: 13.0pt; font-family: 'Arial',sans-serif; color: black;\">&#8211; Delfina G\u00f3mez entrega tarjetas con 8 mil pesos mensuales y seguro m\u00e9dico<\/span><\/strong><\/p>\n<div id=\"attachment_659159\" style=\"width: 415px\" class=\"wp-caption alignnone\"><img loading=\"lazy\" decoding=\"async\" aria-describedby=\"caption-attachment-659159\" class=\"wp-image-659159 size-large\" src=\"https:\/\/www.diarioimagen.net\/wp-content\/uploads\/2025\/03\/DELFINA-1-405x270.jpeg\" alt=\"\" width=\"405\" height=\"270\" srcset=\"https:\/\/www.diarioimagen.net\/wp-content\/uploads\/2025\/03\/DELFINA-1-405x270.jpeg 405w, https:\/\/www.diarioimagen.net\/wp-content\/uploads\/2025\/03\/DELFINA-1-240x160.jpeg 240w, https:\/\/www.diarioimagen.net\/wp-content\/uploads\/2025\/03\/DELFINA-1-768x512.jpeg 768w, https:\/\/www.diarioimagen.net\/wp-content\/uploads\/2025\/03\/DELFINA-1-1536x1024.jpeg 1536w, https:\/\/www.diarioimagen.net\/wp-content\/uploads\/2025\/03\/DELFINA-1-2048x1365.jpeg 2048w\" sizes=\"auto, (max-width: 405px) 100vw, 405px\" \/><p id=\"caption-attachment-659159\" class=\"wp-caption-text\">La gobernadora Delfina G\u00f3mez \u00c1lvarez, asegur\u00f3 que el Estado de M\u00e9xico es la entidad con el mayor n\u00famero de apoyos del programa \u201cJ\u00f3venes Construyendo el Futuro\u201d, con m\u00e1s de 255 mil beneficiarios.<\/p><\/div>\n<p><strong><span style=\"font-size: 13.0pt; font-family: 'Arial',sans-serif; color: black;\">Naucalpan,<\/span><\/strong><span class=\"apple-converted-space\"><span style=\"font-size: 13.0pt; font-family: 'Arial',sans-serif; color: black;\">\u00a0<\/span><\/span><span style=\"font-size: 13.0pt; font-family: 'Arial',sans-serif; color: black;\">Estado de M\u00e9xico.- El Estado de M\u00e9xico es la entidad con el mayor n\u00famero de apoyos del programa \u201cJ\u00f3venes Construyendo el Futuro\u201d, con m\u00e1s de 255 mil beneficiarios, quienes podr\u00e1n capacitarse, tendr\u00e1n un apoyo econ\u00f3mico de 8 mil pesos mensuales y un seguro m\u00e9dico, asegur\u00f3 la Gobernadora Delfina G\u00f3mez \u00c1lvarez al entregar junto con Marath Bola\u00f1os L\u00f3pez, Secretario del Trabajo y Previsi\u00f3n Social del Gobierno de M\u00e9xico, estos recursos a j\u00f3venes de los municipios de Naucalpan y Tlalnepantla.<\/span><\/p>\n<p><span style=\"font-size: 13.0pt; font-family: 'Arial',sans-serif; color: black;\">\u00a0<\/span><\/p>\n<p><span style=\"font-size: 13.0pt; font-family: 'Arial',sans-serif; color: black;\">\u201cEn el Estado de M\u00e9xico tenemos 255 mil 119 beneficiados de J\u00f3venes Construyendo el Futuro, est\u00e1 muy bien, somos el estado al que nos dan m\u00e1s apoyos y es una inversi\u00f3n de m\u00e1s de 10 mil millones de pesos y vamos por m\u00e1s, s\u00e9 que podemos ir por m\u00e1s, aqu\u00ed con el apoyo de nuestros compa\u00f1eros\u201d, reiter\u00f3 la Maestra Delfina G\u00f3mez \u00c1lvarez.<\/span><\/p>\n<p><span style=\"font-size: 13.0pt; font-family: 'Arial',sans-serif; color: black;\">\u00a0<\/span><\/p>\n<p><span style=\"font-size: 13.0pt; font-family: 'Arial',sans-serif; color: black;\">La Mandataria estatal coment\u00f3 que este programa tiene la nobleza de apoyar a los j\u00f3venes que por diversas circunstancias no han podido obtener un trabajo, pero que ahora se les otorga la oportunidad de poner en pr\u00e1ctica todos los conocimientos y aptitudes que poseen.\u00a0<\/span><\/p>\n<p><span style=\"font-size: 13.0pt; font-family: 'Arial',sans-serif; color: black;\">\u00a0<\/span><\/p>\n<p><span style=\"font-size: 13.0pt; font-family: 'Arial',sans-serif; color: black;\">\u00a0<\/span><\/p>\n<p><span style=\"font-size: 13.0pt; font-family: 'Arial',sans-serif; color: black;\">\u201cGracias a la Doctora Claudia Sheinbaum, h\u00e1ganle llegar este agradecimiento, muchas gracias, va a cambiar la vida de muchos j\u00f3venes y tambi\u00e9n decirles que como Gobierno del Estado nos sumamos al esfuerzo que est\u00e1 haciendo el Gobierno Federal\u201d, afirm\u00f3 la Gobernadora Delfina G\u00f3mez \u00c1lvarez.<\/span><\/p>\n<p><span style=\"font-size: 13.0pt; font-family: 'Arial',sans-serif; color: black;\">\u00a0<\/span><\/p>\n<p><span style=\"font-size: 13.0pt; font-family: 'Arial',sans-serif; color: black;\">Precis\u00f3 que los programas que se han hecho a trav\u00e9s de esta transformaci\u00f3n, como adultos mayores, discapacidad, sembrando vida, entre otros, son muy importantes, adem\u00e1s de los que se est\u00e1n haciendo ahora para trabajar en beneficio de los j\u00f3venes.<\/span><\/p>\n<p><span style=\"font-size: 13.0pt; font-family: 'Arial',sans-serif; color: black;\">\u00a0<\/span><\/p>\n<p><span style=\"font-size: 13.0pt; font-family: 'Arial',sans-serif; color: black;\">Por su parte, Marath Baruch Bola\u00f1os L\u00f3pez, Secretario del Trabajo y Previsi\u00f3n Social del Gobierno de M\u00e9xico, dijo que este programa es fruto del proceso de transformaci\u00f3n del pa\u00eds y \u201cse ha consolidado como una herramienta que efectivamente puede darle la atenci\u00f3n a nuestras y nuestros j\u00f3venes; para restituir as\u00ed los derechos que durante d\u00e9cadas no se les dieron a millones de mexicanas y mexicanos, es un proceso de justicia social para todas y para todos.\u201d<\/span><\/p>\n<p><span style=\"font-size: 13.0pt; font-family: 'Arial',sans-serif; color: black;\">\u00a0<\/span><\/p>\n<p><span style=\"font-size: 13.0pt; font-family: 'Arial',sans-serif; color: black;\">\u201cEn las d\u00e9cadas anteriores, cuando fue instalado el periodo neoliberal, no exist\u00eda un apoyo para la juventud, por el contrario, se fue creando una idea de que los j\u00f3venes eran los \u00fanicos responsables de la cat\u00e1strofe que hab\u00eda sobre ellos, sin educaci\u00f3n, sin oportunidades para tener continuidad en el trabajo, se les dijo \u00b4ninis\u00b4, como si hubiese sido la falta de educaci\u00f3n o la falta de empleo voluntad o falta de voluntad de los j\u00f3venes del pa\u00eds, y pues no fue as\u00ed, m\u00e1s bien fue que los gobiernos de entonces decidieron dejar a su fortuna a la juventud del pa\u00eds\u201d, agreg\u00f3.<\/span><\/p>\n<p><span style=\"font-size: 13.0pt; font-family: 'Arial',sans-serif; color: black;\">\u00a0<\/span><\/p>\n<p><span style=\"font-size: 13.0pt; font-family: 'Arial',sans-serif; color: black;\">Y ahora en el segundo piso del Gobierno de la Transformaci\u00f3n, encabezado por la Presidenta Claudia Sheinbaum Pardo, el programa de J\u00f3venes Construyendo el Futuro va a seguir su funcionamiento y dando prioridad a las zonas de mayor necesidad, \u201clo que queremos es que tanto en Naucalpan como Tlalnepantla la juventud tenga las oportunidades que como les digo anteriormente eran negadas\u201d, puntualiz\u00f3.<\/span><\/p>\n<p><span style=\"font-size: 13.0pt; font-family: 'Arial',sans-serif; color: black;\">\u00a0<\/span><\/p>\n<p><span style=\"font-size: 13.0pt; font-family: 'Arial',sans-serif; color: black;\">\u00a0<\/span><\/p>\n<p>&nbsp;<\/p>\n<p><span style=\"font-size: 13.0pt; font-family: 'Arial',sans-serif; color: black;\">\u00a0<\/span><\/p>\n","protected":false},"excerpt":{"rendered":"<p>\u00a0\u00a0 &#8211; Delfina G\u00f3mez entrega tarjetas con 8 mil pesos mensuales y seguro m\u00e9dico Naucalpan,\u00a0Estado de M\u00e9xico.- El Estado de M\u00e9xico es la entidad con el mayor n\u00famero de apoyos del programa \u201cJ\u00f3venes Construyendo el Futuro\u201d, con m\u00e1s de 255 mil beneficiarios, quienes podr\u00e1n capacitarse, tendr\u00e1n un apoyo econ\u00f3mico de 8 mil pesos mensuales y [&hellip;]<\/p>\n","protected":false},"author":14,"featured_media":659159,"comment_status":"open","ping_status":"open","sticky":false,"template":"","format":"standard","meta":{"_monsterinsights_skip_tracking":false,"_monsterinsights_sitenote_active":false,"_monsterinsights_sitenote_note":"","_monsterinsights_sitenote_category":0,"footnotes":""},"categories":[5],"tags":[],"class_list":["post-659158","post","type-post","status-publish","format-standard","has-post-thumbnail","hentry","category-estado-de-mexico"],"_links":{"self":[{"href":"https:\/\/www.diarioimagen.net\/index.php?rest_route=\/wp\/v2\/posts\/659158","targetHints":{"allow":["GET"]}}],"collection":[{"href":"https:\/\/www.diarioimagen.net\/index.php?rest_route=\/wp\/v2\/posts"}],"about":[{"href":"https:\/\/www.diarioimagen.net\/index.php?rest_route=\/wp\/v2\/types\/post"}],"author":[{"embeddable":true,"href":"https:\/\/www.diarioimagen.net\/index.php?rest_route=\/wp\/v2\/users\/14"}],"replies":[{"embeddable":true,"href":"https:\/\/www.diarioimagen.net\/index.php?rest_route=%2Fwp%2Fv2%2Fcomments&post=659158"}],"version-history":[{"count":1,"href":"https:\/\/www.diarioimagen.net\/index.php?rest_route=\/wp\/v2\/posts\/659158\/revisions"}],"predecessor-version":[{"id":659160,"href":"https:\/\/www.diarioimagen.net\/index.php?rest_route=\/wp\/v2\/posts\/659158\/revisions\/659160"}],"wp:featuredmedia":[{"embeddable":true,"href":"https:\/\/www.diarioimagen.net\/index.php?rest_route=\/wp\/v2\/media\/659159"}],"wp:attachment":[{"href":"https:\/\/www.diarioimagen.net\/index.php?rest_route=%2Fwp%2Fv2%2Fmedia&parent=659158"}],"wp:term":[{"taxonomy":"category","embeddable":true,"href":"https:\/\/www.diarioimagen.net\/index.php?rest_route=%2Fwp%2Fv2%2Fcategories&post=659158"},{"taxonomy":"post_tag","embeddable":true,"href":"https:\/\/www.diarioimagen.net\/index.php?rest_route=%2Fwp%2Fv2%2Ftags&post=659158"}],"curies":[{"name":"wp","href":"https:\/\/api.w.org\/{rel}","templated":true}]}}