{"id":659334,"date":"2025-03-12T00:00:06","date_gmt":"2025-03-12T06:00:06","guid":{"rendered":"https:\/\/www.diarioimagen.net\/?p=659334"},"modified":"2025-03-11T21:00:26","modified_gmt":"2025-03-12T03:00:26","slug":"resalta-la-gobernadora-delfina-gomez-las-acciones-del-gobierno-de-naucalpan","status":"publish","type":"post","link":"https:\/\/www.diarioimagen.net\/?p=659334","title":{"rendered":"\u00a0  Resalta la gobernadora Delfina G\u00f3mez  las acciones del gobierno de Naucalpan"},"content":{"rendered":"<ul>\n<li><strong>Reconoce labor de Isaac Montoya<\/strong><\/li>\n<\/ul>\n<div id=\"attachment_659335\" style=\"width: 922px\" class=\"wp-caption alignnone\"><img loading=\"lazy\" decoding=\"async\" aria-describedby=\"caption-attachment-659335\" class=\"size-full wp-image-659335\" src=\"https:\/\/www.diarioimagen.net\/wp-content\/uploads\/2025\/03\/BAENA-1-4.jpg\" alt=\"\" width=\"912\" height=\"582\" srcset=\"https:\/\/www.diarioimagen.net\/wp-content\/uploads\/2025\/03\/BAENA-1-4.jpg 912w, https:\/\/www.diarioimagen.net\/wp-content\/uploads\/2025\/03\/BAENA-1-4-240x153.jpg 240w, https:\/\/www.diarioimagen.net\/wp-content\/uploads\/2025\/03\/BAENA-1-4-423x270.jpg 423w, https:\/\/www.diarioimagen.net\/wp-content\/uploads\/2025\/03\/BAENA-1-4-768x490.jpg 768w\" sizes=\"auto, (max-width: 912px) 100vw, 912px\" \/><p id=\"caption-attachment-659335\" class=\"wp-caption-text\">La gobernadora Delfina G\u00f3mez y el secretario del Trabajo, Marath Baruch Bola\u00f1os L\u00f3pez, encabezaron la entrega de alrededor de 500 tarjetas del Programa J\u00f3venes Construyendo el Futuro.<\/p><\/div>\n<p>&nbsp;<\/p>\n<p>Naucalpan, M\u00e9x.- La\u00a0 gobernadora del Estado de M\u00e9xico, Delfina G\u00f3mez \u00c1lvarez, visit\u00f3 este municipio,\u00a0 acompa\u00f1ada por el alcalde Isaac Montoya M\u00e1rquez e inici\u00f3 con la Mesa de Coordinaci\u00f3n para la Construcci\u00f3n de la Paz, en el Centro Cultural \u00c1gora del Parque Naucalli, donde destac\u00f3 que el municipio registr\u00f3 una disminuci\u00f3n del 14 por ciento en los homicidios dolosos, durante los primeros meses del a\u00f1o.<\/p>\n<p>&nbsp;<\/p>\n<p>A este evento tambi\u00e9n la acompa\u00f1aron el secretario general de Gobierno, Horacio Duarte Olivares, as\u00ed como el Gabinete de Seguridad, para participar en los trabajos, en los que se revisan las estrategias encaminadas a brindar paz, tranquilidad y bienestar a las y los mexiquenses.<\/p>\n<p>&nbsp;<\/p>\n<p>M\u00e1s tarde, la gobernadora recibi\u00f3 al secretario del Trabajo y Previsi\u00f3n Social del gobierno de M\u00e9xico, Marath Baruch Bola\u00f1os L\u00f3pez, quien encabez\u00f3 la entrega de alrededor de 500 tarjetas del Programa J\u00f3venes Construyendo el Futuro, quien destac\u00f3 la gran labor que realiza el presidente municipal, Isaac Montoya M\u00e1rquez,\u00a0 quien tiene el honor de transformar Naucalpan y trabaja de la mano de maestra Delfina G\u00f3mez \u00c1lvarez.<\/p>\n<p>&nbsp;<\/p>\n<p>El secretario federal asegur\u00f3 que con la entrega de estos apoyos a m\u00e1s de 2.9 millones de j\u00f3venes pueden avanzar en el camino de la autosuficiencia, la independencia econ\u00f3mica y el crecimiento libre, pleno, personal y profesional.<\/p>\n<p>&nbsp;<\/p>\n<p>El presidente municipal Isaac Montoya M\u00e1rquez destac\u00f3 que con el trabajo que realiza la presidenta de M\u00e9xico, Claudia Sheinbaum, queda claro que la juventud es el presente y por ello, en este a\u00f1o, se incorporar\u00e1n 500 mil nuevos beneficiarios que habitan regiones con mayor rezago social o zonas de alta incidencia delictiva.<\/p>\n<p>&nbsp;<\/p>\n<p>\u201cQueremos j\u00f3venes realizando lo que m\u00e1s les gusta, ejerciendo sus derechos, que no sean excluidos, queremos j\u00f3venes que sean protagonistas de esta transformaci\u00f3n\u201d, extern\u00f3 Isaac Montoya ante los beneficiarios del programa.<\/p>\n<p>&nbsp;<\/p>\n<p>Agreg\u00f3 que deben aprovechar al m\u00e1ximo la oportunidad de contar con un apoyo econ\u00f3mico y ejercer su derecho a no ser excluidos, porque el pa\u00eds necesita personas que sean protagonistas de la\u00a0 transformaci\u00f3n que se concreta con cambios sociales importantes.<\/p>\n<p>&nbsp;<\/p>\n<p>El alcalde tambi\u00e9n reconoci\u00f3 la labor de la gobernadora, la maestra Delfina G\u00f3mez \u00c1lvarez, al fortalecer las acciones en favor de la educaci\u00f3n y el desarrollo de la juventud con programas como J\u00f3venes con Bienestar que permite que aquellos que han abandonado sus estudios puedan acceder a apoyos para concluirlos.<\/p>\n<p>&nbsp;<\/p>\n<p>&nbsp;<\/p>\n<p>&nbsp;<\/p>\n<p>&nbsp;<\/p>\n<p>&nbsp;<\/p>\n","protected":false},"excerpt":{"rendered":"<p>Reconoce labor de Isaac Montoya &nbsp; Naucalpan, M\u00e9x.- La\u00a0 gobernadora del Estado de M\u00e9xico, Delfina G\u00f3mez \u00c1lvarez, visit\u00f3 este municipio,\u00a0 acompa\u00f1ada por el alcalde Isaac Montoya M\u00e1rquez e inici\u00f3 con la Mesa de Coordinaci\u00f3n para la Construcci\u00f3n de la Paz, en el Centro Cultural \u00c1gora del Parque Naucalli, donde destac\u00f3 que el municipio registr\u00f3 una [&hellip;]<\/p>\n","protected":false},"author":14,"featured_media":659335,"comment_status":"open","ping_status":"open","sticky":false,"template":"","format":"standard","meta":{"_monsterinsights_skip_tracking":false,"_monsterinsights_sitenote_active":false,"_monsterinsights_sitenote_note":"","_monsterinsights_sitenote_category":0,"footnotes":""},"categories":[5],"tags":[],"class_list":["post-659334","post","type-post","status-publish","format-standard","has-post-thumbnail","hentry","category-estado-de-mexico"],"_links":{"self":[{"href":"https:\/\/www.diarioimagen.net\/index.php?rest_route=\/wp\/v2\/posts\/659334","targetHints":{"allow":["GET"]}}],"collection":[{"href":"https:\/\/www.diarioimagen.net\/index.php?rest_route=\/wp\/v2\/posts"}],"about":[{"href":"https:\/\/www.diarioimagen.net\/index.php?rest_route=\/wp\/v2\/types\/post"}],"author":[{"embeddable":true,"href":"https:\/\/www.diarioimagen.net\/index.php?rest_route=\/wp\/v2\/users\/14"}],"replies":[{"embeddable":true,"href":"https:\/\/www.diarioimagen.net\/index.php?rest_route=%2Fwp%2Fv2%2Fcomments&post=659334"}],"version-history":[{"count":1,"href":"https:\/\/www.diarioimagen.net\/index.php?rest_route=\/wp\/v2\/posts\/659334\/revisions"}],"predecessor-version":[{"id":659336,"href":"https:\/\/www.diarioimagen.net\/index.php?rest_route=\/wp\/v2\/posts\/659334\/revisions\/659336"}],"wp:featuredmedia":[{"embeddable":true,"href":"https:\/\/www.diarioimagen.net\/index.php?rest_route=\/wp\/v2\/media\/659335"}],"wp:attachment":[{"href":"https:\/\/www.diarioimagen.net\/index.php?rest_route=%2Fwp%2Fv2%2Fmedia&parent=659334"}],"wp:term":[{"taxonomy":"category","embeddable":true,"href":"https:\/\/www.diarioimagen.net\/index.php?rest_route=%2Fwp%2Fv2%2Fcategories&post=659334"},{"taxonomy":"post_tag","embeddable":true,"href":"https:\/\/www.diarioimagen.net\/index.php?rest_route=%2Fwp%2Fv2%2Ftags&post=659334"}],"curies":[{"name":"wp","href":"https:\/\/api.w.org\/{rel}","templated":true}]}}