{"id":659512,"date":"2025-03-13T00:00:26","date_gmt":"2025-03-13T06:00:26","guid":{"rendered":"https:\/\/www.diarioimagen.net\/?p=659512"},"modified":"2025-03-12T20:03:23","modified_gmt":"2025-03-13T02:03:23","slug":"listo-el-edomex-para-el-proceso-electoral-judicial","status":"publish","type":"post","link":"https:\/\/www.diarioimagen.net\/?p=659512","title":{"rendered":"Listo el Edomex para el proceso electoral judicial"},"content":{"rendered":"<div id=\"attachment_659513\" style=\"width: 396px\" class=\"wp-caption alignnone\"><img loading=\"lazy\" decoding=\"async\" aria-describedby=\"caption-attachment-659513\" class=\"wp-image-659513 size-large\" src=\"https:\/\/www.diarioimagen.net\/wp-content\/uploads\/2025\/03\/BAENA-4-6-386x270.jpg\" alt=\"\" width=\"386\" height=\"270\" srcset=\"https:\/\/www.diarioimagen.net\/wp-content\/uploads\/2025\/03\/BAENA-4-6-386x270.jpg 386w, https:\/\/www.diarioimagen.net\/wp-content\/uploads\/2025\/03\/BAENA-4-6-240x168.jpg 240w, https:\/\/www.diarioimagen.net\/wp-content\/uploads\/2025\/03\/BAENA-4-6.jpg 600w\" sizes=\"auto, (max-width: 386px) 100vw, 386px\" \/><p id=\"caption-attachment-659513\" class=\"wp-caption-text\">Listo el Edomex para el proceso electoral judicial<\/p><\/div>\n<p>Toluca, M\u00e9x.- El Instituto Electoral del Estado de M\u00e9xico (IEEM) design\u00f3 a Vocal\u00edas y Consejer\u00edas para el Proceso Electoral Judicial en el Estado de M\u00e9xico. Se Instalar\u00e1n 18 \u00f3rganos desconcentrados de acuerdo a la geograf\u00eda o distrito judicial en la entidad mexiquense. Asimismo, se determin\u00f3 la cantidad de votos v\u00e1lidos que puede emitir cada persona votante en una misma boleta. Durante la D\u00e9cima Segunda Sesi\u00f3n Extraordinaria, la Consejera Presidenta del IEEM, Amalia Pulido G\u00f3mez, destac\u00f3 la importancia de las designaciones, pues los \u00d3rganos Desconcentrados son esenciales para garantizar que los procesos electorales se realicen bajo los principios de certeza, legalidad, imparcialidad, objetividad, profesionalismo y paridad de g\u00e9nero.<\/p>\n","protected":false},"excerpt":{"rendered":"<p>Toluca, M\u00e9x.- El Instituto Electoral del Estado de M\u00e9xico (IEEM) design\u00f3 a Vocal\u00edas y Consejer\u00edas para el Proceso Electoral Judicial en el Estado de M\u00e9xico. Se Instalar\u00e1n 18 \u00f3rganos desconcentrados de acuerdo a la geograf\u00eda o distrito judicial en la entidad mexiquense. Asimismo, se determin\u00f3 la cantidad de votos v\u00e1lidos que puede emitir cada persona [&hellip;]<\/p>\n","protected":false},"author":14,"featured_media":659513,"comment_status":"open","ping_status":"open","sticky":false,"template":"","format":"standard","meta":{"_monsterinsights_skip_tracking":false,"_monsterinsights_sitenote_active":false,"_monsterinsights_sitenote_note":"","_monsterinsights_sitenote_category":0,"footnotes":""},"categories":[5],"tags":[],"class_list":["post-659512","post","type-post","status-publish","format-standard","has-post-thumbnail","hentry","category-estado-de-mexico"],"_links":{"self":[{"href":"https:\/\/www.diarioimagen.net\/index.php?rest_route=\/wp\/v2\/posts\/659512","targetHints":{"allow":["GET"]}}],"collection":[{"href":"https:\/\/www.diarioimagen.net\/index.php?rest_route=\/wp\/v2\/posts"}],"about":[{"href":"https:\/\/www.diarioimagen.net\/index.php?rest_route=\/wp\/v2\/types\/post"}],"author":[{"embeddable":true,"href":"https:\/\/www.diarioimagen.net\/index.php?rest_route=\/wp\/v2\/users\/14"}],"replies":[{"embeddable":true,"href":"https:\/\/www.diarioimagen.net\/index.php?rest_route=%2Fwp%2Fv2%2Fcomments&post=659512"}],"version-history":[{"count":1,"href":"https:\/\/www.diarioimagen.net\/index.php?rest_route=\/wp\/v2\/posts\/659512\/revisions"}],"predecessor-version":[{"id":659514,"href":"https:\/\/www.diarioimagen.net\/index.php?rest_route=\/wp\/v2\/posts\/659512\/revisions\/659514"}],"wp:featuredmedia":[{"embeddable":true,"href":"https:\/\/www.diarioimagen.net\/index.php?rest_route=\/wp\/v2\/media\/659513"}],"wp:attachment":[{"href":"https:\/\/www.diarioimagen.net\/index.php?rest_route=%2Fwp%2Fv2%2Fmedia&parent=659512"}],"wp:term":[{"taxonomy":"category","embeddable":true,"href":"https:\/\/www.diarioimagen.net\/index.php?rest_route=%2Fwp%2Fv2%2Fcategories&post=659512"},{"taxonomy":"post_tag","embeddable":true,"href":"https:\/\/www.diarioimagen.net\/index.php?rest_route=%2Fwp%2Fv2%2Ftags&post=659512"}],"curies":[{"name":"wp","href":"https:\/\/api.w.org\/{rel}","templated":true}]}}