{"id":659677,"date":"2025-03-14T00:00:47","date_gmt":"2025-03-14T06:00:47","guid":{"rendered":"https:\/\/www.diarioimagen.net\/?p=659677"},"modified":"2025-03-13T20:54:40","modified_gmt":"2025-03-14T02:54:40","slug":"entregan-al-dif-mexiquense-al-bebe-abandonado-en-tultitlan","status":"publish","type":"post","link":"https:\/\/www.diarioimagen.net\/?p=659677","title":{"rendered":"Entregan al DIF mexiquense al beb\u00e9 abandonado en Tultitl\u00e1n"},"content":{"rendered":"<p><img loading=\"lazy\" decoding=\"async\" class=\"alignnone wp-image-659679 size-large\" src=\"https:\/\/www.diarioimagen.net\/wp-content\/uploads\/2025\/03\/BAENA-4-7-460x270.jpg\" alt=\"\" width=\"460\" height=\"270\" srcset=\"https:\/\/www.diarioimagen.net\/wp-content\/uploads\/2025\/03\/BAENA-4-7-460x270.jpg 460w, https:\/\/www.diarioimagen.net\/wp-content\/uploads\/2025\/03\/BAENA-4-7-240x141.jpg 240w, https:\/\/www.diarioimagen.net\/wp-content\/uploads\/2025\/03\/BAENA-4-7.jpg 750w\" sizes=\"auto, (max-width: 460px) 100vw, 460px\" \/><\/p>\n<p>&nbsp;<\/p>\n<p>Valle de M\u00e9xico.- El beb\u00e9 abandonado en una bolsa de pl\u00e1stico en el municipio de Tultitl\u00e1n en febrero pasado, que fue atendido por el Hospital Regional de Alta Especialidad Bicentenario Independencia, fue dado de alta este mi\u00e9rcoles y entregado al Sistema para el Desarrollo Integral de la Familia (DIF) del Estado de M\u00e9xico. El director general del ISSSTE, Mart\u00ed Batres Guadarrama inform\u00f3 que la salud del reci\u00e9n nacido evolucion\u00f3 satisfactoriamente y se encuentra en condiciones \u00f3ptimas. De esta manera, el beb\u00e9 de 29 d\u00edas de vida fue entregado al DIF del Estado de M\u00e9xico, ya que asumi\u00f3 la representaci\u00f3n del menor en suplencia, a trav\u00e9s de la Procuradur\u00eda Estatal de Protecci\u00f3n de Ni\u00f1as, Ni\u00f1os y Adolescentes.<\/p>\n","protected":false},"excerpt":{"rendered":"<p>&nbsp; Valle de M\u00e9xico.- El beb\u00e9 abandonado en una bolsa de pl\u00e1stico en el municipio de Tultitl\u00e1n en febrero pasado, que fue atendido por el Hospital Regional de Alta Especialidad Bicentenario Independencia, fue dado de alta este mi\u00e9rcoles y entregado al Sistema para el Desarrollo Integral de la Familia (DIF) del Estado de M\u00e9xico. El [&hellip;]<\/p>\n","protected":false},"author":14,"featured_media":659679,"comment_status":"open","ping_status":"open","sticky":false,"template":"","format":"standard","meta":{"_monsterinsights_skip_tracking":false,"_monsterinsights_sitenote_active":false,"_monsterinsights_sitenote_note":"","_monsterinsights_sitenote_category":0,"footnotes":""},"categories":[5],"tags":[],"class_list":["post-659677","post","type-post","status-publish","format-standard","has-post-thumbnail","hentry","category-estado-de-mexico"],"_links":{"self":[{"href":"https:\/\/www.diarioimagen.net\/index.php?rest_route=\/wp\/v2\/posts\/659677","targetHints":{"allow":["GET"]}}],"collection":[{"href":"https:\/\/www.diarioimagen.net\/index.php?rest_route=\/wp\/v2\/posts"}],"about":[{"href":"https:\/\/www.diarioimagen.net\/index.php?rest_route=\/wp\/v2\/types\/post"}],"author":[{"embeddable":true,"href":"https:\/\/www.diarioimagen.net\/index.php?rest_route=\/wp\/v2\/users\/14"}],"replies":[{"embeddable":true,"href":"https:\/\/www.diarioimagen.net\/index.php?rest_route=%2Fwp%2Fv2%2Fcomments&post=659677"}],"version-history":[{"count":1,"href":"https:\/\/www.diarioimagen.net\/index.php?rest_route=\/wp\/v2\/posts\/659677\/revisions"}],"predecessor-version":[{"id":659680,"href":"https:\/\/www.diarioimagen.net\/index.php?rest_route=\/wp\/v2\/posts\/659677\/revisions\/659680"}],"wp:featuredmedia":[{"embeddable":true,"href":"https:\/\/www.diarioimagen.net\/index.php?rest_route=\/wp\/v2\/media\/659679"}],"wp:attachment":[{"href":"https:\/\/www.diarioimagen.net\/index.php?rest_route=%2Fwp%2Fv2%2Fmedia&parent=659677"}],"wp:term":[{"taxonomy":"category","embeddable":true,"href":"https:\/\/www.diarioimagen.net\/index.php?rest_route=%2Fwp%2Fv2%2Fcategories&post=659677"},{"taxonomy":"post_tag","embeddable":true,"href":"https:\/\/www.diarioimagen.net\/index.php?rest_route=%2Fwp%2Fv2%2Ftags&post=659677"}],"curies":[{"name":"wp","href":"https:\/\/api.w.org\/{rel}","templated":true}]}}