{"id":659742,"date":"2025-03-14T00:00:57","date_gmt":"2025-03-14T06:00:57","guid":{"rendered":"https:\/\/www.diarioimagen.net\/?p=659742"},"modified":"2025-03-13T21:20:58","modified_gmt":"2025-03-14T03:20:58","slug":"ramon-ayala-contara-la-historia-de-un-final","status":"publish","type":"post","link":"https:\/\/www.diarioimagen.net\/?p=659742","title":{"rendered":"\u00a0  Ram\u00f3n Ayala contar\u00e1:  La Historia De Un Final"},"content":{"rendered":"<ul>\n<li><strong>El rey del acorde\u00f3n se despide de los escenarios<\/strong><\/li>\n<li><strong>Llegar\u00e1 a la Arena Monterrey el 12 Septiembre y a la Arena CDMX el 13 del mismo mes<\/strong><\/li>\n<\/ul>\n<p>&nbsp;<\/p>\n<div id=\"attachment_659743\" style=\"width: 162px\" class=\"wp-caption alignnone\"><img loading=\"lazy\" decoding=\"async\" aria-describedby=\"caption-attachment-659743\" class=\"wp-image-659743 size-large\" src=\"https:\/\/www.diarioimagen.net\/wp-content\/uploads\/2025\/03\/RAMON-152x270.jpeg\" alt=\"\" width=\"152\" height=\"270\" srcset=\"https:\/\/www.diarioimagen.net\/wp-content\/uploads\/2025\/03\/RAMON-152x270.jpeg 152w, https:\/\/www.diarioimagen.net\/wp-content\/uploads\/2025\/03\/RAMON-135x240.jpeg 135w, https:\/\/www.diarioimagen.net\/wp-content\/uploads\/2025\/03\/RAMON-768x1365.jpeg 768w, https:\/\/www.diarioimagen.net\/wp-content\/uploads\/2025\/03\/RAMON-864x1536.jpeg 864w, https:\/\/www.diarioimagen.net\/wp-content\/uploads\/2025\/03\/RAMON-1152x2048.jpeg 1152w, https:\/\/www.diarioimagen.net\/wp-content\/uploads\/2025\/03\/RAMON.jpeg 1333w\" sizes=\"auto, (max-width: 152px) 100vw, 152px\" \/><p id=\"caption-attachment-659743\" class=\"wp-caption-text\">Ram\u00f3n Ayala trae tras de s\u00ed una trayectoria musical impecable que cerrar\u00e1 con su gira La historia de un final.<\/p><\/div>\n<p>Cuando una leyenda musical se despide de los escenarios se debe celebrar por todo lo alto.<\/p>\n<p>Es por esto que el gran Ram\u00f3n Ayala escogi\u00f3 a la Arena Monterrey y la Arena CDMX para decirle adi\u00f3s a su p\u00fablico que lo ha acompa\u00f1ado durante m\u00e1s de 60 a\u00f1os de carrera con dos magnos conciertos en M\u00e9xico, y en los cuales se anticipan un par de noches inolvidables llenas de los m\u00e1s grandes \u00e9xitos de unos de los iconos m\u00e1s importantes de la m\u00fasica regional de nuestro pa\u00eds.<\/p>\n<p>&nbsp;<\/p>\n<p>Originario de Monterrey, Nuevo Le\u00f3n, Ram\u00f3n Ayala trae tras de s\u00ed una trayectoria musical impecable que cerrar\u00e1 con su gira La historia de un final y que abarcar\u00e1 diversas ciudad de Estados Unidos, as\u00ed como las ya mencionadas Arena Monterrey el 12 de septiembre y la Arena CDMX el 13 de septiembre de este a\u00f1o.<\/p>\n<p>&nbsp;<\/p>\n<p>Entre sus grandes \u00e9xitos se encuentran temas como Mi piquito de oro, Qu\u00e9 casualidad y Tragos amargos, los cuales le han valido cientos de reconocimientos a nivel internacional, siendo sus 4 premios Grammy los m\u00e1s importantes recibidos durante toda su carrera.<\/p>\n<p>&nbsp;<\/p>\n<p>Con m\u00e1s de 100 discos producto de 6 d\u00e9cadas de trabajo arduo y constante Ram\u00f3n Ayala, El Rey del Acorde\u00f3n, dir\u00e1 adi\u00f3s a los escenarios en la Arena Monterrey el 12 de septiembre y la Arena CDMX el 13 de septiembre.<\/p>\n<p>&nbsp;<\/p>\n<p>Informaci\u00f3n General<\/p>\n<p>&nbsp;<\/p>\n<p>Arena Monterrey:<\/p>\n<p>&#8211; Venta al p\u00fablico en general: a partir del viernes 14 de marzo a las 10 am. a trav\u00e9s del sistema www.superboletos.com, en taquillas de la Arena Monterrey, El Palacio de Hierro e Innovasport.<\/p>\n<p>&nbsp;<\/p>\n<p>Arena CDMX:<\/p>\n<p>&#8211; Venta al p\u00fablico en general: a partir del viernes 14 de marzo a las 10 am. a trav\u00e9s del sistema www.superboletos.com, en taquillas de la Arena CDMX, El Palacio de Hierro y Soriana.<\/p>\n<p>&nbsp;<\/p>\n<p>&nbsp;<\/p>\n","protected":false},"excerpt":{"rendered":"<p>El rey del acorde\u00f3n se despide de los escenarios Llegar\u00e1 a la Arena Monterrey el 12 Septiembre y a la Arena CDMX el 13 del mismo mes &nbsp; Cuando una leyenda musical se despide de los escenarios se debe celebrar por todo lo alto. Es por esto que el gran Ram\u00f3n Ayala escogi\u00f3 a la [&hellip;]<\/p>\n","protected":false},"author":14,"featured_media":659743,"comment_status":"open","ping_status":"open","sticky":false,"template":"","format":"standard","meta":{"_monsterinsights_skip_tracking":false,"_monsterinsights_sitenote_active":false,"_monsterinsights_sitenote_note":"","_monsterinsights_sitenote_category":0,"footnotes":""},"categories":[12],"tags":[],"class_list":["post-659742","post","type-post","status-publish","format-standard","has-post-thumbnail","hentry","category-espectaculos"],"_links":{"self":[{"href":"https:\/\/www.diarioimagen.net\/index.php?rest_route=\/wp\/v2\/posts\/659742","targetHints":{"allow":["GET"]}}],"collection":[{"href":"https:\/\/www.diarioimagen.net\/index.php?rest_route=\/wp\/v2\/posts"}],"about":[{"href":"https:\/\/www.diarioimagen.net\/index.php?rest_route=\/wp\/v2\/types\/post"}],"author":[{"embeddable":true,"href":"https:\/\/www.diarioimagen.net\/index.php?rest_route=\/wp\/v2\/users\/14"}],"replies":[{"embeddable":true,"href":"https:\/\/www.diarioimagen.net\/index.php?rest_route=%2Fwp%2Fv2%2Fcomments&post=659742"}],"version-history":[{"count":1,"href":"https:\/\/www.diarioimagen.net\/index.php?rest_route=\/wp\/v2\/posts\/659742\/revisions"}],"predecessor-version":[{"id":659744,"href":"https:\/\/www.diarioimagen.net\/index.php?rest_route=\/wp\/v2\/posts\/659742\/revisions\/659744"}],"wp:featuredmedia":[{"embeddable":true,"href":"https:\/\/www.diarioimagen.net\/index.php?rest_route=\/wp\/v2\/media\/659743"}],"wp:attachment":[{"href":"https:\/\/www.diarioimagen.net\/index.php?rest_route=%2Fwp%2Fv2%2Fmedia&parent=659742"}],"wp:term":[{"taxonomy":"category","embeddable":true,"href":"https:\/\/www.diarioimagen.net\/index.php?rest_route=%2Fwp%2Fv2%2Fcategories&post=659742"},{"taxonomy":"post_tag","embeddable":true,"href":"https:\/\/www.diarioimagen.net\/index.php?rest_route=%2Fwp%2Fv2%2Ftags&post=659742"}],"curies":[{"name":"wp","href":"https:\/\/api.w.org\/{rel}","templated":true}]}}