{"id":659842,"date":"2025-03-17T00:00:48","date_gmt":"2025-03-17T06:00:48","guid":{"rendered":"https:\/\/www.diarioimagen.net\/?p=659842"},"modified":"2025-03-16T19:22:45","modified_gmt":"2025-03-17T01:22:45","slug":"mano-dura-contra-quienes-saquearon-alcaldias-demanda-horacio-jimenez-lopez","status":"publish","type":"post","link":"https:\/\/www.diarioimagen.net\/?p=659842","title":{"rendered":"Mano dura contra quienes saquearon  alcald\u00edas, demanda Horacio Jim\u00e9nez L\u00f3pez"},"content":{"rendered":"<ul>\n<li><strong>Se detectaron desv\u00edos millonarios<\/strong><\/li>\n<\/ul>\n<div id=\"attachment_659843\" style=\"width: 661px\" class=\"wp-caption alignnone\"><img loading=\"lazy\" decoding=\"async\" aria-describedby=\"caption-attachment-659843\" class=\"size-full wp-image-659843\" src=\"https:\/\/www.diarioimagen.net\/wp-content\/uploads\/2025\/03\/BAENA-1-7.jpg\" alt=\"\" width=\"651\" height=\"420\" srcset=\"https:\/\/www.diarioimagen.net\/wp-content\/uploads\/2025\/03\/BAENA-1-7.jpg 651w, https:\/\/www.diarioimagen.net\/wp-content\/uploads\/2025\/03\/BAENA-1-7-240x155.jpg 240w, https:\/\/www.diarioimagen.net\/wp-content\/uploads\/2025\/03\/BAENA-1-7-419x270.jpg 419w\" sizes=\"auto, (max-width: 651px) 100vw, 651px\" \/><p id=\"caption-attachment-659843\" class=\"wp-caption-text\">Horacio Jim\u00e9nez L\u00f3pez se\u00f1al\u00f3 que hay denuncias, por irregularidades, en contra de las gestiones de alcald\u00edas como las de Tlalnepantla, Cuautitl\u00e1n Izcalli y Ecatepec, entre otras.<\/p><\/div>\n<p>Por Arturo Baena<\/p>\n<p>&nbsp;<\/p>\n<p>Valle de M\u00e9xico.- El \u00d3rgano de Fiscalizaci\u00f3n del Estado de M\u00e9xico (OSFEM) y la Fiscal\u00eda General de Justicia del Estado de M\u00e9xico (FGJEM) no deben de dar carpetazo a las denuncias de irregularidades cometidas durante las pasadas administraci\u00f3n y actuar, en el marco de la Ley, contra ex alcaldes y funcionarios de varios municipios mexiquenses que cometieron il\u00edcitos.<\/p>\n<p>&nbsp;<\/p>\n<p>As\u00ed lo expres\u00f3 en entrevista el polit\u00f3logo Horacio Jim\u00e9nez L\u00f3pez, al tiempo de se\u00f1alar que \u201chay denuncias en contra de las gestiones de alcald\u00edas\u00a0 como las de Tlalnepantla, Cuautitl\u00e1n Izcalli y Ecatepec, entre otras, en las que despu\u00e9s de auditorias, se detectaron desv\u00edos millonarios en perjuicio de los ciudadanos que deben de ser debidamente sancionados\u201d.<\/p>\n<p>&nbsp;<\/p>\n<p>El tambi\u00e9n ex diputado local record\u00f3 que los actuales presidentes municipales Raciel P\u00e9rez. Daniel Serrano y Azucena Cisneros dieron a conocer que se cometieron\u00a0 diversas anomal\u00edas administrativas de los ex mun\u00edcipes, por cantidades millonarias\u00a0 qu\u00e9 deben ser sancionados como lo establece la Ley.<\/p>\n<p>&nbsp;<\/p>\n<p>\u201cLas autoridades competentes tienen la obligaci\u00f3n de actuar en contra de quienes saquearon las arcas municipales. Ha trascendido que en breve se llamara a rendir cuentas tanto a x alcaldes y funcionarios de varios municipios mexiquenses, que actuaron de manera irregular. No dudo de que m\u00e1s de uno ir\u00e1 a parar la presi\u00f3n\u201d, reiter\u00f3.<\/p>\n<p>&nbsp;<\/p>\n<p>Por otra parte, Jim\u00e9nez L\u00f3pez, puntualiz\u00f3 que \u201chay evidencias, seg\u00fan las denuncias presentadas, de que estos il\u00edcitos se cometieron a trav\u00e9s de los organismos de agua y obras, pero ser\u00e1 la autoridad correspondiente, la que determine si efectivamente hubo o no irregularidades administrativas\u201d.<\/p>\n<p>&nbsp;<\/p>\n<p>Finalmente, el ex legislador destac\u00f3 que \u00abnadie est\u00e1 por encima de la Ley, y se debe sancionar y actuar con mano dura contra quienes les fallaron a la sociedad, tr\u00e1tese de quien se trate\u00bb, concluy\u00f3.<\/p>\n<p>&nbsp;<\/p>\n<p>&nbsp;<\/p>\n","protected":false},"excerpt":{"rendered":"<p>Se detectaron desv\u00edos millonarios Por Arturo Baena &nbsp; Valle de M\u00e9xico.- El \u00d3rgano de Fiscalizaci\u00f3n del Estado de M\u00e9xico (OSFEM) y la Fiscal\u00eda General de Justicia del Estado de M\u00e9xico (FGJEM) no deben de dar carpetazo a las denuncias de irregularidades cometidas durante las pasadas administraci\u00f3n y actuar, en el marco de la Ley, contra [&hellip;]<\/p>\n","protected":false},"author":14,"featured_media":659843,"comment_status":"open","ping_status":"open","sticky":false,"template":"","format":"standard","meta":{"_monsterinsights_skip_tracking":false,"_monsterinsights_sitenote_active":false,"_monsterinsights_sitenote_note":"","_monsterinsights_sitenote_category":0,"footnotes":""},"categories":[5],"tags":[],"class_list":["post-659842","post","type-post","status-publish","format-standard","has-post-thumbnail","hentry","category-estado-de-mexico"],"_links":{"self":[{"href":"https:\/\/www.diarioimagen.net\/index.php?rest_route=\/wp\/v2\/posts\/659842","targetHints":{"allow":["GET"]}}],"collection":[{"href":"https:\/\/www.diarioimagen.net\/index.php?rest_route=\/wp\/v2\/posts"}],"about":[{"href":"https:\/\/www.diarioimagen.net\/index.php?rest_route=\/wp\/v2\/types\/post"}],"author":[{"embeddable":true,"href":"https:\/\/www.diarioimagen.net\/index.php?rest_route=\/wp\/v2\/users\/14"}],"replies":[{"embeddable":true,"href":"https:\/\/www.diarioimagen.net\/index.php?rest_route=%2Fwp%2Fv2%2Fcomments&post=659842"}],"version-history":[{"count":1,"href":"https:\/\/www.diarioimagen.net\/index.php?rest_route=\/wp\/v2\/posts\/659842\/revisions"}],"predecessor-version":[{"id":659844,"href":"https:\/\/www.diarioimagen.net\/index.php?rest_route=\/wp\/v2\/posts\/659842\/revisions\/659844"}],"wp:featuredmedia":[{"embeddable":true,"href":"https:\/\/www.diarioimagen.net\/index.php?rest_route=\/wp\/v2\/media\/659843"}],"wp:attachment":[{"href":"https:\/\/www.diarioimagen.net\/index.php?rest_route=%2Fwp%2Fv2%2Fmedia&parent=659842"}],"wp:term":[{"taxonomy":"category","embeddable":true,"href":"https:\/\/www.diarioimagen.net\/index.php?rest_route=%2Fwp%2Fv2%2Fcategories&post=659842"},{"taxonomy":"post_tag","embeddable":true,"href":"https:\/\/www.diarioimagen.net\/index.php?rest_route=%2Fwp%2Fv2%2Ftags&post=659842"}],"curies":[{"name":"wp","href":"https:\/\/api.w.org\/{rel}","templated":true}]}}