{"id":659859,"date":"2025-03-17T00:00:41","date_gmt":"2025-03-17T06:00:41","guid":{"rendered":"https:\/\/www.diarioimagen.net\/?p=659859"},"modified":"2025-03-16T19:30:48","modified_gmt":"2025-03-17T01:30:48","slug":"bolsa-crediticia-de-136-millones-de-pesos","status":"publish","type":"post","link":"https:\/\/www.diarioimagen.net\/?p=659859","title":{"rendered":"Bolsa crediticia de 136 millones de pesos"},"content":{"rendered":"<p>&nbsp;<\/p>\n<p><strong>\u00a0<\/strong><\/p>\n<ul>\n<li><strong>Respaldo a los medianos productores del campo <\/strong><\/li>\n<\/ul>\n<p><strong>\u00a0<\/strong><\/p>\n<div id=\"attachment_659860\" style=\"width: 398px\" class=\"wp-caption alignnone\"><img loading=\"lazy\" decoding=\"async\" aria-describedby=\"caption-attachment-659860\" class=\"wp-image-659860 size-large\" src=\"https:\/\/www.diarioimagen.net\/wp-content\/uploads\/2025\/03\/EDOMEX-2-8-388x270.jpeg\" alt=\"\" width=\"388\" height=\"270\" srcset=\"https:\/\/www.diarioimagen.net\/wp-content\/uploads\/2025\/03\/EDOMEX-2-8-388x270.jpeg 388w, https:\/\/www.diarioimagen.net\/wp-content\/uploads\/2025\/03\/EDOMEX-2-8-240x167.jpeg 240w, https:\/\/www.diarioimagen.net\/wp-content\/uploads\/2025\/03\/EDOMEX-2-8-768x534.jpeg 768w, https:\/\/www.diarioimagen.net\/wp-content\/uploads\/2025\/03\/EDOMEX-2-8.jpeg 1280w\" sizes=\"auto, (max-width: 388px) 100vw, 388px\" \/><p id=\"caption-attachment-659860\" class=\"wp-caption-text\">El gobierno del Edomex y los Fideicomisos Instituidos en Relaci\u00f3n con la Agricultura firmaron un acuerdo para facilitar y respaldar cr\u00e9ditos a las y los medianos productores agropecuarios mexiquenses.<\/p><\/div>\n<p><strong>\u00a0<\/strong><\/p>\n<p><strong>\u00a0<\/strong><\/p>\n<p><strong>\u00a0<\/strong><\/p>\n<p>&nbsp;<\/p>\n<p>Toluca, Estado de M\u00e9xico.\u2013 La Secretar\u00eda del Campo del Estado de M\u00e9xico (SeCampo) y los Fideicomisos Instituidos en Relaci\u00f3n con la Agricultura (FIRA) firmaron un acuerdo para facilitar y respaldar cr\u00e9ditos a las y los medianos productores agropecuarios, a fin de fortalecer sus negocios, mejorar procesos, innovar y exportar sus productos.<\/p>\n<p>\u201cEsto los va a fortalecer mucho, les permitir\u00e1 innovar y tener mejores condiciones para exportar a floricultores, aguacateros y ganaderos, entre otros\u201d, apunt\u00f3 Mar\u00eda Eugenia Rojano Vald\u00e9s, Secretaria del Campo.<\/p>\n<p>La dependencia estatal respaldar\u00e1 una bolsa crediticia de m\u00e1s de 136 millones de pesos del FIRA, a trav\u00e9s del Programa de Financiamiento a la Mediana Empresa Agroalimentaria y Rural (PROEM).<\/p>\n<p>Mar\u00eda Eugenia Rojano Vald\u00e9s indic\u00f3 que los cr\u00e9ditos ser\u00e1n de gran apoyo para los medianos productores, quienes tienen necesidades diferentes a los peque\u00f1os, para consolidar sus empresas.<\/p>\n<p>\u201cAyer est\u00e1bamos con productores de ma\u00edz y nos dec\u00edan: \u2018nosotros necesitamos otro impulso, otro apoyo, queremos centros de acopio y otras cosas que nos ayuden a fortalecer nuestro producto\u2019 nos comentaban algunos compa\u00f1eros en esa reuni\u00f3n\u201d, relat\u00f3 Mar\u00eda Eugenia Rojano Vald\u00e9s, Titular de la SeCampo.<\/p>\n<p>Esta colaboraci\u00f3n tambi\u00e9n permitir\u00e1 que las y los agricultores accedan a cr\u00e9ditos y otros servicios de instituciones como Sociedades Financieras de Objeto M\u00faltiple (Sofomes); Sociedades Financieras Populares (Sofipo); cooperativas de ahorro y pr\u00e9stamo; uniones de cr\u00e9dito, y bancos, debidamente calificados para otorgar cr\u00e9dito sano.<\/p>\n<p>A su vez, Jes\u00fas Alan Elizondo Flores, Director General de FIRA, se\u00f1al\u00f3 que la agricultura del Estado de M\u00e9xico m\u00e1s all\u00e1 de proporcionar alimentos es un factor de estabilidad econ\u00f3mica e ingreso de divisas, adem\u00e1s de un factor de equilibrio en los ciclos del agua, del carbono y del nitr\u00f3geno, para lo cual se necesita inversi\u00f3n.<\/p>\n<p>\u201cNuestro compromiso es que se haga el mejor uso de este cr\u00e9dito, que apalanque su potencia y hagan un uso eficiente del recurso\u201d, dijo Jes\u00fas Alan Elizondo Flores.<\/p>\n<p>&nbsp;<\/p>\n<p>&nbsp;<\/p>\n<p><strong>\u00a0<\/strong><\/p>\n<p>&nbsp;<\/p>\n<p><strong>\u00a0<\/strong><\/p>\n<p>&nbsp;<\/p>\n","protected":false},"excerpt":{"rendered":"<p>&nbsp; \u00a0 Respaldo a los medianos productores del campo \u00a0 \u00a0 \u00a0 \u00a0 &nbsp; Toluca, Estado de M\u00e9xico.\u2013 La Secretar\u00eda del Campo del Estado de M\u00e9xico (SeCampo) y los Fideicomisos Instituidos en Relaci\u00f3n con la Agricultura (FIRA) firmaron un acuerdo para facilitar y respaldar cr\u00e9ditos a las y los medianos productores agropecuarios, a fin de [&hellip;]<\/p>\n","protected":false},"author":14,"featured_media":659860,"comment_status":"open","ping_status":"open","sticky":false,"template":"","format":"standard","meta":{"_monsterinsights_skip_tracking":false,"_monsterinsights_sitenote_active":false,"_monsterinsights_sitenote_note":"","_monsterinsights_sitenote_category":0,"footnotes":""},"categories":[5],"tags":[],"class_list":["post-659859","post","type-post","status-publish","format-standard","has-post-thumbnail","hentry","category-estado-de-mexico"],"_links":{"self":[{"href":"https:\/\/www.diarioimagen.net\/index.php?rest_route=\/wp\/v2\/posts\/659859","targetHints":{"allow":["GET"]}}],"collection":[{"href":"https:\/\/www.diarioimagen.net\/index.php?rest_route=\/wp\/v2\/posts"}],"about":[{"href":"https:\/\/www.diarioimagen.net\/index.php?rest_route=\/wp\/v2\/types\/post"}],"author":[{"embeddable":true,"href":"https:\/\/www.diarioimagen.net\/index.php?rest_route=\/wp\/v2\/users\/14"}],"replies":[{"embeddable":true,"href":"https:\/\/www.diarioimagen.net\/index.php?rest_route=%2Fwp%2Fv2%2Fcomments&post=659859"}],"version-history":[{"count":1,"href":"https:\/\/www.diarioimagen.net\/index.php?rest_route=\/wp\/v2\/posts\/659859\/revisions"}],"predecessor-version":[{"id":659861,"href":"https:\/\/www.diarioimagen.net\/index.php?rest_route=\/wp\/v2\/posts\/659859\/revisions\/659861"}],"wp:featuredmedia":[{"embeddable":true,"href":"https:\/\/www.diarioimagen.net\/index.php?rest_route=\/wp\/v2\/media\/659860"}],"wp:attachment":[{"href":"https:\/\/www.diarioimagen.net\/index.php?rest_route=%2Fwp%2Fv2%2Fmedia&parent=659859"}],"wp:term":[{"taxonomy":"category","embeddable":true,"href":"https:\/\/www.diarioimagen.net\/index.php?rest_route=%2Fwp%2Fv2%2Fcategories&post=659859"},{"taxonomy":"post_tag","embeddable":true,"href":"https:\/\/www.diarioimagen.net\/index.php?rest_route=%2Fwp%2Fv2%2Ftags&post=659859"}],"curies":[{"name":"wp","href":"https:\/\/api.w.org\/{rel}","templated":true}]}}