{"id":659878,"date":"2025-03-17T00:00:49","date_gmt":"2025-03-17T06:00:49","guid":{"rendered":"https:\/\/www.diarioimagen.net\/?p=659878"},"modified":"2025-03-16T19:42:57","modified_gmt":"2025-03-17T01:42:57","slug":"pablito-mix-nos-presenta-su-nuevo-sencillo-tu-culito","status":"publish","type":"post","link":"https:\/\/www.diarioimagen.net\/?p=659878","title":{"rendered":"Pablito Mix nos presenta su nuevo sencillo \u201cTu Culito\u201d"},"content":{"rendered":"<ul>\n<li><strong>Junto a Ledavile y BrandonSkrt<\/strong><\/li>\n<li><strong>Es pionero del Cumbiat\u00f3n y precursor del Reguet\u00f3n mexa<\/strong><\/li>\n<\/ul>\n<div id=\"attachment_659879\" style=\"width: 280px\" class=\"wp-caption alignnone\"><img loading=\"lazy\" decoding=\"async\" aria-describedby=\"caption-attachment-659879\" class=\"wp-image-659879 size-large\" src=\"https:\/\/www.diarioimagen.net\/wp-content\/uploads\/2025\/03\/PABLITO-270x270.jpeg\" alt=\"\" width=\"270\" height=\"270\" srcset=\"https:\/\/www.diarioimagen.net\/wp-content\/uploads\/2025\/03\/PABLITO-270x270.jpeg 270w, https:\/\/www.diarioimagen.net\/wp-content\/uploads\/2025\/03\/PABLITO-240x240.jpeg 240w, https:\/\/www.diarioimagen.net\/wp-content\/uploads\/2025\/03\/PABLITO-150x150.jpeg 150w, https:\/\/www.diarioimagen.net\/wp-content\/uploads\/2025\/03\/PABLITO-768x768.jpeg 768w, https:\/\/www.diarioimagen.net\/wp-content\/uploads\/2025\/03\/PABLITO-50x50.jpeg 50w, https:\/\/www.diarioimagen.net\/wp-content\/uploads\/2025\/03\/PABLITO-75x75.jpeg 75w, https:\/\/www.diarioimagen.net\/wp-content\/uploads\/2025\/03\/PABLITO-70x70.jpeg 70w, https:\/\/www.diarioimagen.net\/wp-content\/uploads\/2025\/03\/PABLITO.jpeg 1333w\" sizes=\"auto, (max-width: 270px) 100vw, 270px\" \/><p id=\"caption-attachment-659879\" class=\"wp-caption-text\">De la mano de Ledavile y Brandonskrt nos regala \u00abTu Culito\u00bb, un track energ\u00e9tico y divertido, con grandes barras y un coro pegajoso.<\/p><\/div>\n<p>El legendario productor, pionero del Cumbiat\u00f3n y precursor del Reguet\u00f3n mexa, Pablito Mix, vuelve apost\u00e1ndole al nuevo talento.<\/p>\n<p>&nbsp;<\/p>\n<p>De la mano de Ledavile y Brandonskrt nos regala \u00abTu Culito\u00bb, un track energ\u00e9tico y divertido, con grandes barras y un coro pegajoso.<\/p>\n<p>&nbsp;<\/p>\n<p>Este single promete volverse un himno en la fiesta y en las tendencias de TikTok. El video es divertido y din\u00e1mico con la participaci\u00f3n de los artistas y funciona como el complemento perfecto para el ritmo tan ic\u00f3nico del sencillo.<\/p>\n<p>&nbsp;<\/p>\n<p>Pablo Alejandro, mejor conocido como Pablito Mix, DJ y productor Musical originario de la Ciudad de M\u00e9xico, inici\u00f3 su carrera a la edad de 13 a\u00f1os. Ha participado en festivales como el Red Bull Music Academy en la ciudad de Nueva York, el Vive Latino y sus recientes participaciones en el EDC M\u00e9xico y EDC Las Vegas.<\/p>\n<p>&nbsp;<\/p>\n<p>As\u00edmismo, ha compartido escenarios con DJ\u2019s internacionales de la talla de Diplo y DJ Snake. Y artistas como J Balvin, Maluma, Don Omar, Wisin Y Yandel, Plan B, Arc\u00e1ngel, entre otros m\u00e1s. Despu\u00e9s de una exitosa gira por Europa (Alemania, Holanda, Francia, B\u00e9lgica e Inglaterra), Pablito Mix alterna en los clubs m\u00e1s exclusivos de M\u00e9xico y el mundo.<\/p>\n<p>&nbsp;<\/p>\n<p>La inquietud de expandir sus fronteras musicales han llevado al pionero del g\u00e9nero musical Cumbiat\u00f3n a desarrollar un sonido m\u00e1s completo, envolvente y atrevido, combin\u00e1ndolo con g\u00e9neros como el Reguet\u00f3n, Dancehall, Trap, Hip-Hop y Electr\u00f3nica en general. Actualmente con m\u00e1s de 15 a\u00f1os de carrera, se ha posicionado como el DJ m\u00e1s influyente del g\u00e9nero urbano en M\u00e9xico.<\/p>\n<p><strong>\u00a0<\/strong><\/p>\n<p>&nbsp;<\/p>\n<p>&nbsp;<\/p>\n<p>&nbsp;<\/p>\n","protected":false},"excerpt":{"rendered":"<p>Junto a Ledavile y BrandonSkrt Es pionero del Cumbiat\u00f3n y precursor del Reguet\u00f3n mexa El legendario productor, pionero del Cumbiat\u00f3n y precursor del Reguet\u00f3n mexa, Pablito Mix, vuelve apost\u00e1ndole al nuevo talento. &nbsp; De la mano de Ledavile y Brandonskrt nos regala \u00abTu Culito\u00bb, un track energ\u00e9tico y divertido, con grandes barras y un coro [&hellip;]<\/p>\n","protected":false},"author":14,"featured_media":659879,"comment_status":"open","ping_status":"open","sticky":false,"template":"","format":"standard","meta":{"_monsterinsights_skip_tracking":false,"_monsterinsights_sitenote_active":false,"_monsterinsights_sitenote_note":"","_monsterinsights_sitenote_category":0,"footnotes":""},"categories":[12],"tags":[],"class_list":["post-659878","post","type-post","status-publish","format-standard","has-post-thumbnail","hentry","category-espectaculos"],"_links":{"self":[{"href":"https:\/\/www.diarioimagen.net\/index.php?rest_route=\/wp\/v2\/posts\/659878","targetHints":{"allow":["GET"]}}],"collection":[{"href":"https:\/\/www.diarioimagen.net\/index.php?rest_route=\/wp\/v2\/posts"}],"about":[{"href":"https:\/\/www.diarioimagen.net\/index.php?rest_route=\/wp\/v2\/types\/post"}],"author":[{"embeddable":true,"href":"https:\/\/www.diarioimagen.net\/index.php?rest_route=\/wp\/v2\/users\/14"}],"replies":[{"embeddable":true,"href":"https:\/\/www.diarioimagen.net\/index.php?rest_route=%2Fwp%2Fv2%2Fcomments&post=659878"}],"version-history":[{"count":1,"href":"https:\/\/www.diarioimagen.net\/index.php?rest_route=\/wp\/v2\/posts\/659878\/revisions"}],"predecessor-version":[{"id":659880,"href":"https:\/\/www.diarioimagen.net\/index.php?rest_route=\/wp\/v2\/posts\/659878\/revisions\/659880"}],"wp:featuredmedia":[{"embeddable":true,"href":"https:\/\/www.diarioimagen.net\/index.php?rest_route=\/wp\/v2\/media\/659879"}],"wp:attachment":[{"href":"https:\/\/www.diarioimagen.net\/index.php?rest_route=%2Fwp%2Fv2%2Fmedia&parent=659878"}],"wp:term":[{"taxonomy":"category","embeddable":true,"href":"https:\/\/www.diarioimagen.net\/index.php?rest_route=%2Fwp%2Fv2%2Fcategories&post=659878"},{"taxonomy":"post_tag","embeddable":true,"href":"https:\/\/www.diarioimagen.net\/index.php?rest_route=%2Fwp%2Fv2%2Ftags&post=659878"}],"curies":[{"name":"wp","href":"https:\/\/api.w.org\/{rel}","templated":true}]}}