{"id":659881,"date":"2025-03-17T00:00:16","date_gmt":"2025-03-17T06:00:16","guid":{"rendered":"https:\/\/www.diarioimagen.net\/?p=659881"},"modified":"2025-03-16T19:45:47","modified_gmt":"2025-03-17T01:45:47","slug":"escuelas-del-inbal-continuaran-como-unespacio-para-los-jovenes-sheinbaum","status":"publish","type":"post","link":"https:\/\/www.diarioimagen.net\/?p=659881","title":{"rendered":"Escuelas del Inbal continuar\u00e1n como  unespacio para los j\u00f3venes: Sheinbaum"},"content":{"rendered":"<ul>\n<li><strong>Proyecto Integral de Renovaci\u00f3n y Mantenimiento<\/strong><\/li>\n<li><strong>Las intervenciones se desarrollaron\u00a0tras realizar asambleas con estudiantes para conocer sus necesidades<\/strong><\/li>\n<\/ul>\n<div id=\"attachment_659882\" style=\"width: 388px\" class=\"wp-caption alignnone\"><img loading=\"lazy\" decoding=\"async\" aria-describedby=\"caption-attachment-659882\" class=\"wp-image-659882 size-large\" src=\"https:\/\/www.diarioimagen.net\/wp-content\/uploads\/2025\/03\/MANANERA-2-378x270.jpg\" alt=\"\" width=\"378\" height=\"270\" srcset=\"https:\/\/www.diarioimagen.net\/wp-content\/uploads\/2025\/03\/MANANERA-2-378x270.jpg 378w, https:\/\/www.diarioimagen.net\/wp-content\/uploads\/2025\/03\/MANANERA-2-240x172.jpg 240w, https:\/\/www.diarioimagen.net\/wp-content\/uploads\/2025\/03\/MANANERA-2-768x549.jpg 768w, https:\/\/www.diarioimagen.net\/wp-content\/uploads\/2025\/03\/MANANERA-2-90x65.jpg 90w, https:\/\/www.diarioimagen.net\/wp-content\/uploads\/2025\/03\/MANANERA-2.jpg 1223w\" sizes=\"auto, (max-width: 378px) 100vw, 378px\" \/><p id=\"caption-attachment-659882\" class=\"wp-caption-text\">Claudia Sheinbaum destac\u00f3 los trabajos que la Secretar\u00eda de Cultura ha realizado en los \u00faltimos meses para mejorar el Sistema Nacional de Educaci\u00f3n Art\u00edstica, Formal y Comunitaria, con la eliminaci\u00f3n de las cuotas de inscripci\u00f3n y la implementaci\u00f3n del Proyecto Integral de Renovaci\u00f3n y Mantenimiento.<\/p><\/div>\n<p>&nbsp;<\/p>\n<p>La Presidenta de M\u00e9xico, Claudia Sheinbaum Pardo, destac\u00f3 los trabajos que la Secretar\u00eda de Cultura ha realizado en los \u00faltimos meses para mejorar el Sistema Nacional de Educaci\u00f3n Art\u00edstica, Formal y Comunitaria, con la eliminaci\u00f3n de las cuotas de inscripci\u00f3n y la implementaci\u00f3n del Proyecto Integral de Renovaci\u00f3n y Mantenimiento, a trav\u00e9s del cual se han atendido de manera general seis centros educativos con el objetivo de asegurar que las escuelas del Instituto Nacional de Bellas Artes y Literatura (INBAL) sean un espacio para las y los j\u00f3venes.<\/p>\n<p>\u201cMuy r\u00e1pidamente, Claudia Curiel y su equipo pusieron ahora s\u00ed que, literal, manos a la obra, y ya se est\u00e1n reparando, d\u00e1ndoles mantenimiento pr\u00e1cticamente a todas las escuelas del INBAL. Y vamos a seguir trabajando. Ya no se cobran colegiaturas, ya son gratuitas. Y vamos a seguir trabajando para que este Sistema P\u00fablico de Educaci\u00f3n en la Secretar\u00eda de Cultura, en el Instituto Nacional de Bellas Artes y Literatura, sea cada vez m\u00e1s un espacio para las y los j\u00f3venes de M\u00e9xico\u201d, asegur\u00f3 durante la conferencia matutina \u201cLas ma\u00f1aneras del pueblo\u201d.<\/p>\n<p><strong>Proyecto Integral de Renovaci\u00f3n y Mantenimiento<\/strong><\/p>\n<p>Por su parte, la secretaria de Cultura, Claudia Curiel de Icaza, precis\u00f3 que el Proyecto Integral de Renovaci\u00f3n y Mantenimiento, en su primera etapa, cont\u00f3 con la participaci\u00f3n de las y los alumnos de los centros de educaci\u00f3n a trav\u00e9s de asambleas que se realizaron para conocer sus necesidades y con ello se intervinieron:<\/p>\n<p>&nbsp;<\/p>\n<ul>\n<li>La Escuela Nacional de Pintura, Escultura y Grabado (ENPEG) La Esmeralda.<\/li>\n<\/ul>\n<p>&nbsp;<\/p>\n<ul>\n<li>La Escuela Nacional de Danza Cl\u00e1sica y Contempor\u00e1nea (ENDCC).<\/li>\n<\/ul>\n<p>&nbsp;<\/p>\n<ul>\n<li>La Escuela Superior de M\u00fasica (ESM), en sus planteles en el Centro Nacional de las Artes (CENART) y Fern\u00e1ndez Leal.<\/li>\n<\/ul>\n<p>&nbsp;<\/p>\n<ul>\n<li>La Escuela Nacional de Arte Teatral (ENAT).<\/li>\n<\/ul>\n<p>&nbsp;<\/p>\n<ul>\n<li>La Academia de la Danza Mexicana (ADM).<\/li>\n<\/ul>\n<p>&nbsp;<\/p>\n<ul>\n<li>El Complejo Xocongo, que alberga la Escuela de Dise\u00f1o de Artesan\u00edas y el Centro de Investigaci\u00f3n Coreogr\u00e1fica.<\/li>\n<\/ul>\n<p>Entre los trabajos que se han realizado se encuentran: la restauraci\u00f3n de pisos de duela; se instalaron nuevas luminarias en pasillos y aulas; se aplicaron pisos ep\u00f3xicos y pintura; se repararon plafones, herrer\u00edas, canceles y barandales; se impermeabiliz\u00f3, se mejor\u00f3 la ac\u00fastica en salones y se hizo la sustituci\u00f3n de puertas, ba\u00f1os y camerinos.<\/p>\n<p>&nbsp;<\/p>\n<p><strong>Impulso al programa \u201cSemilleros Creativos por la Paz\u201d<\/strong><\/p>\n<p>Tambi\u00e9n inform\u00f3 que, como parte de la estrategia para democratizar el acceso a la cultura, fomentar la inclusi\u00f3n social y profesionalizar la ense\u00f1anza art\u00edstica en M\u00e9xico, se impulsa el programa \u201cSemilleros Creativos por la Paz\u201d, el cual ha sido herramienta de trabajo comunitario que en 2024 atendi\u00f3 a 13 mil 735 ni\u00f1as, ni\u00f1os y j\u00f3venes, a los cuales, en 2025 se les sumar\u00e1n 9 mil beneficiarios m\u00e1s, entre ellos, 4 mil infancias y juventudes de Tamaulipas, Durango, Tabasco, Chiapas, Sinaloa, Baja California y San Luis Potos\u00ed, donde se crear\u00e1n agrupaciones de coros, orquestas, bandas y ensambles tradicionales.<\/p>\n<p>Estos Semilleros tambi\u00e9n forman parte de los trabajos del eje de Atenci\u00f3n a las causas de la Estrategia Nacional de Seguridad, que se realizan a trav\u00e9s de la Secretar\u00eda de Gobernaci\u00f3n en diferentes puntos del pa\u00eds; en este contexto se crearon 30 Semilleros Creativos en Tijuana, Ciudad Ju\u00e1rez, Celaya, Le\u00f3n, Acapulco, Chilpancingo, San Crist\u00f3bal de las Casas, Chimalhuac\u00e1n y Valle de Chalco. Adem\u00e1s, se crear\u00e1n 75 adicionales.<\/p>\n<p>Asimismo, destac\u00f3 que junto al Instituto Nacional de los Pueblos Ind\u00edgenas (INPI) se implementa el Programa de Educaci\u00f3n Ind\u00edgena, de Apoyo a la Educaci\u00f3n Ind\u00edgena, el cual forma parte de los Planes de Justicia y de las acciones de la Comisi\u00f3n General L\u00e1zaro C\u00e1rdenas del R\u00edo, con lo que se llevar\u00e1 el fomento art\u00edstico y cultural a las infancias en la Sierra Tarahumara de Chihuahua; en Durango; en la zona Pur\u00e9pecha de Michoac\u00e1n; en la monta\u00f1a de Guerrero; en la zona amuzga de Guerrero y de Oaxaca, as\u00ed como en la Mixteca.<\/p>\n<p>La directora general del Instituto Nacional de Bellas Artes y Literatura (INBAL), Alejandra de la Paz N\u00e1jera, detall\u00f3 que, como parte de la articulaci\u00f3n del Sistema de Educaci\u00f3n Art\u00edstica Formal, Informal y Comunitaria, se establecen cuatro ejes que integran el trabajo realizado en las diferentes instituciones y centros del INBAL:<\/p>\n<p>&nbsp;<\/p>\n<ol>\n<li>Vocaci\u00f3n Nacional: con acciones puntuales en la conformaci\u00f3n de la infraestructura art\u00edstica y cultural; la consolidaci\u00f3n de modelos de educaci\u00f3n art\u00edstica y la articulaci\u00f3n de procesos educativos y pr\u00e1cticas art\u00edsticas.<\/li>\n<\/ol>\n<p>&nbsp;<\/p>\n<ol start=\"2\">\n<li>Procesos Comunitarios, experiencias y saberes: implementaci\u00f3n de pr\u00e1cticas y procesos participativos que permitan abordar problemas sociales y realidades locales de forma creativa y sensible.<\/li>\n<\/ol>\n<p>&nbsp;<\/p>\n<ol start=\"3\">\n<li>Desarrollo e implementaci\u00f3n de metodolog\u00edas y pr\u00e1cticas pedag\u00f3gicas innovadoras: que consiste en la revisi\u00f3n y actualizaci\u00f3n de los planes y programas de estudios, as\u00ed como de nuevas modalidades de certificaci\u00f3n y titulaci\u00f3n.<\/li>\n<\/ol>\n<p>&nbsp;<\/p>\n<ol start=\"4\">\n<li>Vinculaci\u00f3n interinstitucional: conformar un sistema integral, potente y articulado de educaci\u00f3n art\u00edstica.<\/li>\n<\/ol>\n<p>Original- Encuentro de Arte Textil Mexicano tendr\u00e1 cuatro ediciones en 2025<\/p>\n<p>&nbsp;<\/p>\n<p>Durante la conferencia matutina \u201cLas ma\u00f1aneras del pueblo\u201d, la subsecretaria de Desarrollo Cultural, Marina N\u00fa\u00f1ez Bespalova, record\u00f3 que Original \u2013 Encuentro de Arte Textil Mexicano se cre\u00f3 en 2021 con la finalidad de proteger las obras y los derechos colectivos de artesanos y artesanas contra el plagio y la apropiaci\u00f3n cultural.<\/p>\n<p>&nbsp;<\/p>\n<p>Ante esto, y por instrucciones de la Presidenta, este a\u00f1o se llevar\u00e1n a cabo cuatro ediciones del encuentro, por lo cual se realiz\u00f3 por primera vez una convocatoria p\u00fablica, con la que se visitaron 22 entidades del pa\u00eds en los que se estableci\u00f3 comunicaci\u00f3n con las y los artesanos que participar\u00e1n en las nuevas ediciones de Original a realizarse en los siguientes lugares y fechas:<\/p>\n<p>&nbsp;<\/p>\n<ul>\n<li>1er Encuentro de Arte Utilitario en Ciudad de M\u00e9xico, del 12 al 15 de junio en el Complejo Cultural Los Pinos.<\/li>\n<\/ul>\n<p>&nbsp;<\/p>\n<ul>\n<li>Encuentro de arte textil mexicano en M\u00e9rida, Yucat\u00e1n, del 16 al 19 de octubre, con participaci\u00f3n de j\u00f3venes artesanos y maestros de la filigrana.<\/li>\n<\/ul>\n<p>&nbsp;<\/p>\n<ul>\n<li>Encuentro de arte textil mexicano en Tijuana, Baja California, del 13 al 16 de noviembre, donde se dar\u00e1 respuesta al inter\u00e9s del mercado norteamericano de artesan\u00edas mexicanas, adem\u00e1s, se abrir\u00e1 el di\u00e1logo para una colaboraci\u00f3n justa e igualitaria entre artesanos tradicionales y marcas nacionales e internacionales.<\/li>\n<\/ul>\n<p>&nbsp;<\/p>\n<ul>\n<li>Encuentro de arte textil mexicano en Ciudad de M\u00e9xico, del 27 al 30 de noviembre.<\/li>\n<\/ul>\n<p>Destac\u00f3 que estos encuentros de Original tambi\u00e9n se complementar\u00e1n con otras actividades como:<\/p>\n<p>&nbsp;<\/p>\n<ul>\n<li>El Encuentro de Fibras, en Ciudad de M\u00e9xico, del 15 al 18 de mayo, cuya convocatoria para artesanas y artesanos se publicar\u00e1 en abril.<\/li>\n<\/ul>\n<p>&nbsp;<\/p>\n<ul>\n<li>El Encuentro de Tintes Naturales, en Cuernavaca, Morelos, del 28 al 30 agosto.<\/li>\n<\/ul>\n<p>&nbsp;<\/p>\n<ul>\n<li>El Encuentro de Cer\u00e1mica, en San Miguel de Allende, Guanajuato, del 11 al 14 de septiembre.<\/li>\n<\/ul>\n<p>&nbsp;<\/p>\n","protected":false},"excerpt":{"rendered":"<p>Proyecto Integral de Renovaci\u00f3n y Mantenimiento Las intervenciones se desarrollaron\u00a0tras realizar asambleas con estudiantes para conocer sus necesidades &nbsp; La Presidenta de M\u00e9xico, Claudia Sheinbaum Pardo, destac\u00f3 los trabajos que la Secretar\u00eda de Cultura ha realizado en los \u00faltimos meses para mejorar el Sistema Nacional de Educaci\u00f3n Art\u00edstica, Formal y Comunitaria, con la eliminaci\u00f3n de [&hellip;]<\/p>\n","protected":false},"author":14,"featured_media":659882,"comment_status":"open","ping_status":"open","sticky":false,"template":"","format":"standard","meta":{"_monsterinsights_skip_tracking":false,"_monsterinsights_sitenote_active":false,"_monsterinsights_sitenote_note":"","_monsterinsights_sitenote_category":0,"footnotes":""},"categories":[16,3],"tags":[],"class_list":["post-659881","post","type-post","status-publish","format-standard","has-post-thumbnail","hentry","category-destacadas","category-nacional"],"_links":{"self":[{"href":"https:\/\/www.diarioimagen.net\/index.php?rest_route=\/wp\/v2\/posts\/659881","targetHints":{"allow":["GET"]}}],"collection":[{"href":"https:\/\/www.diarioimagen.net\/index.php?rest_route=\/wp\/v2\/posts"}],"about":[{"href":"https:\/\/www.diarioimagen.net\/index.php?rest_route=\/wp\/v2\/types\/post"}],"author":[{"embeddable":true,"href":"https:\/\/www.diarioimagen.net\/index.php?rest_route=\/wp\/v2\/users\/14"}],"replies":[{"embeddable":true,"href":"https:\/\/www.diarioimagen.net\/index.php?rest_route=%2Fwp%2Fv2%2Fcomments&post=659881"}],"version-history":[{"count":1,"href":"https:\/\/www.diarioimagen.net\/index.php?rest_route=\/wp\/v2\/posts\/659881\/revisions"}],"predecessor-version":[{"id":659883,"href":"https:\/\/www.diarioimagen.net\/index.php?rest_route=\/wp\/v2\/posts\/659881\/revisions\/659883"}],"wp:featuredmedia":[{"embeddable":true,"href":"https:\/\/www.diarioimagen.net\/index.php?rest_route=\/wp\/v2\/media\/659882"}],"wp:attachment":[{"href":"https:\/\/www.diarioimagen.net\/index.php?rest_route=%2Fwp%2Fv2%2Fmedia&parent=659881"}],"wp:term":[{"taxonomy":"category","embeddable":true,"href":"https:\/\/www.diarioimagen.net\/index.php?rest_route=%2Fwp%2Fv2%2Fcategories&post=659881"},{"taxonomy":"post_tag","embeddable":true,"href":"https:\/\/www.diarioimagen.net\/index.php?rest_route=%2Fwp%2Fv2%2Ftags&post=659881"}],"curies":[{"name":"wp","href":"https:\/\/api.w.org\/{rel}","templated":true}]}}