{"id":659905,"date":"2025-03-17T00:00:07","date_gmt":"2025-03-17T06:00:07","guid":{"rendered":"https:\/\/www.diarioimagen.net\/?p=659905"},"modified":"2025-03-16T19:58:30","modified_gmt":"2025-03-17T01:58:30","slug":"yuja-wang-dirigira-desde-el-piano-a-la-mahler-chamber-orchestra","status":"publish","type":"post","link":"https:\/\/www.diarioimagen.net\/?p=659905","title":{"rendered":"Yuja Wang dirigir\u00e1 desde el piano  a la Mahler Chamber Orchestra"},"content":{"rendered":"<ul>\n<li><strong>El 6 de junio en el Auditorio Nacional<\/strong><\/li>\n<li><strong>\u00a0<\/strong><strong>La c\u00e9lebre pianista tocar\u00e1 y conducir\u00e1 por primera vez grandes conciertos <\/strong><\/li>\n<li><strong>\u00a0Interpretar\u00e1n una Obertura de Beethoven y tres conciertos de Chopin, Tchaikovsky y Stravinsky<\/strong><\/li>\n<\/ul>\n<div id=\"attachment_659906\" style=\"width: 415px\" class=\"wp-caption alignnone\"><img loading=\"lazy\" decoding=\"async\" aria-describedby=\"caption-attachment-659906\" class=\"wp-image-659906 size-large\" src=\"https:\/\/www.diarioimagen.net\/wp-content\/uploads\/2025\/03\/YUJA01-405x270.jpeg\" alt=\"\" width=\"405\" height=\"270\" srcset=\"https:\/\/www.diarioimagen.net\/wp-content\/uploads\/2025\/03\/YUJA01-405x270.jpeg 405w, https:\/\/www.diarioimagen.net\/wp-content\/uploads\/2025\/03\/YUJA01-240x160.jpeg 240w, https:\/\/www.diarioimagen.net\/wp-content\/uploads\/2025\/03\/YUJA01-768x512.jpeg 768w, https:\/\/www.diarioimagen.net\/wp-content\/uploads\/2025\/03\/YUJA01.jpeg 1333w\" sizes=\"auto, (max-width: 405px) 100vw, 405px\" \/><p id=\"caption-attachment-659906\" class=\"wp-caption-text\">Considerada una de las pianistas m\u00e1s destacadas de su generaci\u00f3n Yuja Wang es reconocida en el mundo por su gran sentido art\u00edstico.<\/p><\/div>\n<p>El pr\u00f3ximo 6 de junio, el Auditorio Nacional presentar\u00e1 por primera vez a Yuja Wang, dirigiendo desde el piano a la Mahler Chamber Orchestra (MCO), con un repertorio integrado por la Obertura Coriolano de Ludwig van Beethoven, el Concierto para piano y orquesta No. 2 en Fa menor, Op. 21 de Fr\u00e9d\u00e9ric Chopin, el Concierto en Mi bemol mayor \u201cDumbarton Oaks\u201d de Igor Stravinsky y el Concierto para piano No. 1 en Si bemol menor, Op. 23 de Piotr Ilich Tchaikovsky.<\/p>\n<p>&nbsp;<\/p>\n<p>Considerada una de las pianistas m\u00e1s destacadas de su generaci\u00f3n Yuja Wang es reconocida en el mundo por su gran sentido art\u00edstico, su enorme talento y su virtuosismo absoluto. La cr\u00edtica ha elogiado sus propuestas interpretativas con programas desafiantes en recintos ic\u00f3nicos, como el Carnegie Hall de Estados Unidos, La Scala de Mil\u00e1n de Italia, el Teatro Real de Espa\u00f1a, el Royal Albert Hall de Londres y el Palacio de Bellas Artes de M\u00e9xico. Wang declar\u00f3 al New York Times que cree firmemente que \u201ccada programa debe tener vida propia y ser una representaci\u00f3n de c\u00f3mo me siento en ese momento\u201d.<\/p>\n<p>&nbsp;<\/p>\n<p>Ha colaborado con las principales orquestas del mundo, incluyendo las de Boston, Chicago, Cleveland, Los \u00c1ngeles, Nueva York, Filadelfia, San Francisco y Washington, en Estados Unidos; as\u00ed como la China Philharmonic, la Filarmonica della Scala, la London Philharmonic, la Orchestre de Par\u00eds, la Orquesta Nacional de Espa\u00f1a, la Orquesta Filarm\u00f3nica de Israel, la Orquesta Sinf\u00f3nica Sim\u00f3n Bol\u00edvar, la NHK Symphony de Tokio, la Royal Concertgebouw Orchestra y la Orquesta \u200bSinf\u00f3nica Nacional de M\u00e9xico.<\/p>\n<p>&nbsp;<\/p>\n<p>Wang ha tocado bajo la batuta de directores tan destacados como Claudio Abbado, Daniel Barenboim, Gustavo Dudamel, Lorin Maazel, Neville Marriner, Zubin Mehta, Yannick N\u00e9zet-S\u00e9guin, Sir Antonio Pappano, Esa-Pekka Salonen, Yuri Temirkanov, Michael Tilson Thomas y Pinchas Zukerman. Su estatus de estrella de la m\u00fasica fue confirmado al ser nombrada por Musical America, la revista estadounidense m\u00e1s antigua sobre m\u00fasica cl\u00e1sica, como su Artista del A\u00f1o 2017, uno de los premios m\u00e1s prestigiosos del g\u00e9nero.<\/p>\n<p>&nbsp;<\/p>\n<p>En enero de 2023 Yuja Wang dio muestra de su calidad art\u00edstica durante su presentaci\u00f3n marat\u00f3nica de obras de Sergu\u00e9i Rachmaninoff en el Carnegie Hall, junto al director Yannick N\u00e9zet-S\u00e9guin y la Orquesta de Filadelfia. Este evento hist\u00f3rico para celebrar los 150 a\u00f1os del nacimiento del pianista y compositor ruso incluy\u00f3 interpretaciones de sus cuatro conciertos y la Rapsodia sobre un tema de Paganini en una misma tarde en la que el p\u00fablico abarrot\u00f3 el recinto. En la temporada 2022\/23, Yuja Wang interpret\u00f3 el Concierto para piano No. 3 de Magnus Lindberg, en su estreno mundial, con la Orquesta Sinf\u00f3nica de San Francisco, y particip\u00f3 en otras presentaciones de esta obra en Norteam\u00e9rica y Europa.<\/p>\n<p>&nbsp;<\/p>\n<p>De madre bailarina y padre percusionista, Yuja Wang naci\u00f3 en Beijing, China. Tras estudiar piano en su pa\u00eds durante la infancia, recibi\u00f3 formaci\u00f3n avanzada en Canad\u00e1 y en el Curtis Institute of Music de Filadelfia, bajo la direcci\u00f3n del gran maestro estadounidense Gary Graffman. Su descubrimiento internacional sucedi\u00f3 en 2007, cuando reemplaz\u00f3 a Martha Argerich como solista de la Orquesta Sinf\u00f3nica de Boston. Dos a\u00f1os m\u00e1s tarde, firm\u00f3 un contrato exclusivo con Deutsche Grammophon.<\/p>\n<p>&nbsp;<\/p>\n<p>Desde entonces, se ha consolidado entre los m\u00fasicos m\u00e1s importantes, con actuaciones y grabaciones aclamadas por la cr\u00edtica y el p\u00fablico. En 2021 recibi\u00f3 un premio Opus Klassik por su estreno mundial del concierto de John Adams Must the Devil Have All the Good Tunes?, con la Filarm\u00f3nica de Los \u00c1ngeles, dirigida por Gustavo Dudamel, quien ha expresado: \u201cTrabajar con Yuja Wang es motivo de inspiraci\u00f3n. Su genialidad, su forma de interpretar, su capacidad t\u00e9cnica, \u00a1lo siento siempre como un privilegio y una gran alegr\u00eda!\u201d (El Clar\u00edn).<\/p>\n<p>&nbsp;<\/p>\n<blockquote><p><strong>\u00a0El concierto Yuja Wang &amp; Mahler Chamber Orchestra se llevar\u00e1 a cabo el viernes 6 de junio a las 20:30 horas en el Auditorio Nacional (Reforma 50, Bosque de Chapultepec). Boletos: De $450 a $4000, disponibles en las taquillas del recinto sin cargo extra y en el sistema Ticketmaster.<\/strong><\/p><\/blockquote>\n<p><strong>\u00a0<\/strong><\/p>\n<p>&nbsp;<\/p>\n<p>&nbsp;<\/p>\n","protected":false},"excerpt":{"rendered":"<p>El 6 de junio en el Auditorio Nacional \u00a0La c\u00e9lebre pianista tocar\u00e1 y conducir\u00e1 por primera vez grandes conciertos \u00a0Interpretar\u00e1n una Obertura de Beethoven y tres conciertos de Chopin, Tchaikovsky y Stravinsky El pr\u00f3ximo 6 de junio, el Auditorio Nacional presentar\u00e1 por primera vez a Yuja Wang, dirigiendo desde el piano a la Mahler Chamber [&hellip;]<\/p>\n","protected":false},"author":14,"featured_media":659906,"comment_status":"open","ping_status":"open","sticky":false,"template":"","format":"standard","meta":{"_monsterinsights_skip_tracking":false,"_monsterinsights_sitenote_active":false,"_monsterinsights_sitenote_note":"","_monsterinsights_sitenote_category":0,"footnotes":""},"categories":[12],"tags":[],"class_list":["post-659905","post","type-post","status-publish","format-standard","has-post-thumbnail","hentry","category-espectaculos"],"_links":{"self":[{"href":"https:\/\/www.diarioimagen.net\/index.php?rest_route=\/wp\/v2\/posts\/659905","targetHints":{"allow":["GET"]}}],"collection":[{"href":"https:\/\/www.diarioimagen.net\/index.php?rest_route=\/wp\/v2\/posts"}],"about":[{"href":"https:\/\/www.diarioimagen.net\/index.php?rest_route=\/wp\/v2\/types\/post"}],"author":[{"embeddable":true,"href":"https:\/\/www.diarioimagen.net\/index.php?rest_route=\/wp\/v2\/users\/14"}],"replies":[{"embeddable":true,"href":"https:\/\/www.diarioimagen.net\/index.php?rest_route=%2Fwp%2Fv2%2Fcomments&post=659905"}],"version-history":[{"count":1,"href":"https:\/\/www.diarioimagen.net\/index.php?rest_route=\/wp\/v2\/posts\/659905\/revisions"}],"predecessor-version":[{"id":659907,"href":"https:\/\/www.diarioimagen.net\/index.php?rest_route=\/wp\/v2\/posts\/659905\/revisions\/659907"}],"wp:featuredmedia":[{"embeddable":true,"href":"https:\/\/www.diarioimagen.net\/index.php?rest_route=\/wp\/v2\/media\/659906"}],"wp:attachment":[{"href":"https:\/\/www.diarioimagen.net\/index.php?rest_route=%2Fwp%2Fv2%2Fmedia&parent=659905"}],"wp:term":[{"taxonomy":"category","embeddable":true,"href":"https:\/\/www.diarioimagen.net\/index.php?rest_route=%2Fwp%2Fv2%2Fcategories&post=659905"},{"taxonomy":"post_tag","embeddable":true,"href":"https:\/\/www.diarioimagen.net\/index.php?rest_route=%2Fwp%2Fv2%2Ftags&post=659905"}],"curies":[{"name":"wp","href":"https:\/\/api.w.org\/{rel}","templated":true}]}}