{"id":660012,"date":"2025-03-18T00:00:07","date_gmt":"2025-03-18T06:00:07","guid":{"rendered":"https:\/\/www.diarioimagen.net\/?p=660012"},"modified":"2025-03-17T19:20:37","modified_gmt":"2025-03-18T01:20:37","slug":"el-prd-estado-de-mexico-se-fortalecera-con-arturo-pina-afirma-la-dirigente-lucina-cortes","status":"publish","type":"post","link":"https:\/\/www.diarioimagen.net\/?p=660012","title":{"rendered":"\u00a0  El PRD Estado de M\u00e9xico se fortalecer\u00e1 con  Arturo Pi\u00f1a, afirma la dirigente Lucina Cort\u00e9s"},"content":{"rendered":"<ul>\n<li><strong>Llamado a la unidad<\/strong><\/li>\n<\/ul>\n<div id=\"attachment_660013\" style=\"width: 250px\" class=\"wp-caption alignnone\"><img loading=\"lazy\" decoding=\"async\" aria-describedby=\"caption-attachment-660013\" class=\"wp-image-660013 size-medium\" src=\"https:\/\/www.diarioimagen.net\/wp-content\/uploads\/2025\/03\/BAENA-1-8-240x172.jpg\" alt=\"\" width=\"240\" height=\"172\" srcset=\"https:\/\/www.diarioimagen.net\/wp-content\/uploads\/2025\/03\/BAENA-1-8-240x172.jpg 240w, https:\/\/www.diarioimagen.net\/wp-content\/uploads\/2025\/03\/BAENA-1-8-378x270.jpg 378w, https:\/\/www.diarioimagen.net\/wp-content\/uploads\/2025\/03\/BAENA-1-8-768x549.jpg 768w, https:\/\/www.diarioimagen.net\/wp-content\/uploads\/2025\/03\/BAENA-1-8-90x65.jpg 90w, https:\/\/www.diarioimagen.net\/wp-content\/uploads\/2025\/03\/BAENA-1-8.jpg 1080w\" sizes=\"auto, (max-width: 240px) 100vw, 240px\" \/><p id=\"caption-attachment-660013\" class=\"wp-caption-text\">Lucina Cort\u00e9s Cornejo, dirigente municipal del PRD en Naucalpan, puso unos guantes de box a Arturo Pi\u00f1a, nuevo l\u00edder estatal, \u201cpara enfrentar los retos que se aproximan y ganarle a quienes nos enfrenten\u201d.<\/p><\/div>\n<p><strong>Por Arturo Baena<\/strong><\/p>\n<p>&nbsp;<\/p>\n<p>Toluca, M\u00e9x.- El sol azteca tiene nuevo dirigente en el Estado de M\u00e9xico: Arturo Pi\u00f1a. \u00c9l ha demostrado ser un hombre de palabra y de hechos. Vendr\u00e1 a fortalecer y a recuperar espacios para nuestro partido, no s\u00f3lo en el 2027, sino en todos los procesos venideros. El rostro del PRD cambi\u00f3 para bien.<\/p>\n<p>&nbsp;<\/p>\n<p>Asegur\u00f3 en entrevista, Lucina Cort\u00e9s Cornejo, dirigente municipal del PRD en Naucalpan, al poner (de manera simb\u00f3lica) unos guantes de box, al nuevo dirigente del PRD mexiquense, \u201cpara enfrentar los retos que se aproximan y ganarle a quienes nos enfrenten\u201d, dijo.<\/p>\n<p>&nbsp;<\/p>\n<p>Durante la toma de protesta, la tambi\u00e9n regidora hizo un llamado a la unidad, la renovaci\u00f3n y el fortalecimiento del partido, destacando la importancia de recuperar la confianza de la ciudadan\u00eda y de regresar a las calles para luchar por las causas sociales.<\/p>\n<p>&nbsp;<\/p>\n<p>Mientras tanto, en su discurso de toma de protesta, Arturo Pi\u00f1a Garc\u00eda reconoci\u00f3 los errores del partido en el pasado y se comprometi\u00f3 a trabajar por una reconciliaci\u00f3n con la militancia y la sociedad.<\/p>\n<p>&nbsp;<\/p>\n<p>\u201cNos equivocamos al alejarnos de la gente, pero hoy iniciamos un nuevo camino. Retomaremos nuestras ra\u00edces, seremos un partido de lucha, cercano a los ciudadanos y defensor de las causas sociales\u201d, afirm\u00f3.<\/p>\n<p>&nbsp;<\/p>\n<p>Finalmente. Lucina Cort\u00e9s,\u00a0 destac\u00f3 que el PRD naci\u00f3 de la lucha por la justicia social y que su misi\u00f3n es seguir representando a quienes buscan un pa\u00eds m\u00e1s equitativo. \u201cNo podemos permitir que nuestra bandera de identidad sea usurpada. Nuestra alianza es y debe ser con la gente\u201d, concluy\u00f3.<\/p>\n<p>&nbsp;<\/p>\n<p>&nbsp;<\/p>\n<p><strong>\u00a0<\/strong><\/p>\n<p>&nbsp;<\/p>\n","protected":false},"excerpt":{"rendered":"<p>Llamado a la unidad Por Arturo Baena &nbsp; Toluca, M\u00e9x.- El sol azteca tiene nuevo dirigente en el Estado de M\u00e9xico: Arturo Pi\u00f1a. \u00c9l ha demostrado ser un hombre de palabra y de hechos. Vendr\u00e1 a fortalecer y a recuperar espacios para nuestro partido, no s\u00f3lo en el 2027, sino en todos los procesos venideros. [&hellip;]<\/p>\n","protected":false},"author":14,"featured_media":660013,"comment_status":"open","ping_status":"open","sticky":false,"template":"","format":"standard","meta":{"_monsterinsights_skip_tracking":false,"_monsterinsights_sitenote_active":false,"_monsterinsights_sitenote_note":"","_monsterinsights_sitenote_category":0,"footnotes":""},"categories":[5],"tags":[],"class_list":["post-660012","post","type-post","status-publish","format-standard","has-post-thumbnail","hentry","category-estado-de-mexico"],"_links":{"self":[{"href":"https:\/\/www.diarioimagen.net\/index.php?rest_route=\/wp\/v2\/posts\/660012","targetHints":{"allow":["GET"]}}],"collection":[{"href":"https:\/\/www.diarioimagen.net\/index.php?rest_route=\/wp\/v2\/posts"}],"about":[{"href":"https:\/\/www.diarioimagen.net\/index.php?rest_route=\/wp\/v2\/types\/post"}],"author":[{"embeddable":true,"href":"https:\/\/www.diarioimagen.net\/index.php?rest_route=\/wp\/v2\/users\/14"}],"replies":[{"embeddable":true,"href":"https:\/\/www.diarioimagen.net\/index.php?rest_route=%2Fwp%2Fv2%2Fcomments&post=660012"}],"version-history":[{"count":2,"href":"https:\/\/www.diarioimagen.net\/index.php?rest_route=\/wp\/v2\/posts\/660012\/revisions"}],"predecessor-version":[{"id":660015,"href":"https:\/\/www.diarioimagen.net\/index.php?rest_route=\/wp\/v2\/posts\/660012\/revisions\/660015"}],"wp:featuredmedia":[{"embeddable":true,"href":"https:\/\/www.diarioimagen.net\/index.php?rest_route=\/wp\/v2\/media\/660013"}],"wp:attachment":[{"href":"https:\/\/www.diarioimagen.net\/index.php?rest_route=%2Fwp%2Fv2%2Fmedia&parent=660012"}],"wp:term":[{"taxonomy":"category","embeddable":true,"href":"https:\/\/www.diarioimagen.net\/index.php?rest_route=%2Fwp%2Fv2%2Fcategories&post=660012"},{"taxonomy":"post_tag","embeddable":true,"href":"https:\/\/www.diarioimagen.net\/index.php?rest_route=%2Fwp%2Fv2%2Ftags&post=660012"}],"curies":[{"name":"wp","href":"https:\/\/api.w.org\/{rel}","templated":true}]}}