{"id":660016,"date":"2025-03-18T00:00:47","date_gmt":"2025-03-18T06:00:47","guid":{"rendered":"https:\/\/www.diarioimagen.net\/?p=660016"},"modified":"2025-03-17T19:21:58","modified_gmt":"2025-03-18T01:21:58","slug":"acciones-en-naucalpan-en-favor-del-cuidado-animal-angelica-del-valle","status":"publish","type":"post","link":"https:\/\/www.diarioimagen.net\/?p=660016","title":{"rendered":"Acciones en Naucalpan en favor del  cuidado animal: Ang\u00e9lica del Valle\u00a0"},"content":{"rendered":"<ul>\n<li><strong>Campa\u00f1as permanentes de esterilizaci\u00f3n<\/strong><\/li>\n<\/ul>\n<p>&nbsp;<\/p>\n<p>&nbsp;<\/p>\n<div id=\"attachment_660017\" style=\"width: 414px\" class=\"wp-caption alignnone\"><img loading=\"lazy\" decoding=\"async\" aria-describedby=\"caption-attachment-660017\" class=\"wp-image-660017 size-large\" src=\"https:\/\/www.diarioimagen.net\/wp-content\/uploads\/2025\/03\/BAENA-2-11-404x270.jpg\" alt=\"\" width=\"404\" height=\"270\" srcset=\"https:\/\/www.diarioimagen.net\/wp-content\/uploads\/2025\/03\/BAENA-2-11-404x270.jpg 404w, https:\/\/www.diarioimagen.net\/wp-content\/uploads\/2025\/03\/BAENA-2-11-240x160.jpg 240w, https:\/\/www.diarioimagen.net\/wp-content\/uploads\/2025\/03\/BAENA-2-11-768x513.jpg 768w, https:\/\/www.diarioimagen.net\/wp-content\/uploads\/2025\/03\/BAENA-2-11.jpg 1200w\" sizes=\"auto, (max-width: 404px) 100vw, 404px\" \/><p id=\"caption-attachment-660017\" class=\"wp-caption-text\">La protecci\u00f3n y bienestar animal en Naucalpan es y ser\u00e1 una de las prioridades del gobierno que encabeza el presidente municipal Isaac Montoya M\u00e1rquez.<\/p><\/div>\n<p>Por Arturo Baena<\/p>\n<p>&nbsp;<\/p>\n<p>Naucalpan, M\u00e9x.- Sin duda alguna que el cuidado, protecci\u00f3n y bienestar animal en este municipio es y ser\u00e1 una de las prioridades del gobierno que encabeza el presidente municipal Isaac Montoya M\u00e1rquez, en donde se contin\u00faan realizan acciones encaminadas para favorecerlos.<\/p>\n<p>&nbsp;<\/p>\n<p>As\u00ed lo expres\u00f3,Ang\u00e9lica del Valle Mota,\u00a0Coordinadora de atenci\u00f3n y bienestar animal, luego de se\u00f1alar que \u00abcontinuaremos realizando campa\u00f1as permanentes \u00a0de esterilizaci\u00f3n, consultas veterinarias y adopciones para nuestros amigos peludos, adem\u00e1s de que estamos cuidando puntualmente su bienestar\u00bb, dijo.<\/p>\n<p>&nbsp;<\/p>\n<p>Del Valle Mota, destac\u00f3 que en el tema de esterilizaci\u00f3n, estas actividades tienen como objetivo controlar la sobrepoblaci\u00f3n animal y mejorar sus condiciones de vida.<\/p>\n<p>&nbsp;<\/p>\n<p>Record\u00f3 lo expresado por el alcalde Isaac Montoya, en el sentido de que la actual \u00a0administraci\u00f3n no estar\u00e1 del lado de quienes abandonan o maltratan a los animales.<\/p>\n<p>&nbsp;<\/p>\n<p>\u00abEstamos trabajando \u00a0con las asociaciones para la protecci\u00f3n de los animales que \u00a0merecen respeto y dignidad, y desde el gobierno estamos haciendo \u00a0nuestra parte\u201d, asegur\u00f3.<\/p>\n<p>&nbsp;<\/p>\n<p>Adem\u00e1s, dijo, se aplicar\u00e1 un esquema m\u00e1s riguroso de sanciones administrativas para combatir el abandono y el maltrato animal, y responsabilizar a los due\u00f1os que deciden desentenderse de sus mascotas, promoviendo una cultura de respeto hacia los animales, concluy\u00f3 Ang\u00e9lica del Valle.<\/p>\n<p>&nbsp;<\/p>\n","protected":false},"excerpt":{"rendered":"<p>Campa\u00f1as permanentes de esterilizaci\u00f3n &nbsp; &nbsp; Por Arturo Baena &nbsp; Naucalpan, M\u00e9x.- Sin duda alguna que el cuidado, protecci\u00f3n y bienestar animal en este municipio es y ser\u00e1 una de las prioridades del gobierno que encabeza el presidente municipal Isaac Montoya M\u00e1rquez, en donde se contin\u00faan realizan acciones encaminadas para favorecerlos. &nbsp; As\u00ed lo expres\u00f3,Ang\u00e9lica [&hellip;]<\/p>\n","protected":false},"author":14,"featured_media":660017,"comment_status":"open","ping_status":"open","sticky":false,"template":"","format":"standard","meta":{"_monsterinsights_skip_tracking":false,"_monsterinsights_sitenote_active":false,"_monsterinsights_sitenote_note":"","_monsterinsights_sitenote_category":0,"footnotes":""},"categories":[5],"tags":[],"class_list":["post-660016","post","type-post","status-publish","format-standard","has-post-thumbnail","hentry","category-estado-de-mexico"],"_links":{"self":[{"href":"https:\/\/www.diarioimagen.net\/index.php?rest_route=\/wp\/v2\/posts\/660016","targetHints":{"allow":["GET"]}}],"collection":[{"href":"https:\/\/www.diarioimagen.net\/index.php?rest_route=\/wp\/v2\/posts"}],"about":[{"href":"https:\/\/www.diarioimagen.net\/index.php?rest_route=\/wp\/v2\/types\/post"}],"author":[{"embeddable":true,"href":"https:\/\/www.diarioimagen.net\/index.php?rest_route=\/wp\/v2\/users\/14"}],"replies":[{"embeddable":true,"href":"https:\/\/www.diarioimagen.net\/index.php?rest_route=%2Fwp%2Fv2%2Fcomments&post=660016"}],"version-history":[{"count":1,"href":"https:\/\/www.diarioimagen.net\/index.php?rest_route=\/wp\/v2\/posts\/660016\/revisions"}],"predecessor-version":[{"id":660018,"href":"https:\/\/www.diarioimagen.net\/index.php?rest_route=\/wp\/v2\/posts\/660016\/revisions\/660018"}],"wp:featuredmedia":[{"embeddable":true,"href":"https:\/\/www.diarioimagen.net\/index.php?rest_route=\/wp\/v2\/media\/660017"}],"wp:attachment":[{"href":"https:\/\/www.diarioimagen.net\/index.php?rest_route=%2Fwp%2Fv2%2Fmedia&parent=660016"}],"wp:term":[{"taxonomy":"category","embeddable":true,"href":"https:\/\/www.diarioimagen.net\/index.php?rest_route=%2Fwp%2Fv2%2Fcategories&post=660016"},{"taxonomy":"post_tag","embeddable":true,"href":"https:\/\/www.diarioimagen.net\/index.php?rest_route=%2Fwp%2Fv2%2Ftags&post=660016"}],"curies":[{"name":"wp","href":"https:\/\/api.w.org\/{rel}","templated":true}]}}