{"id":660019,"date":"2025-03-18T00:00:08","date_gmt":"2025-03-18T06:00:08","guid":{"rendered":"https:\/\/www.diarioimagen.net\/?p=660019"},"modified":"2025-03-17T19:23:17","modified_gmt":"2025-03-18T01:23:17","slug":"especialistas-de-israel-capacitan-a-los-uniformados-de-huixquilucan","status":"publish","type":"post","link":"https:\/\/www.diarioimagen.net\/?p=660019","title":{"rendered":"Especialistas de Israel capacitan  a los uniformados de Huixquilucan"},"content":{"rendered":"<ul>\n<li><strong>Taller de defensa personal a polic\u00edas<\/strong><\/li>\n<\/ul>\n<p><strong>\u00a0<\/strong><\/p>\n<div id=\"attachment_660020\" style=\"width: 411px\" class=\"wp-caption alignnone\"><img loading=\"lazy\" decoding=\"async\" aria-describedby=\"caption-attachment-660020\" class=\"wp-image-660020 size-large\" src=\"https:\/\/www.diarioimagen.net\/wp-content\/uploads\/2025\/03\/BAENA-3-7-401x270.jpg\" alt=\"\" width=\"401\" height=\"270\" srcset=\"https:\/\/www.diarioimagen.net\/wp-content\/uploads\/2025\/03\/BAENA-3-7-401x270.jpg 401w, https:\/\/www.diarioimagen.net\/wp-content\/uploads\/2025\/03\/BAENA-3-7-240x162.jpg 240w, https:\/\/www.diarioimagen.net\/wp-content\/uploads\/2025\/03\/BAENA-3-7-768x518.jpg 768w, https:\/\/www.diarioimagen.net\/wp-content\/uploads\/2025\/03\/BAENA-3-7.jpg 1080w\" sizes=\"auto, (max-width: 401px) 100vw, 401px\" \/><p id=\"caption-attachment-660020\" class=\"wp-caption-text\">Polic\u00edas de Huixquilucan participaron en el taller especial de defensa personal \u201cFuerte, segura, protegida\u201d, impartido por especialistas de la Embajada de Israel en M\u00e9xico.<\/p><\/div>\n<p>&nbsp;<\/p>\n<p>Huixquilucan, M\u00e9x.- Elementos de la Direcci\u00f3n General de Seguridad P\u00fablica y Vialidad de este municipio participaron en el taller especial de defensa personal \u201cFuerte, segura, protegida\u201d, impartido por especialistas de la Embajada de Israel en M\u00e9xico.<\/p>\n<p>&nbsp;<\/p>\n<p>El \u00a0prop\u00f3sito de esta capacitaci\u00f3n, es el\u00a0 fortalecer sus habilidades y reforzar sus capacidades para proteger su integridad f\u00edsica durante el desempe\u00f1o de su deber y, sobre todo, salvaguardar a la ciudadan\u00eda.<\/p>\n<p>&nbsp;<\/p>\n<p>En este sentido, la presidenta municipal, Romina Contreras Carrasco, destac\u00f3 que durante su administraci\u00f3n se realizan esfuerzos permanentes para que todos los elementos de la polic\u00eda de Huixquilucan cuenten con la\u00a0 preparaci\u00f3n y herramientas necesarias para brindar protecci\u00f3n a la ciudadan\u00eda y velar por su integridad f\u00edsica y patrimonial.<\/p>\n<p>&nbsp;<\/p>\n<p>\u201cSabemos que la seguridad p\u00fablica es una de las principales demandas ciudadanas, por ello, no escatimamos en ning\u00fan tipo de recurso para brindar protecci\u00f3n a los huixquiluquenses\u00bb, dijo.<\/p>\n<p>&nbsp;<\/p>\n<p>La alcaldesa, reiter\u00f3 que \u00abcontar con personal debidamente capacitado es uno de los principales factores que nos ha permitido mantener a Huixquilucan entre los municipios m\u00e1s seguros del Estado de M\u00e9xico, nuestros esfuerzos y estrategias 24\/7 nos han permitido dar resultados, y les aseguro que as\u00ed nos mantendremos trabajando\u201d, se\u00f1al\u00f3.<\/p>\n<p>&nbsp;<\/p>\n<p>Por su parte, el director general de Seguridad P\u00fablica y Vialidad de Huixquilucan, Luis Antonio Alarc\u00f3n Mart\u00ednez, explic\u00f3 que, en este taller de defensa personal se utiliz\u00f3 el m\u00e9todo Krav Maga, con t\u00e9cnicas sencillas y efectivas de combate cuerpo a cuerpo; y destac\u00f3 la importancia de que las servidoras p\u00fablicas de esta corporaci\u00f3n cuenten con este tipo de destrezas y habilidades, que les permitan actuar oportuna y preventivamente ante posibles situaciones de riesgo.<\/p>\n<p>&nbsp;<\/p>\n<p><strong>\u00a0<\/strong><\/p>\n","protected":false},"excerpt":{"rendered":"<p>Taller de defensa personal a polic\u00edas \u00a0 &nbsp; Huixquilucan, M\u00e9x.- Elementos de la Direcci\u00f3n General de Seguridad P\u00fablica y Vialidad de este municipio participaron en el taller especial de defensa personal \u201cFuerte, segura, protegida\u201d, impartido por especialistas de la Embajada de Israel en M\u00e9xico. &nbsp; El \u00a0prop\u00f3sito de esta capacitaci\u00f3n, es el\u00a0 fortalecer sus habilidades [&hellip;]<\/p>\n","protected":false},"author":14,"featured_media":660020,"comment_status":"open","ping_status":"open","sticky":false,"template":"","format":"standard","meta":{"_monsterinsights_skip_tracking":false,"_monsterinsights_sitenote_active":false,"_monsterinsights_sitenote_note":"","_monsterinsights_sitenote_category":0,"footnotes":""},"categories":[5],"tags":[],"class_list":["post-660019","post","type-post","status-publish","format-standard","has-post-thumbnail","hentry","category-estado-de-mexico"],"_links":{"self":[{"href":"https:\/\/www.diarioimagen.net\/index.php?rest_route=\/wp\/v2\/posts\/660019","targetHints":{"allow":["GET"]}}],"collection":[{"href":"https:\/\/www.diarioimagen.net\/index.php?rest_route=\/wp\/v2\/posts"}],"about":[{"href":"https:\/\/www.diarioimagen.net\/index.php?rest_route=\/wp\/v2\/types\/post"}],"author":[{"embeddable":true,"href":"https:\/\/www.diarioimagen.net\/index.php?rest_route=\/wp\/v2\/users\/14"}],"replies":[{"embeddable":true,"href":"https:\/\/www.diarioimagen.net\/index.php?rest_route=%2Fwp%2Fv2%2Fcomments&post=660019"}],"version-history":[{"count":1,"href":"https:\/\/www.diarioimagen.net\/index.php?rest_route=\/wp\/v2\/posts\/660019\/revisions"}],"predecessor-version":[{"id":660021,"href":"https:\/\/www.diarioimagen.net\/index.php?rest_route=\/wp\/v2\/posts\/660019\/revisions\/660021"}],"wp:featuredmedia":[{"embeddable":true,"href":"https:\/\/www.diarioimagen.net\/index.php?rest_route=\/wp\/v2\/media\/660020"}],"wp:attachment":[{"href":"https:\/\/www.diarioimagen.net\/index.php?rest_route=%2Fwp%2Fv2%2Fmedia&parent=660019"}],"wp:term":[{"taxonomy":"category","embeddable":true,"href":"https:\/\/www.diarioimagen.net\/index.php?rest_route=%2Fwp%2Fv2%2Fcategories&post=660019"},{"taxonomy":"post_tag","embeddable":true,"href":"https:\/\/www.diarioimagen.net\/index.php?rest_route=%2Fwp%2Fv2%2Ftags&post=660019"}],"curies":[{"name":"wp","href":"https:\/\/api.w.org\/{rel}","templated":true}]}}