{"id":660022,"date":"2025-03-18T00:00:27","date_gmt":"2025-03-18T06:00:27","guid":{"rendered":"https:\/\/www.diarioimagen.net\/?p=660022"},"modified":"2025-03-17T19:28:26","modified_gmt":"2025-03-18T01:28:26","slug":"reconocen-al-aifa-como-uno-de-los-seis-mejores-aeropuertos-del-mundo","status":"publish","type":"post","link":"https:\/\/www.diarioimagen.net\/?p=660022","title":{"rendered":"Reconocen al AIFA como uno de los seis mejores aeropuertos del mundo"},"content":{"rendered":"<p><strong>\u00a0<\/strong><\/p>\n<div id=\"attachment_660023\" style=\"width: 470px\" class=\"wp-caption alignnone\"><img loading=\"lazy\" decoding=\"async\" aria-describedby=\"caption-attachment-660023\" class=\"wp-image-660023 size-large\" src=\"https:\/\/www.diarioimagen.net\/wp-content\/uploads\/2025\/03\/BAENA-4-9-460x264.jpg\" alt=\"\" width=\"460\" height=\"264\" srcset=\"https:\/\/www.diarioimagen.net\/wp-content\/uploads\/2025\/03\/BAENA-4-9-460x264.jpg 460w, https:\/\/www.diarioimagen.net\/wp-content\/uploads\/2025\/03\/BAENA-4-9-240x138.jpg 240w, https:\/\/www.diarioimagen.net\/wp-content\/uploads\/2025\/03\/BAENA-4-9-768x441.jpg 768w, https:\/\/www.diarioimagen.net\/wp-content\/uploads\/2025\/03\/BAENA-4-9.jpg 1500w\" sizes=\"auto, (max-width: 460px) 100vw, 460px\" \/><p id=\"caption-attachment-660023\" class=\"wp-caption-text\">Reconocen al AIFA como uno de los seis mejores aeropuertos del mundo<\/p><\/div>\n<p><strong>\u00a0<\/strong><\/p>\n<p>Valle de M\u00e9xico.\u2013 Moderno, austero, funcional y sustentable, as\u00ed es el Aeropuerto Internacional Felipe \u00c1ngeles (AIFA); reconocido por su arquitectura en el \u00abPrix Versailles\u00bb, como uno de los 6 mejores del mundo; y s\u00edmbolo de las obras de transformaci\u00f3n que se realizan en el pa\u00eds y en el Estado de M\u00e9xico. En representaci\u00f3n de la Gobernadora del Estado de M\u00e9xico, Delfina G\u00f3mez \u00c1lvarez, el Secretario de Desarrollo Urbano e Infraestructura, Carlos Maza Lara, particip\u00f3 en la develaci\u00f3n de la Placa Conmemorativa del \u201cGalard\u00f3n Prix Versailles\u201d con el que se premi\u00f3 al (AIFA), como una de las mejores seis obras en el mundo. Sobre el particular, usuarios entrevistados, reconocieron que el AIFA, lograr\u00e1 en breve considerarse como uno de los mejores aeropuertos a nivel mundial.<\/p>\n","protected":false},"excerpt":{"rendered":"<p>\u00a0 \u00a0 Valle de M\u00e9xico.\u2013 Moderno, austero, funcional y sustentable, as\u00ed es el Aeropuerto Internacional Felipe \u00c1ngeles (AIFA); reconocido por su arquitectura en el \u00abPrix Versailles\u00bb, como uno de los 6 mejores del mundo; y s\u00edmbolo de las obras de transformaci\u00f3n que se realizan en el pa\u00eds y en el Estado de M\u00e9xico. En representaci\u00f3n [&hellip;]<\/p>\n","protected":false},"author":14,"featured_media":660023,"comment_status":"open","ping_status":"open","sticky":false,"template":"","format":"standard","meta":{"_monsterinsights_skip_tracking":false,"_monsterinsights_sitenote_active":false,"_monsterinsights_sitenote_note":"","_monsterinsights_sitenote_category":0,"footnotes":""},"categories":[5],"tags":[],"class_list":["post-660022","post","type-post","status-publish","format-standard","has-post-thumbnail","hentry","category-estado-de-mexico"],"_links":{"self":[{"href":"https:\/\/www.diarioimagen.net\/index.php?rest_route=\/wp\/v2\/posts\/660022","targetHints":{"allow":["GET"]}}],"collection":[{"href":"https:\/\/www.diarioimagen.net\/index.php?rest_route=\/wp\/v2\/posts"}],"about":[{"href":"https:\/\/www.diarioimagen.net\/index.php?rest_route=\/wp\/v2\/types\/post"}],"author":[{"embeddable":true,"href":"https:\/\/www.diarioimagen.net\/index.php?rest_route=\/wp\/v2\/users\/14"}],"replies":[{"embeddable":true,"href":"https:\/\/www.diarioimagen.net\/index.php?rest_route=%2Fwp%2Fv2%2Fcomments&post=660022"}],"version-history":[{"count":1,"href":"https:\/\/www.diarioimagen.net\/index.php?rest_route=\/wp\/v2\/posts\/660022\/revisions"}],"predecessor-version":[{"id":660024,"href":"https:\/\/www.diarioimagen.net\/index.php?rest_route=\/wp\/v2\/posts\/660022\/revisions\/660024"}],"wp:featuredmedia":[{"embeddable":true,"href":"https:\/\/www.diarioimagen.net\/index.php?rest_route=\/wp\/v2\/media\/660023"}],"wp:attachment":[{"href":"https:\/\/www.diarioimagen.net\/index.php?rest_route=%2Fwp%2Fv2%2Fmedia&parent=660022"}],"wp:term":[{"taxonomy":"category","embeddable":true,"href":"https:\/\/www.diarioimagen.net\/index.php?rest_route=%2Fwp%2Fv2%2Fcategories&post=660022"},{"taxonomy":"post_tag","embeddable":true,"href":"https:\/\/www.diarioimagen.net\/index.php?rest_route=%2Fwp%2Fv2%2Ftags&post=660022"}],"curies":[{"name":"wp","href":"https:\/\/api.w.org\/{rel}","templated":true}]}}