{"id":660199,"date":"2025-03-19T00:00:46","date_gmt":"2025-03-19T06:00:46","guid":{"rendered":"https:\/\/www.diarioimagen.net\/?p=660199"},"modified":"2025-03-18T20:32:53","modified_gmt":"2025-03-19T02:32:53","slug":"se-trabaja-en-beneficio-de-todas-las-familias-de-naucalpan-afirma-el-regidor-paulo-lara","status":"publish","type":"post","link":"https:\/\/www.diarioimagen.net\/?p=660199","title":{"rendered":"Se trabaja en beneficio de todas las familias  de Naucalpan, afirma el regidor Paulo Lara\u00a0"},"content":{"rendered":"<ul>\n<li><strong>Entrega de obras y servicios p\u00fablicos de calidad<\/strong><\/li>\n<\/ul>\n<p><strong>\u00a0<\/strong><\/p>\n<div id=\"attachment_660200\" style=\"width: 344px\" class=\"wp-caption alignnone\"><img loading=\"lazy\" decoding=\"async\" aria-describedby=\"caption-attachment-660200\" class=\"wp-image-660200 size-large\" src=\"https:\/\/www.diarioimagen.net\/wp-content\/uploads\/2025\/03\/BAENA-1-9-334x270.jpg\" alt=\"\" width=\"334\" height=\"270\" srcset=\"https:\/\/www.diarioimagen.net\/wp-content\/uploads\/2025\/03\/BAENA-1-9-334x270.jpg 334w, https:\/\/www.diarioimagen.net\/wp-content\/uploads\/2025\/03\/BAENA-1-9-240x194.jpg 240w, https:\/\/www.diarioimagen.net\/wp-content\/uploads\/2025\/03\/BAENA-1-9-768x621.jpg 768w, https:\/\/www.diarioimagen.net\/wp-content\/uploads\/2025\/03\/BAENA-1-9.jpg 834w\" sizes=\"auto, (max-width: 334px) 100vw, 334px\" \/><p id=\"caption-attachment-660200\" class=\"wp-caption-text\">El regidor Paulo Lara afirm\u00f3 que en este primer a\u00f1o de ejercicio fiscal de la alcald\u00eda de Naucalpan, se\u00a0 lograr\u00e1\u00a0 hacer m\u00e1s que en los tres a\u00f1os de la administraci\u00f3n anterior.<\/p><\/div>\n<p>&nbsp;<\/p>\n<p>Por Arturo Baena<\/p>\n<p>&nbsp;<\/p>\n<p>Naucalpan, M\u00e9x.- Nunca, en el arranque de un gobierno, se hab\u00eda iniciado con la entrega de obras y servicios p\u00fablicos de calidad. Pese a los constantes \u201cataques\u00bb y \u00abcr\u00edticas\u00bb a la administraci\u00f3n que encabeza el alcalde Isaac Montoya, el rostro del municipio va cambiando en favor de las y los naucalpenses.<\/p>\n<p>&nbsp;<\/p>\n<p>As\u00ed lo expres\u00f3, en entrevista, el regidor Paulo Lara, al puntualizar que las acciones del gobierno municipal en materia de obras y servicios p\u00fablicos es un hecho, como lo es el cambio de luminarias, bacheo y reparaci\u00f3n de pozos con la finalidad de optimizar el suministro de agua.<\/p>\n<p>&nbsp;<\/p>\n<p>\u00abSe est\u00e1 trabajando con paso firme de la mano de la clase trabajadora perteneciente al Suteym, que encabeza el dirigente Tom\u00e1s Palomares y ello lo reconocen las familias naucalpenses\u00bb, dijo.<\/p>\n<p>&nbsp;<\/p>\n<p>Por otra parte, el representante popular record\u00f3 que la inversi\u00f3n en obra p\u00fablica alcanzar\u00e1 al rededor de los 700 millones de pesos, lo que representa un incremento de aproximadamente 300%, comparado con otras administraciones, una cifra sin precedentes.<\/p>\n<p>&nbsp;<\/p>\n<p>\u00abEste aumento se lograr\u00e1 con recursos propios, incluyendo el Fondo de Aportaciones para la Infraestructura Social Municipal y de las Demarcaciones Territoriales del Distrito Federal (FAISMUNDF), as\u00ed como el Fondo Estatal de Fortalecimiento Municipal (FEFOM)\u00bb, afirm\u00f3.<\/p>\n<p>&nbsp;<\/p>\n<p>Paulo Lara reiter\u00f3 que, en este primer a\u00f1o de ejercicio fiscal de la actual alcald\u00eda, se\u00a0 lograr\u00e1\u00a0 hacer m\u00e1s que en los tres a\u00f1os de la administraci\u00f3n anterior; \u00abel anterior gobierno municipal no ejerci\u00f3 recursos propios para obra p\u00fablica y depend\u00eda \u00fanicamente de las participaciones. Nuestro compromiso es transformar las calles de Naucalpan y, en tres a\u00f1os, alcanzar la meta de reconstruir un mill\u00f3n de metros cuadrados de vialidades\u201d, afirm\u00f3.<\/p>\n<p>&nbsp;<\/p>\n<p>&nbsp;<\/p>\n<p>&nbsp;<\/p>\n","protected":false},"excerpt":{"rendered":"<p>Entrega de obras y servicios p\u00fablicos de calidad \u00a0 &nbsp; Por Arturo Baena &nbsp; Naucalpan, M\u00e9x.- Nunca, en el arranque de un gobierno, se hab\u00eda iniciado con la entrega de obras y servicios p\u00fablicos de calidad. Pese a los constantes \u201cataques\u00bb y \u00abcr\u00edticas\u00bb a la administraci\u00f3n que encabeza el alcalde Isaac Montoya, el rostro del [&hellip;]<\/p>\n","protected":false},"author":14,"featured_media":660200,"comment_status":"open","ping_status":"open","sticky":false,"template":"","format":"standard","meta":{"_monsterinsights_skip_tracking":false,"_monsterinsights_sitenote_active":false,"_monsterinsights_sitenote_note":"","_monsterinsights_sitenote_category":0,"footnotes":""},"categories":[5],"tags":[],"class_list":["post-660199","post","type-post","status-publish","format-standard","has-post-thumbnail","hentry","category-estado-de-mexico"],"_links":{"self":[{"href":"https:\/\/www.diarioimagen.net\/index.php?rest_route=\/wp\/v2\/posts\/660199","targetHints":{"allow":["GET"]}}],"collection":[{"href":"https:\/\/www.diarioimagen.net\/index.php?rest_route=\/wp\/v2\/posts"}],"about":[{"href":"https:\/\/www.diarioimagen.net\/index.php?rest_route=\/wp\/v2\/types\/post"}],"author":[{"embeddable":true,"href":"https:\/\/www.diarioimagen.net\/index.php?rest_route=\/wp\/v2\/users\/14"}],"replies":[{"embeddable":true,"href":"https:\/\/www.diarioimagen.net\/index.php?rest_route=%2Fwp%2Fv2%2Fcomments&post=660199"}],"version-history":[{"count":1,"href":"https:\/\/www.diarioimagen.net\/index.php?rest_route=\/wp\/v2\/posts\/660199\/revisions"}],"predecessor-version":[{"id":660201,"href":"https:\/\/www.diarioimagen.net\/index.php?rest_route=\/wp\/v2\/posts\/660199\/revisions\/660201"}],"wp:featuredmedia":[{"embeddable":true,"href":"https:\/\/www.diarioimagen.net\/index.php?rest_route=\/wp\/v2\/media\/660200"}],"wp:attachment":[{"href":"https:\/\/www.diarioimagen.net\/index.php?rest_route=%2Fwp%2Fv2%2Fmedia&parent=660199"}],"wp:term":[{"taxonomy":"category","embeddable":true,"href":"https:\/\/www.diarioimagen.net\/index.php?rest_route=%2Fwp%2Fv2%2Fcategories&post=660199"},{"taxonomy":"post_tag","embeddable":true,"href":"https:\/\/www.diarioimagen.net\/index.php?rest_route=%2Fwp%2Fv2%2Ftags&post=660199"}],"curies":[{"name":"wp","href":"https:\/\/api.w.org\/{rel}","templated":true}]}}