{"id":660229,"date":"2025-03-19T00:00:42","date_gmt":"2025-03-19T06:00:42","guid":{"rendered":"https:\/\/www.diarioimagen.net\/?p=660229"},"modified":"2025-03-18T20:53:21","modified_gmt":"2025-03-19T02:53:21","slug":"delfina-gomez-encabezo-reunion-estrategia-operativa-oriente","status":"publish","type":"post","link":"https:\/\/www.diarioimagen.net\/?p=660229","title":{"rendered":"Delfina G\u00f3mez encabez\u00f3 reuni\u00f3n  \u201cEstrategia Operativa Oriente\u201d"},"content":{"rendered":"<ul>\n<li><strong>Encuentro con alcaldes<\/strong><\/li>\n<li><strong>Revisan acciones alineadas a la estrategia de seguridad federal para fortalecer la coordinaci\u00f3n institucional <\/strong><\/li>\n<\/ul>\n<div id=\"attachment_660247\" style=\"width: 415px\" class=\"wp-caption alignnone\"><img loading=\"lazy\" decoding=\"async\" aria-describedby=\"caption-attachment-660247\" class=\"wp-image-660247 size-large\" src=\"https:\/\/www.diarioimagen.net\/wp-content\/uploads\/2025\/03\/EDOMEX-1-9-405x270.jpeg\" alt=\"\" width=\"405\" height=\"270\" srcset=\"https:\/\/www.diarioimagen.net\/wp-content\/uploads\/2025\/03\/EDOMEX-1-9-405x270.jpeg 405w, https:\/\/www.diarioimagen.net\/wp-content\/uploads\/2025\/03\/EDOMEX-1-9-240x160.jpeg 240w, https:\/\/www.diarioimagen.net\/wp-content\/uploads\/2025\/03\/EDOMEX-1-9-768x512.jpeg 768w, https:\/\/www.diarioimagen.net\/wp-content\/uploads\/2025\/03\/EDOMEX-1-9-1536x1024.jpeg 1536w, https:\/\/www.diarioimagen.net\/wp-content\/uploads\/2025\/03\/EDOMEX-1-9-2048x1365.jpeg 2048w\" sizes=\"auto, (max-width: 405px) 100vw, 405px\" \/><p id=\"caption-attachment-660247\" class=\"wp-caption-text\">A la Mesa de Coordinaci\u00f3n para la Construcci\u00f3n de la Paz, que encabeza Delfina G\u00f3mez en el Palacio de Gobierno, en Toluca, asistieron las y los presidentes municipales de Chalco, Chicoloapan, Chimalhuac\u00e1n, Ecatepec, Ixtapaluca, Nezahualc\u00f3yotl, La Paz, Texcoco, Tlalnepantla, Valle de Chalco y el Secretario de Ayuntamiento de Naucalpan.<\/p><\/div>\n<p>&nbsp;<\/p>\n<p>&nbsp;<\/p>\n<p>Toluca, Estado de M\u00e9xico.\u2013 La gobernadora Delfina G\u00f3mez \u00c1lvarez se reuni\u00f3 con alcaldes de 11 municipios del oriente del Estado de M\u00e9xico para reforzar la Estrategia Operativa Oriente.<\/p>\n<p>&nbsp;<\/p>\n<p>A la Mesa de Coordinaci\u00f3n para la Construcci\u00f3n de la Paz, que todos los d\u00edas se celebra en Palacio de Gobierno, en Toluca, asistieron las y los presidentes municipales de Chalco, Chicoloapan, Chimalhuac\u00e1n, Ecatepec, Ixtapaluca, Nezahualc\u00f3yotl, La Paz, Texcoco, Tlalnepantla, Valle de Chalco y el Secretario de Ayuntamiento de Naucalpan.<\/p>\n<p>&nbsp;<\/p>\n<p>Las y los representantes del Gobierno de M\u00e9xico y del Estado de M\u00e9xico acordaron la \u201cEstrategia Operativa Oriente\u201d, la cual contempla que la Mesa de Coordinaci\u00f3n para la Construcci\u00f3n de la Paz sesione en los municipios suscritos una vez a la semana.<\/p>\n<p>&nbsp;<\/p>\n<p>\u201cHoy realizamos la reuni\u00f3n para comenzar la Estrategia Operativa Oriente, que da seguimiento al plan que impulsa nuestra Presidenta de M\u00e9xico, la doctora Claudia Sheinbaum Pardo. Durante la Mesa de Coordinaci\u00f3n para la Construcci\u00f3n de la Paz en el #EdoM\u00e9x, me reun\u00ed con Presidentas y Presidentes Municipales de la Zona Oriente de nuestra entidad para ejecutar acciones coordinadas\u201d, inform\u00f3 la gobernadora Delfina G\u00f3mez \u00c1lvarez en sus redes sociales.<\/p>\n<p>&nbsp;<\/p>\n<p>&nbsp;<\/p>\n<p>En la reuni\u00f3n tambi\u00e9n participaron el General de Brigada E.M. Jos\u00e9 Mart\u00edn Luna de la Luz, Comandante de la 22\/a Zona militar; el General de Brigada E.M. Jos\u00e9 Manuel Ram\u00edrez Mart\u00ednez, Comandante de la 37\/a Zona Militar; y Maricela L\u00f3pez Urbina, Secretaria T\u00e9cnica del Grupo de Coordinaci\u00f3n Territorial para la Construcci\u00f3n de la Paz en el Estado de M\u00e9xico.<\/p>\n<p>&nbsp;<\/p>\n<p>&nbsp;<\/p>\n<p>As\u00ed como Horacio Duarte Olivares, Secretario General de Gobierno; Crist\u00f3bal Casta\u00f1eda Camarillo, Secretario de Seguridad de la entidad; Jos\u00e9 Luis Cervantes Mart\u00ednez, Fiscal General de Justicia del Estado de M\u00e9xico; Capit\u00e1n de Nav\u00edo CG. D.E.M. Humberto S\u00e1nchez Ch\u00e1vez, Enlace de la SEMAR en la FGJEM; General de Brigada E.M. F\u00e9lix Gonz\u00e1lez Lara, Coordinador Estatal de la Guardia Nacional en el Estado de M\u00e9xico; \u00d3scar Ernesto \u00c1lvarez Ben\u00edtez, Jefe de Estaci\u00f3n del Centro Nacional de Inteligencia en el Estado de M\u00e9xico y Juventino P\u00e9rez G\u00f3mez, Titular de la Unidad de Investigaci\u00f3n y Litigaci\u00f3n de la Fiscal\u00eda Federal con sede en Toluca.<\/p>\n<p>&nbsp;<\/p>\n<p><strong>\u00a0<\/strong><\/p>\n<p>&nbsp;<\/p>\n","protected":false},"excerpt":{"rendered":"<p>Encuentro con alcaldes Revisan acciones alineadas a la estrategia de seguridad federal para fortalecer la coordinaci\u00f3n institucional &nbsp; &nbsp; Toluca, Estado de M\u00e9xico.\u2013 La gobernadora Delfina G\u00f3mez \u00c1lvarez se reuni\u00f3 con alcaldes de 11 municipios del oriente del Estado de M\u00e9xico para reforzar la Estrategia Operativa Oriente. &nbsp; A la Mesa de Coordinaci\u00f3n para la [&hellip;]<\/p>\n","protected":false},"author":14,"featured_media":660247,"comment_status":"open","ping_status":"open","sticky":false,"template":"","format":"standard","meta":{"_monsterinsights_skip_tracking":false,"_monsterinsights_sitenote_active":false,"_monsterinsights_sitenote_note":"","_monsterinsights_sitenote_category":0,"footnotes":""},"categories":[16,5],"tags":[],"class_list":["post-660229","post","type-post","status-publish","format-standard","has-post-thumbnail","hentry","category-destacadas","category-estado-de-mexico"],"_links":{"self":[{"href":"https:\/\/www.diarioimagen.net\/index.php?rest_route=\/wp\/v2\/posts\/660229","targetHints":{"allow":["GET"]}}],"collection":[{"href":"https:\/\/www.diarioimagen.net\/index.php?rest_route=\/wp\/v2\/posts"}],"about":[{"href":"https:\/\/www.diarioimagen.net\/index.php?rest_route=\/wp\/v2\/types\/post"}],"author":[{"embeddable":true,"href":"https:\/\/www.diarioimagen.net\/index.php?rest_route=\/wp\/v2\/users\/14"}],"replies":[{"embeddable":true,"href":"https:\/\/www.diarioimagen.net\/index.php?rest_route=%2Fwp%2Fv2%2Fcomments&post=660229"}],"version-history":[{"count":1,"href":"https:\/\/www.diarioimagen.net\/index.php?rest_route=\/wp\/v2\/posts\/660229\/revisions"}],"predecessor-version":[{"id":660248,"href":"https:\/\/www.diarioimagen.net\/index.php?rest_route=\/wp\/v2\/posts\/660229\/revisions\/660248"}],"wp:featuredmedia":[{"embeddable":true,"href":"https:\/\/www.diarioimagen.net\/index.php?rest_route=\/wp\/v2\/media\/660247"}],"wp:attachment":[{"href":"https:\/\/www.diarioimagen.net\/index.php?rest_route=%2Fwp%2Fv2%2Fmedia&parent=660229"}],"wp:term":[{"taxonomy":"category","embeddable":true,"href":"https:\/\/www.diarioimagen.net\/index.php?rest_route=%2Fwp%2Fv2%2Fcategories&post=660229"},{"taxonomy":"post_tag","embeddable":true,"href":"https:\/\/www.diarioimagen.net\/index.php?rest_route=%2Fwp%2Fv2%2Ftags&post=660229"}],"curies":[{"name":"wp","href":"https:\/\/api.w.org\/{rel}","templated":true}]}}