{"id":660603,"date":"2025-03-21T00:00:39","date_gmt":"2025-03-21T06:00:39","guid":{"rendered":"https:\/\/www.diarioimagen.net\/?p=660603"},"modified":"2025-03-20T20:11:51","modified_gmt":"2025-03-21T02:11:51","slug":"develan-en-el-congreso-placa-conmemorativa-del-dia-de-la-mujer-periodista","status":"publish","type":"post","link":"https:\/\/www.diarioimagen.net\/?p=660603","title":{"rendered":"Develan en el Congreso placa conmemorativa del \u201cD\u00eda de la mujer periodista\u201d"},"content":{"rendered":"<div id=\"attachment_660604\" style=\"width: 402px\" class=\"wp-caption alignnone\"><img loading=\"lazy\" decoding=\"async\" aria-describedby=\"caption-attachment-660604\" class=\"wp-image-660604 size-large\" src=\"https:\/\/www.diarioimagen.net\/wp-content\/uploads\/2025\/03\/BAENA-4-ok-392x270.jpg\" alt=\"\" width=\"392\" height=\"270\" srcset=\"https:\/\/www.diarioimagen.net\/wp-content\/uploads\/2025\/03\/BAENA-4-ok-392x270.jpg 392w, https:\/\/www.diarioimagen.net\/wp-content\/uploads\/2025\/03\/BAENA-4-ok-240x165.jpg 240w, https:\/\/www.diarioimagen.net\/wp-content\/uploads\/2025\/03\/BAENA-4-ok-768x529.jpg 768w, https:\/\/www.diarioimagen.net\/wp-content\/uploads\/2025\/03\/BAENA-4-ok.jpg 1500w\" sizes=\"auto, (max-width: 392px) 100vw, 392px\" \/><p id=\"caption-attachment-660604\" class=\"wp-caption-text\">Develan en el Congreso placa conmemorativa del \u201cD\u00eda de la mujer periodista\u201d<\/p><\/div>\n<p>Toluca, M\u00e9x.- En un acto significativo para el gremio period\u00edstico, se llev\u00f3 a cabo la develaci\u00f3n de la placa conmemorativa del \u201cD\u00eda de la Mujer Periodista y Fotoperiodista\u201d del Estado de M\u00e9xico, una fecha que desde hace tres a\u00f1os reconoce la lucha, esfuerzo y contribuci\u00f3n de las mujeres en el periodismo y fotoperiodismo. El evento cont\u00f3 con la participaci\u00f3n de la periodista Ventura Rojas Garfias, en representaci\u00f3n del Comit\u00e9 Promotor para la Protecci\u00f3n del Periodista en el Estado de M\u00e9xico; el diputado Esteban Ju\u00e1rez Hern\u00e1ndez, presidente del Comit\u00e9 de Comunicaci\u00f3n Social de la Legislatura local, y la directora de Comunicaci\u00f3n Social, Violeta Huerta L\u00f3pez. En su intervenci\u00f3n, Ventura Rojas Garfias destac\u00f3 la importancia de este reconocimiento en el Estado de M\u00e9xico, la \u00fanica entidad del pa\u00eds que ha institucionalizado esta conmemoraci\u00f3n.<\/p>\n<p>&nbsp;<\/p>\n<p>&nbsp;<\/p>\n<p>&nbsp;<\/p>\n<p>&nbsp;<\/p>\n<p>\u201cNo es un festejo, es una celebraci\u00f3n de lucha\u201d, enfatiz\u00f3, haciendo un llamado a que esta iniciativa trascienda a nivel nacional para que todas las entidades federativas reconozcan el papel de las mujeres periodistas y fotoperiodistas.<\/p>\n","protected":false},"excerpt":{"rendered":"<p>Toluca, M\u00e9x.- En un acto significativo para el gremio period\u00edstico, se llev\u00f3 a cabo la develaci\u00f3n de la placa conmemorativa del \u201cD\u00eda de la Mujer Periodista y Fotoperiodista\u201d del Estado de M\u00e9xico, una fecha que desde hace tres a\u00f1os reconoce la lucha, esfuerzo y contribuci\u00f3n de las mujeres en el periodismo y fotoperiodismo. El evento [&hellip;]<\/p>\n","protected":false},"author":14,"featured_media":660604,"comment_status":"open","ping_status":"open","sticky":false,"template":"","format":"standard","meta":{"_monsterinsights_skip_tracking":false,"_monsterinsights_sitenote_active":false,"_monsterinsights_sitenote_note":"","_monsterinsights_sitenote_category":0,"footnotes":""},"categories":[5],"tags":[],"class_list":["post-660603","post","type-post","status-publish","format-standard","has-post-thumbnail","hentry","category-estado-de-mexico"],"_links":{"self":[{"href":"https:\/\/www.diarioimagen.net\/index.php?rest_route=\/wp\/v2\/posts\/660603","targetHints":{"allow":["GET"]}}],"collection":[{"href":"https:\/\/www.diarioimagen.net\/index.php?rest_route=\/wp\/v2\/posts"}],"about":[{"href":"https:\/\/www.diarioimagen.net\/index.php?rest_route=\/wp\/v2\/types\/post"}],"author":[{"embeddable":true,"href":"https:\/\/www.diarioimagen.net\/index.php?rest_route=\/wp\/v2\/users\/14"}],"replies":[{"embeddable":true,"href":"https:\/\/www.diarioimagen.net\/index.php?rest_route=%2Fwp%2Fv2%2Fcomments&post=660603"}],"version-history":[{"count":1,"href":"https:\/\/www.diarioimagen.net\/index.php?rest_route=\/wp\/v2\/posts\/660603\/revisions"}],"predecessor-version":[{"id":660605,"href":"https:\/\/www.diarioimagen.net\/index.php?rest_route=\/wp\/v2\/posts\/660603\/revisions\/660605"}],"wp:featuredmedia":[{"embeddable":true,"href":"https:\/\/www.diarioimagen.net\/index.php?rest_route=\/wp\/v2\/media\/660604"}],"wp:attachment":[{"href":"https:\/\/www.diarioimagen.net\/index.php?rest_route=%2Fwp%2Fv2%2Fmedia&parent=660603"}],"wp:term":[{"taxonomy":"category","embeddable":true,"href":"https:\/\/www.diarioimagen.net\/index.php?rest_route=%2Fwp%2Fv2%2Fcategories&post=660603"},{"taxonomy":"post_tag","embeddable":true,"href":"https:\/\/www.diarioimagen.net\/index.php?rest_route=%2Fwp%2Fv2%2Ftags&post=660603"}],"curies":[{"name":"wp","href":"https:\/\/api.w.org\/{rel}","templated":true}]}}