{"id":660617,"date":"2025-03-21T00:00:49","date_gmt":"2025-03-21T06:00:49","guid":{"rendered":"https:\/\/www.diarioimagen.net\/?p=660617"},"modified":"2025-03-20T20:23:10","modified_gmt":"2025-03-21T02:23:10","slug":"alistan-estrategia-de-mando-unico-para-11-municipios-de-zona-oriente","status":"publish","type":"post","link":"https:\/\/www.diarioimagen.net\/?p=660617","title":{"rendered":"Alistan estrategia de Mando \u00danico  para 11 municipios de zona oriente  \u00a0"},"content":{"rendered":"<ul>\n<li><strong>Delfina G\u00f3mez participa en reuni\u00f3n del Gabinete de Seguridad<\/strong><\/li>\n<li><strong>Seguimiento al despliegue de fuerzas federales, estatales y municipales en Edomex para fortalecer seguridad <\/strong><\/li>\n<\/ul>\n<p><strong>\u00a0<\/strong><\/p>\n<p><strong>\u00a0<\/strong><\/p>\n<div id=\"attachment_660618\" style=\"width: 414px\" class=\"wp-caption alignnone\"><img loading=\"lazy\" decoding=\"async\" aria-describedby=\"caption-attachment-660618\" class=\"wp-image-660618 size-large\" src=\"https:\/\/www.diarioimagen.net\/wp-content\/uploads\/2025\/03\/EDOMEX-1.-OK-ok-404x270.jpg\" alt=\"\" width=\"404\" height=\"270\" srcset=\"https:\/\/www.diarioimagen.net\/wp-content\/uploads\/2025\/03\/EDOMEX-1.-OK-ok-404x270.jpg 404w, https:\/\/www.diarioimagen.net\/wp-content\/uploads\/2025\/03\/EDOMEX-1.-OK-ok-240x160.jpg 240w, https:\/\/www.diarioimagen.net\/wp-content\/uploads\/2025\/03\/EDOMEX-1.-OK-ok-768x513.jpg 768w, https:\/\/www.diarioimagen.net\/wp-content\/uploads\/2025\/03\/EDOMEX-1.-OK-ok.jpg 1500w\" sizes=\"auto, (max-width: 404px) 100vw, 404px\" \/><p id=\"caption-attachment-660618\" class=\"wp-caption-text\">La gobernadora Delfina G\u00f3mez \u00c1lvarez particip\u00f3 en la reuni\u00f3n del Gabinete de Seguridad, en Palacio Nacional, para dar seguimiento al despliegue de seguridad que se implementar\u00e1 en los municipios de la zona oriente con la participaci\u00f3n de los tres niveles de gobierno.<\/p><\/div>\n<p>&nbsp;<\/p>\n<p>&nbsp;<\/p>\n<p>&nbsp;<\/p>\n<p>Cuauht\u00e9moc, Ciudad de M\u00e9xico.\u2013 \u201cEsta ma\u00f1ana, en Palacio Nacional, realizamos la Mesa de Coordinaci\u00f3n para la Construcci\u00f3n de la Paz con nuestra Presidenta @Claudiashein. Coordinaremos esfuerzos para que la #EstrategiaOperativoOriente traiga paz y tranquilidad a 11 municipios de esa zona y a toda nuestra entidad. #ElPoderDeServir\u201d, inform\u00f3 la gobernadora Delfina G\u00f3mez \u00c1lvarez en sus redes sociales.<\/p>\n<p>&nbsp;<\/p>\n<p>&nbsp;<\/p>\n<p>&nbsp;<\/p>\n<p>La mandataria estatal particip\u00f3 en la reuni\u00f3n del Gabinete de Seguridad, para dar seguimiento al despliegue de seguridad que se implementar\u00e1 en los municipios de la zona oriente con la participaci\u00f3n de los tres niveles de gobierno.<\/p>\n<p>&nbsp;<\/p>\n<p>&nbsp;<\/p>\n<p>&nbsp;<\/p>\n<p>\u201cVamos a fortalecer el trabajo con los municipios, lo podemos hacer con la estrategia, con el trabajo con los 11 municipios que tenemos como prioridad en la zona oriente, paralelamente a ello, seguir trabajando con los otros municipios restantes para que se pueda fortalecer el trabajo,\u201d asever\u00f3 la gobernadora Delfina G\u00f3mez al salir de Palacio Nacional.<\/p>\n<p>&nbsp;<\/p>\n<p>&nbsp;<\/p>\n<p>&nbsp;<\/p>\n<p>Esta estrategia se implementar\u00e1 en los municipios de Chalco, Chicoloapan, Chimalhuac\u00e1n, Ecatepec, Ixtapaluca, La Paz, Nezahualc\u00f3yotl, Texcoco, Valle de Chalco, Tlalnepantla y Naucalpan, en una estrategia integrada por fuerzas federales, estatales y municipales.<\/p>\n<p>&nbsp;<\/p>\n<p>&nbsp;<\/p>\n<p>&nbsp;<\/p>\n<p>\u201cEl operativo oriente y fortalecer la Fiscal\u00eda, fortalecer la Guardia Nacional, Sedena, es un trabajo colaborativo de manera permanente, junto con las Jornadas de Paz y tambi\u00e9n el trabajo que le llamamos de participaci\u00f3n social, que tambi\u00e9n es importante para nuestros ciudadanos, la denuncia, invitamos a los ciudadanos, la denuncia siempre es importante y el trabajo colaborativo\u201d, explic\u00f3 gobernadora Delfina G\u00f3mez \u00c1lvarez.<\/p>\n<p>&nbsp;<\/p>\n<p>&nbsp;<\/p>\n<p>&nbsp;<\/p>\n<p>La gobernadora Delfina G\u00f3mez destac\u00f3 que se tiene el respaldo de la presidenta Claudia Sheinbaum Pardo para la implementaci\u00f3n de esta estrategia y subray\u00f3 la importancia del trabajo conjunto para reducir la incidencia delictiva en la zona oriente del estado.<\/p>\n<p>&nbsp;<\/p>\n<p>&nbsp;<\/p>\n<p>&nbsp;<\/p>\n<p>\u201cEstuvo hoy la gobernadora Delfina en el gabinete de seguridad, se est\u00e1 haciendo un trabajo especial para la zona oriente del Estado de M\u00e9xico, no porque no haya delitos en otras zonas, pero la zona oriente, estamos haciendo un trabajo integral, lo vamos a presentar pronto con 10 u 11 municipios, estamos integrando un nuevo municipio, para servicios urbanos, mejorar el transporte p\u00fablico, etc\u00e9tera, etc\u00e9tera,\u201d se\u00f1al\u00f3 la presidente Claudia Sheinbaum Pardo en la conferencia la ma\u00f1anera del pueblo.<\/p>\n<p>&nbsp;<\/p>\n<p>&nbsp;<\/p>\n<p>&nbsp;<\/p>\n<p>Entre las acciones que se desplegar\u00e1n con esta estrategia, la Mandataria federales precis\u00f3 que se trata de \u201cun programa especial para disminuir los delitos en el oriente del Estado de M\u00e9xico, y con mando \u00fanico, y yo creo que va a dar muchos resultados\u201d, precis\u00f3.<\/p>\n<p>&nbsp;<\/p>\n<p>&nbsp;<\/p>\n<p><strong>\u00a0<\/strong><\/p>\n","protected":false},"excerpt":{"rendered":"<p>Delfina G\u00f3mez participa en reuni\u00f3n del Gabinete de Seguridad Seguimiento al despliegue de fuerzas federales, estatales y municipales en Edomex para fortalecer seguridad \u00a0 \u00a0 &nbsp; &nbsp; &nbsp; Cuauht\u00e9moc, Ciudad de M\u00e9xico.\u2013 \u201cEsta ma\u00f1ana, en Palacio Nacional, realizamos la Mesa de Coordinaci\u00f3n para la Construcci\u00f3n de la Paz con nuestra Presidenta @Claudiashein. Coordinaremos esfuerzos para [&hellip;]<\/p>\n","protected":false},"author":14,"featured_media":660618,"comment_status":"open","ping_status":"open","sticky":false,"template":"","format":"standard","meta":{"_monsterinsights_skip_tracking":false,"_monsterinsights_sitenote_active":false,"_monsterinsights_sitenote_note":"","_monsterinsights_sitenote_category":0,"footnotes":""},"categories":[16,5],"tags":[],"class_list":["post-660617","post","type-post","status-publish","format-standard","has-post-thumbnail","hentry","category-destacadas","category-estado-de-mexico"],"_links":{"self":[{"href":"https:\/\/www.diarioimagen.net\/index.php?rest_route=\/wp\/v2\/posts\/660617","targetHints":{"allow":["GET"]}}],"collection":[{"href":"https:\/\/www.diarioimagen.net\/index.php?rest_route=\/wp\/v2\/posts"}],"about":[{"href":"https:\/\/www.diarioimagen.net\/index.php?rest_route=\/wp\/v2\/types\/post"}],"author":[{"embeddable":true,"href":"https:\/\/www.diarioimagen.net\/index.php?rest_route=\/wp\/v2\/users\/14"}],"replies":[{"embeddable":true,"href":"https:\/\/www.diarioimagen.net\/index.php?rest_route=%2Fwp%2Fv2%2Fcomments&post=660617"}],"version-history":[{"count":1,"href":"https:\/\/www.diarioimagen.net\/index.php?rest_route=\/wp\/v2\/posts\/660617\/revisions"}],"predecessor-version":[{"id":660619,"href":"https:\/\/www.diarioimagen.net\/index.php?rest_route=\/wp\/v2\/posts\/660617\/revisions\/660619"}],"wp:featuredmedia":[{"embeddable":true,"href":"https:\/\/www.diarioimagen.net\/index.php?rest_route=\/wp\/v2\/media\/660618"}],"wp:attachment":[{"href":"https:\/\/www.diarioimagen.net\/index.php?rest_route=%2Fwp%2Fv2%2Fmedia&parent=660617"}],"wp:term":[{"taxonomy":"category","embeddable":true,"href":"https:\/\/www.diarioimagen.net\/index.php?rest_route=%2Fwp%2Fv2%2Fcategories&post=660617"},{"taxonomy":"post_tag","embeddable":true,"href":"https:\/\/www.diarioimagen.net\/index.php?rest_route=%2Fwp%2Fv2%2Ftags&post=660617"}],"curies":[{"name":"wp","href":"https:\/\/api.w.org\/{rel}","templated":true}]}}