{"id":660836,"date":"2025-03-24T00:00:35","date_gmt":"2025-03-24T06:00:35","guid":{"rendered":"https:\/\/www.diarioimagen.net\/?p=660836"},"modified":"2025-03-23T21:11:27","modified_gmt":"2025-03-24T03:11:27","slug":"uaemex-comprometida-con-la-etica-y-rectitud-cebd","status":"publish","type":"post","link":"https:\/\/www.diarioimagen.net\/?p=660836","title":{"rendered":"UAEM\u00e9x, comprometida con la \u00e9tica y rectitud: CEBD"},"content":{"rendered":"<p><strong>\u00a0<\/strong><\/p>\n<p>&nbsp;<\/p>\n<p><strong>\u00a0<\/strong><\/p>\n<ul>\n<li><strong>El rector Carlos Eduardo Barrera D\u00edaz, inaugur\u00f3 los trabajos de la Comisi\u00f3n Especial del H. Consejo Universitario para el Estudio y Evaluaci\u00f3n del 4\u00b0 Informe Anual de Actividades de la Administraci\u00f3n Universitaria 2021-2025<\/strong><\/li>\n<li><\/li>\n<li><strong>Barrera D\u00edaz coment\u00f3 que la UAEM\u00e9x se consolida por cuarto a\u00f1o consecutivo como la mejor universidad p\u00fablica estatal de M\u00e9xico, por logros como la acreditaci\u00f3n institucional por los CIEES, el descuento de 10% en las cuotas escolares, y la ampliaci\u00f3n de su infraestructura en los municipios de Tec\u00e1mac, Ixtapan de la Sal y Temoaya<\/strong><\/li>\n<\/ul>\n<div id=\"attachment_660837\" style=\"width: 470px\" class=\"wp-caption alignnone\"><img loading=\"lazy\" decoding=\"async\" aria-describedby=\"caption-attachment-660837\" class=\"wp-image-660837 size-large\" src=\"https:\/\/www.diarioimagen.net\/wp-content\/uploads\/2025\/03\/UAEM1-5-460x263.jpg\" alt=\"\" width=\"460\" height=\"263\" srcset=\"https:\/\/www.diarioimagen.net\/wp-content\/uploads\/2025\/03\/UAEM1-5-460x263.jpg 460w, https:\/\/www.diarioimagen.net\/wp-content\/uploads\/2025\/03\/UAEM1-5-240x137.jpg 240w, https:\/\/www.diarioimagen.net\/wp-content\/uploads\/2025\/03\/UAEM1-5-768x440.jpg 768w, https:\/\/www.diarioimagen.net\/wp-content\/uploads\/2025\/03\/UAEM1-5-202x114.jpg 202w, https:\/\/www.diarioimagen.net\/wp-content\/uploads\/2025\/03\/UAEM1-5.jpg 1333w\" sizes=\"auto, (max-width: 460px) 100vw, 460px\" \/><p id=\"caption-attachment-660837\" class=\"wp-caption-text\">El rector Carlos Eduardo Barrera D\u00edaz, inaugur\u00f3 los trabajos de la Comisi\u00f3n Especial del H. Consejo Universitario para el Estudio y Evaluaci\u00f3n del 4\u00b0 Informe Anual de Actividades de la Administraci\u00f3n Universitaria 2021-2025.<\/p><\/div>\n<p>&nbsp;<\/p>\n<p>Toluca, M\u00e9x.- En un ejercicio de rendici\u00f3n de cuentas y transparencia institucional, el rector de la Universidad Aut\u00f3noma del Estado de M\u00e9xico (UAEM\u00e9x), Carlos Eduardo Barrera D\u00edaz, inaugur\u00f3 los trabajos de la Comisi\u00f3n Especial del H. Consejo Universitario para el Estudio y Evaluaci\u00f3n del 4\u00b0 Informe Anual de Actividades de la Administraci\u00f3n Universitaria 2021-2025.<\/p>\n<p>En el penthouse del Edificio Administrativo, Barrera D\u00edaz asever\u00f3 que el quehacer universitario est\u00e1 sustentado por valores institucionales creados desde un compromiso permanente con la \u00e9tica y la rectitud. Por ello, durante los d\u00edas 20 y 21 de marzo se realizaron jornadas para la revisi\u00f3n de las metas cumplidas durante el \u00faltimo a\u00f1o por la Administraci\u00f3n Central.<\/p>\n<p>El rector de la M\u00e1xima Casa de Estudios mexiquense coment\u00f3 que esta instituci\u00f3n destaca por su excelencia acad\u00e9mica y educativa, pues por cuarto a\u00f1o consecutivo es la mejor universidad p\u00fablica estatal de M\u00e9xico, de acuerdo con el ranking Times Higher Education (THE).<\/p>\n<p>Asimismo, destac\u00f3 que la UAEM\u00e9x obtuvo por primera vez, una acreditaci\u00f3n institucional emitida por los Comit\u00e9s Interinstitucionales para la Evaluaci\u00f3n de la Educaci\u00f3n Superior (CIEES), reconocidos por la Secretar\u00eda de Educaci\u00f3n P\u00fablica (SEP), cuya vigencia abarca los siguientes cinco a\u00f1os.<\/p>\n<p>Barrera D\u00edaz puntualiz\u00f3 que entre otros logros, destacan el descuento de 10% en las cuotas escolares, en beneficio de las familias mexiquenses; adem\u00e1s, se ampli\u00f3 la infraestructura auriverde con tres nuevos espacios acad\u00e9micos: un plantel de la Escuela Preparatoria en Tec\u00e1mac, una Unidad Acad\u00e9mica Profesional en Ixtapan de la Sal y una sede del Centro de Ense\u00f1anza de Lenguas (CELe) en Temoaya.<\/p>\n<p>El rector de la UAEM\u00e9x detall\u00f3 que se alcanz\u00f3 una matr\u00edcula hist\u00f3rica de 98 mil 331 integrantes, se registraron 161 programas de estudios profesionales con reconocimiento externo y 94 planes de estudios avanzados reconocidos por el Sistema Nacional de Posgrados (SNP), se cuenta con 902 integrantes del Sistema Nacional de Investigadoras e Investigadores (SNII) y se entregaron m\u00e1s de 426 mil becas, apoyos y est\u00edmulos para su comunidad universitaria.<\/p>\n<p>En este marco, Barrera D\u00edaz asever\u00f3 que los logros obtenidos refrendan los esfuerzos de su comunidad para la creaci\u00f3n de una UAEM\u00e9x de alto nivel educativo, cient\u00edfico, promotora de la cultura y la vinculaci\u00f3n, cercana a la sociedad mexiquense y con un esp\u00edritu de mejora constante.<\/p>\n<p>&nbsp;<\/p>\n<p>&nbsp;<\/p>\n<p>&nbsp;<\/p>\n","protected":false},"excerpt":{"rendered":"<p>\u00a0 &nbsp; \u00a0 El rector Carlos Eduardo Barrera D\u00edaz, inaugur\u00f3 los trabajos de la Comisi\u00f3n Especial del H. Consejo Universitario para el Estudio y Evaluaci\u00f3n del 4\u00b0 Informe Anual de Actividades de la Administraci\u00f3n Universitaria 2021-2025 Barrera D\u00edaz coment\u00f3 que la UAEM\u00e9x se consolida por cuarto a\u00f1o consecutivo como la mejor universidad p\u00fablica estatal de [&hellip;]<\/p>\n","protected":false},"author":14,"featured_media":660837,"comment_status":"open","ping_status":"open","sticky":false,"template":"","format":"standard","meta":{"_monsterinsights_skip_tracking":false,"_monsterinsights_sitenote_active":false,"_monsterinsights_sitenote_note":"","_monsterinsights_sitenote_category":0,"footnotes":""},"categories":[16,5],"tags":[],"class_list":["post-660836","post","type-post","status-publish","format-standard","has-post-thumbnail","hentry","category-destacadas","category-estado-de-mexico"],"_links":{"self":[{"href":"https:\/\/www.diarioimagen.net\/index.php?rest_route=\/wp\/v2\/posts\/660836","targetHints":{"allow":["GET"]}}],"collection":[{"href":"https:\/\/www.diarioimagen.net\/index.php?rest_route=\/wp\/v2\/posts"}],"about":[{"href":"https:\/\/www.diarioimagen.net\/index.php?rest_route=\/wp\/v2\/types\/post"}],"author":[{"embeddable":true,"href":"https:\/\/www.diarioimagen.net\/index.php?rest_route=\/wp\/v2\/users\/14"}],"replies":[{"embeddable":true,"href":"https:\/\/www.diarioimagen.net\/index.php?rest_route=%2Fwp%2Fv2%2Fcomments&post=660836"}],"version-history":[{"count":1,"href":"https:\/\/www.diarioimagen.net\/index.php?rest_route=\/wp\/v2\/posts\/660836\/revisions"}],"predecessor-version":[{"id":660838,"href":"https:\/\/www.diarioimagen.net\/index.php?rest_route=\/wp\/v2\/posts\/660836\/revisions\/660838"}],"wp:featuredmedia":[{"embeddable":true,"href":"https:\/\/www.diarioimagen.net\/index.php?rest_route=\/wp\/v2\/media\/660837"}],"wp:attachment":[{"href":"https:\/\/www.diarioimagen.net\/index.php?rest_route=%2Fwp%2Fv2%2Fmedia&parent=660836"}],"wp:term":[{"taxonomy":"category","embeddable":true,"href":"https:\/\/www.diarioimagen.net\/index.php?rest_route=%2Fwp%2Fv2%2Fcategories&post=660836"},{"taxonomy":"post_tag","embeddable":true,"href":"https:\/\/www.diarioimagen.net\/index.php?rest_route=%2Fwp%2Fv2%2Ftags&post=660836"}],"curies":[{"name":"wp","href":"https:\/\/api.w.org\/{rel}","templated":true}]}}