{"id":660934,"date":"2025-03-25T00:00:19","date_gmt":"2025-03-25T06:00:19","guid":{"rendered":"https:\/\/www.diarioimagen.net\/?p=660934"},"modified":"2025-03-24T21:35:25","modified_gmt":"2025-03-25T03:35:25","slug":"ya-no-mas-huachicoleo-del-agua-en-naucalpan-afirma-el-regidor-paulo-lara","status":"publish","type":"post","link":"https:\/\/www.diarioimagen.net\/?p=660934","title":{"rendered":"Ya no m\u00e1s \u201chuachicoleo\u201d del agua en  Naucalpan, afirma el regidor Paulo Lara"},"content":{"rendered":"<ul>\n<li><strong>Proponen sanciones m\u00e1s severas<\/strong><\/li>\n<\/ul>\n<p><strong>\u00a0<\/strong><\/p>\n<div id=\"attachment_660935\" style=\"width: 313px\" class=\"wp-caption alignnone\"><img loading=\"lazy\" decoding=\"async\" aria-describedby=\"caption-attachment-660935\" class=\"wp-image-660935 size-large\" src=\"https:\/\/www.diarioimagen.net\/wp-content\/uploads\/2025\/03\/BAENA-1-ok-3-303x270.jpg\" alt=\"\" width=\"303\" height=\"270\" srcset=\"https:\/\/www.diarioimagen.net\/wp-content\/uploads\/2025\/03\/BAENA-1-ok-3-303x270.jpg 303w, https:\/\/www.diarioimagen.net\/wp-content\/uploads\/2025\/03\/BAENA-1-ok-3-240x214.jpg 240w, https:\/\/www.diarioimagen.net\/wp-content\/uploads\/2025\/03\/BAENA-1-ok-3-768x685.jpg 768w, https:\/\/www.diarioimagen.net\/wp-content\/uploads\/2025\/03\/BAENA-1-ok-3.jpg 1500w\" sizes=\"auto, (max-width: 303px) 100vw, 303px\" \/><p id=\"caption-attachment-660935\" class=\"wp-caption-text\">El quinto regidor Paulo Lara y Comisario del Consejo Directivo del OAPAS se manifest\u00f3 a favor de sanciones severas contra\u00a0 el \u00abhuachicoleo\u00bb del agua.<\/p><\/div>\n<p>&nbsp;<\/p>\n<p>Naucalpan, M\u00e9x.- \u201cPoco a poco se ir\u00e1 resolviendo el problema h\u00eddrico en nuestro municipio. Pese a que enfrentamos una temporada dif\u00edcil en materia de agua, vamos por el camino correcto y desde luego que apoyamos las sanciones por el huachicoleo de este vital l\u00edquido\u201d.<\/p>\n<p>&nbsp;<\/p>\n<p>As\u00ed lo se\u00f1al\u00f3, Paulo Lara, quinto regidor y Comisario del Consejo Directivo del OAPAS, al hablar sobre la reforma presentada para modificar el C\u00f3digo Penal del Estado de M\u00e9xico con la finalidad de sancionar con mayor gravedad a las personas que cometan el delito.<\/p>\n<p>&nbsp;<\/p>\n<p>\u00abRecordemos que actualmente el Sistema Cutzamala se encuentra al 57 por ciento de su capacidad, ya que tambi\u00e9n se ha visto afectado por las sequ\u00edas de los a\u00f1os anteriores y ello nos afecta a todos sin distinci\u00f3n\u00bb, dijo.<\/p>\n<p>&nbsp;<\/p>\n<p>Respecto a las penas propuestas por la diputada Zaira Cedillo Silva, integrante de Morena, Paulo Lara reconoci\u00f3 que el robo del agua (huachicoleo) es un problema grave que afecta a todos los ciudadanos y que requiere de atenci\u00f3n urgente.<\/p>\n<p>&nbsp;<\/p>\n<p>\u201cActualmente, los ordenamientos legales establecen sanciones a quienes cometan este tipo de acciones, toda vez que en el art\u00edculo 145, establece las penas de prisi\u00f3n y multas para las personas que alteren, impidan o restrinjan el suministro de agua y esto debe aplicarse a quienes\u00a0 lo incumplen\u201d, reiter\u00f3.<\/p>\n<p>&nbsp;<\/p>\n<p>Por otra parte, mencion\u00f3 que en el Bando Municipal de Naucalpan establece que se sancionar\u00e1 con una multa de 31 a 45\u00a0 veces la Unidad de Medida Actualizada y\/o arresto de 6 a12 horas a quienes desperdicien o utilicen indebidamente el agua, ya sea en cantidad excesiva, desproporcionada, o permitir que se derrame en cualquier lugar sin ning\u00fan uso apropiado.<\/p>\n<p>&nbsp;<\/p>\n<p>Finalmente, Paulo Lara reafirm\u00f3 que se est\u00e1 trabajando de la mano del alcalde Isaac Montoya para mejorar las pol\u00edticas p\u00fablicas, exhortando a los naucalpenses al buen manejo y consumo de este vital l\u00edquido, planteando una cultura del agua responsable, impulsando valores, costumbres y h\u00e1bitos que promuevan el uso consciente y la conservaci\u00f3n del agua, fomentando la conciencia sobre su importancia para la vida y el medio ambiente.<\/p>\n<p>&nbsp;<\/p>\n<p>&nbsp;<\/p>\n","protected":false},"excerpt":{"rendered":"<p>Proponen sanciones m\u00e1s severas \u00a0 &nbsp; Naucalpan, M\u00e9x.- \u201cPoco a poco se ir\u00e1 resolviendo el problema h\u00eddrico en nuestro municipio. Pese a que enfrentamos una temporada dif\u00edcil en materia de agua, vamos por el camino correcto y desde luego que apoyamos las sanciones por el huachicoleo de este vital l\u00edquido\u201d. &nbsp; As\u00ed lo se\u00f1al\u00f3, Paulo [&hellip;]<\/p>\n","protected":false},"author":14,"featured_media":660935,"comment_status":"open","ping_status":"open","sticky":false,"template":"","format":"standard","meta":{"_monsterinsights_skip_tracking":false,"_monsterinsights_sitenote_active":false,"_monsterinsights_sitenote_note":"","_monsterinsights_sitenote_category":0,"footnotes":""},"categories":[5],"tags":[],"class_list":["post-660934","post","type-post","status-publish","format-standard","has-post-thumbnail","hentry","category-estado-de-mexico"],"_links":{"self":[{"href":"https:\/\/www.diarioimagen.net\/index.php?rest_route=\/wp\/v2\/posts\/660934","targetHints":{"allow":["GET"]}}],"collection":[{"href":"https:\/\/www.diarioimagen.net\/index.php?rest_route=\/wp\/v2\/posts"}],"about":[{"href":"https:\/\/www.diarioimagen.net\/index.php?rest_route=\/wp\/v2\/types\/post"}],"author":[{"embeddable":true,"href":"https:\/\/www.diarioimagen.net\/index.php?rest_route=\/wp\/v2\/users\/14"}],"replies":[{"embeddable":true,"href":"https:\/\/www.diarioimagen.net\/index.php?rest_route=%2Fwp%2Fv2%2Fcomments&post=660934"}],"version-history":[{"count":1,"href":"https:\/\/www.diarioimagen.net\/index.php?rest_route=\/wp\/v2\/posts\/660934\/revisions"}],"predecessor-version":[{"id":660936,"href":"https:\/\/www.diarioimagen.net\/index.php?rest_route=\/wp\/v2\/posts\/660934\/revisions\/660936"}],"wp:featuredmedia":[{"embeddable":true,"href":"https:\/\/www.diarioimagen.net\/index.php?rest_route=\/wp\/v2\/media\/660935"}],"wp:attachment":[{"href":"https:\/\/www.diarioimagen.net\/index.php?rest_route=%2Fwp%2Fv2%2Fmedia&parent=660934"}],"wp:term":[{"taxonomy":"category","embeddable":true,"href":"https:\/\/www.diarioimagen.net\/index.php?rest_route=%2Fwp%2Fv2%2Fcategories&post=660934"},{"taxonomy":"post_tag","embeddable":true,"href":"https:\/\/www.diarioimagen.net\/index.php?rest_route=%2Fwp%2Fv2%2Ftags&post=660934"}],"curies":[{"name":"wp","href":"https:\/\/api.w.org\/{rel}","templated":true}]}}