{"id":660943,"date":"2025-03-25T00:00:07","date_gmt":"2025-03-25T06:00:07","guid":{"rendered":"https:\/\/www.diarioimagen.net\/?p=660943"},"modified":"2025-03-24T21:39:09","modified_gmt":"2025-03-25T03:39:09","slug":"amplian-plaza-de-cobro-la-venta-chamapa-en-huixquilucan","status":"publish","type":"post","link":"https:\/\/www.diarioimagen.net\/?p=660943","title":{"rendered":"Ampl\u00edan plaza de cobro La Venta Chamapa, en Huixquilucan"},"content":{"rendered":"<p><img loading=\"lazy\" decoding=\"async\" class=\"alignnone wp-image-660944 size-large\" src=\"https:\/\/www.diarioimagen.net\/wp-content\/uploads\/2025\/03\/BAENA-4-ok-2-433x270.jpg\" alt=\"\" width=\"433\" height=\"270\" srcset=\"https:\/\/www.diarioimagen.net\/wp-content\/uploads\/2025\/03\/BAENA-4-ok-2-433x270.jpg 433w, https:\/\/www.diarioimagen.net\/wp-content\/uploads\/2025\/03\/BAENA-4-ok-2-240x150.jpg 240w, https:\/\/www.diarioimagen.net\/wp-content\/uploads\/2025\/03\/BAENA-4-ok-2-768x479.jpg 768w, https:\/\/www.diarioimagen.net\/wp-content\/uploads\/2025\/03\/BAENA-4-ok-2.jpg 1500w\" sizes=\"auto, (max-width: 433px) 100vw, 433px\" \/><\/p>\n<p>Huixquilucan, M\u00e9x.- Con el prop\u00f3sito de agilizar el flujo vehicular para los m\u00e1s de 60 mil automovilistas que circulan cada d\u00eda por el territorio, los gobiernos de Huixquilucan, del Estado de M\u00e9xico y de M\u00e9xico, en conjunto con Grupo Bosque Real y la concesionaria, acordaron la ampliaci\u00f3n y modernizaci\u00f3n de la plaza de cobro Huixquilucan, de la autopista La Venta-Chamapa. Con la construcci\u00f3n de cuatro nuevas zonas de peaje, lo que evitar\u00e1 embotellamientos en \u201choras pico\u201d para quienes transitan por este punto del municipio. La alcaldesa Romina Contreras Carrasco, acompa\u00f1ada por el senador Enrique Vargas del Villar y por el presidente del Consejo de Administraci\u00f3n de Grupo Bosque Real Marcos Salame Jafif, anunci\u00f3 que este proyecto busca agilizar los tiempos de cruce de los usuarios de esta autopista, para ingresar o salir del municipio.<\/p>\n","protected":false},"excerpt":{"rendered":"<p>Huixquilucan, M\u00e9x.- Con el prop\u00f3sito de agilizar el flujo vehicular para los m\u00e1s de 60 mil automovilistas que circulan cada d\u00eda por el territorio, los gobiernos de Huixquilucan, del Estado de M\u00e9xico y de M\u00e9xico, en conjunto con Grupo Bosque Real y la concesionaria, acordaron la ampliaci\u00f3n y modernizaci\u00f3n de la plaza de cobro Huixquilucan, [&hellip;]<\/p>\n","protected":false},"author":14,"featured_media":660944,"comment_status":"open","ping_status":"open","sticky":false,"template":"","format":"standard","meta":{"_monsterinsights_skip_tracking":false,"_monsterinsights_sitenote_active":false,"_monsterinsights_sitenote_note":"","_monsterinsights_sitenote_category":0,"footnotes":""},"categories":[5],"tags":[],"class_list":["post-660943","post","type-post","status-publish","format-standard","has-post-thumbnail","hentry","category-estado-de-mexico"],"_links":{"self":[{"href":"https:\/\/www.diarioimagen.net\/index.php?rest_route=\/wp\/v2\/posts\/660943","targetHints":{"allow":["GET"]}}],"collection":[{"href":"https:\/\/www.diarioimagen.net\/index.php?rest_route=\/wp\/v2\/posts"}],"about":[{"href":"https:\/\/www.diarioimagen.net\/index.php?rest_route=\/wp\/v2\/types\/post"}],"author":[{"embeddable":true,"href":"https:\/\/www.diarioimagen.net\/index.php?rest_route=\/wp\/v2\/users\/14"}],"replies":[{"embeddable":true,"href":"https:\/\/www.diarioimagen.net\/index.php?rest_route=%2Fwp%2Fv2%2Fcomments&post=660943"}],"version-history":[{"count":1,"href":"https:\/\/www.diarioimagen.net\/index.php?rest_route=\/wp\/v2\/posts\/660943\/revisions"}],"predecessor-version":[{"id":660945,"href":"https:\/\/www.diarioimagen.net\/index.php?rest_route=\/wp\/v2\/posts\/660943\/revisions\/660945"}],"wp:featuredmedia":[{"embeddable":true,"href":"https:\/\/www.diarioimagen.net\/index.php?rest_route=\/wp\/v2\/media\/660944"}],"wp:attachment":[{"href":"https:\/\/www.diarioimagen.net\/index.php?rest_route=%2Fwp%2Fv2%2Fmedia&parent=660943"}],"wp:term":[{"taxonomy":"category","embeddable":true,"href":"https:\/\/www.diarioimagen.net\/index.php?rest_route=%2Fwp%2Fv2%2Fcategories&post=660943"},{"taxonomy":"post_tag","embeddable":true,"href":"https:\/\/www.diarioimagen.net\/index.php?rest_route=%2Fwp%2Fv2%2Ftags&post=660943"}],"curies":[{"name":"wp","href":"https:\/\/api.w.org\/{rel}","templated":true}]}}