{"id":661124,"date":"2025-03-26T00:00:33","date_gmt":"2025-03-26T06:00:33","guid":{"rendered":"https:\/\/www.diarioimagen.net\/?p=661124"},"modified":"2025-03-25T20:44:16","modified_gmt":"2025-03-26T02:44:16","slug":"participa-el-alcalde-de-atizapan-en-foro-sobre-cambio-climatico","status":"publish","type":"post","link":"https:\/\/www.diarioimagen.net\/?p=661124","title":{"rendered":"Participa el alcalde de Atizap\u00e1n  en foro sobre cambio clim\u00e1tico"},"content":{"rendered":"<p><strong>Encuentro internacional<\/strong><\/p>\n<p><strong>\u00a0<\/strong><\/p>\n<div id=\"attachment_661125\" style=\"width: 166px\" class=\"wp-caption alignnone\"><img loading=\"lazy\" decoding=\"async\" aria-describedby=\"caption-attachment-661125\" class=\"wp-image-661125 size-large\" src=\"https:\/\/www.diarioimagen.net\/wp-content\/uploads\/2025\/03\/BAENA-2-OK-4-156x270.jpg\" alt=\"\" width=\"156\" height=\"270\" \/><p id=\"caption-attachment-661125\" class=\"wp-caption-text\">El alcalde Pedro Rodr\u00edguez Villegas, junto a otros gobernantes y l\u00edderes, particip\u00f3 en un foro internacional enfocado en fortalecer las capacidades de los gobiernos regionales en la gesti\u00f3n de riesgos clim\u00e1ticos.<\/p><\/div>\n<p>&nbsp;<\/p>\n<p>&nbsp;<\/p>\n<p>Atizap\u00e1n de Zaragoza, M\u00e9x.- El presidente municipal Pedro Rodr\u00edguez Villegas, junto a otros gobernantes y l\u00edderes, particip\u00f3 en el encuentro internacional organizado por la Oficina de Naciones Unidas para la Reducci\u00f3n del Riesgo de Desastres (UNDRR) y la Asociaci\u00f3n de Municipios de M\u00e9xico A.C. (AMMAC), enfocado en fortalecer las capacidades de los gobiernos regionales en la gesti\u00f3n de riesgos clim\u00e1ticos.<\/p>\n<p>&nbsp;<\/p>\n<p>Desde las primeras horas del d\u00eda, el alcalde Rodr\u00edguez Villegas se involucr\u00f3 activamente en el foro, participando en diversas mesas de trabajo y encuentros bilaterales con otros l\u00edderes municipales y representantes de organismos internacionales.<\/p>\n<p>&nbsp;<\/p>\n<p>Su agenda incluy\u00f3 reuniones estrat\u00e9gicas para explorar oportunidades de financiamiento y colaboraci\u00f3n en proyectos de resiliencia urbana para Atizap\u00e1n de Zaragoza.<\/p>\n<p>&nbsp;<\/p>\n<p>El evento, que reuni\u00f3 a representantes de 30 de diferentes municipios de M\u00e9xico miembros de la AMMAC, tuvo como objetivo principal promover la cooperaci\u00f3n regional y facilitar el acceso a fondos destinados a la implementaci\u00f3n de acciones clim\u00e1ticas a nivel local, en el marco de la iniciativa global \u201cDesarrollando Ciudades Resilientes 2030 (MCR2030)\u201d.<\/p>\n<p>La participaci\u00f3n del presidente Rodr\u00edguez Villegas subraya el compromiso de Atizap\u00e1n de Zaragoza con la construcci\u00f3n de ciudades resilientes y la adopci\u00f3n de medidas efectivas para mitigar los efectos del cambio clim\u00e1tico. Su presencia en este foro internacional demuestra el inter\u00e9s del municipio en colaborar con otras ciudades y pa\u00edses para enfrentar este desaf\u00edo global.<\/p>\n<p>Durante el encuentro, se destac\u00f3 la importancia de integrar el an\u00e1lisis de riesgos clim\u00e1ticos en los planes de desarrollo urbano y la necesidad de adoptar enfoques integrales que involucren a toda la sociedad. En este sentido, Atizap\u00e1n de Zaragoza ha implementado diversas estrategias para fortalecer su resiliencia urbana, incluyendo la inversi\u00f3n en infraestructura verde, la promoci\u00f3n de la eficiencia energ\u00e9tica y la creaci\u00f3n de programas de concienciaci\u00f3n ciudadana.<\/p>\n<p>&nbsp;<\/p>\n<p><strong>\u00a0<\/strong><\/p>\n","protected":false},"excerpt":{"rendered":"<p>Encuentro internacional \u00a0 &nbsp; &nbsp; Atizap\u00e1n de Zaragoza, M\u00e9x.- El presidente municipal Pedro Rodr\u00edguez Villegas, junto a otros gobernantes y l\u00edderes, particip\u00f3 en el encuentro internacional organizado por la Oficina de Naciones Unidas para la Reducci\u00f3n del Riesgo de Desastres (UNDRR) y la Asociaci\u00f3n de Municipios de M\u00e9xico A.C. (AMMAC), enfocado en fortalecer las capacidades [&hellip;]<\/p>\n","protected":false},"author":14,"featured_media":661125,"comment_status":"open","ping_status":"open","sticky":false,"template":"","format":"standard","meta":{"_monsterinsights_skip_tracking":false,"_monsterinsights_sitenote_active":false,"_monsterinsights_sitenote_note":"","_monsterinsights_sitenote_category":0,"footnotes":""},"categories":[5],"tags":[],"class_list":["post-661124","post","type-post","status-publish","format-standard","has-post-thumbnail","hentry","category-estado-de-mexico"],"_links":{"self":[{"href":"https:\/\/www.diarioimagen.net\/index.php?rest_route=\/wp\/v2\/posts\/661124","targetHints":{"allow":["GET"]}}],"collection":[{"href":"https:\/\/www.diarioimagen.net\/index.php?rest_route=\/wp\/v2\/posts"}],"about":[{"href":"https:\/\/www.diarioimagen.net\/index.php?rest_route=\/wp\/v2\/types\/post"}],"author":[{"embeddable":true,"href":"https:\/\/www.diarioimagen.net\/index.php?rest_route=\/wp\/v2\/users\/14"}],"replies":[{"embeddable":true,"href":"https:\/\/www.diarioimagen.net\/index.php?rest_route=%2Fwp%2Fv2%2Fcomments&post=661124"}],"version-history":[{"count":1,"href":"https:\/\/www.diarioimagen.net\/index.php?rest_route=\/wp\/v2\/posts\/661124\/revisions"}],"predecessor-version":[{"id":661126,"href":"https:\/\/www.diarioimagen.net\/index.php?rest_route=\/wp\/v2\/posts\/661124\/revisions\/661126"}],"wp:featuredmedia":[{"embeddable":true,"href":"https:\/\/www.diarioimagen.net\/index.php?rest_route=\/wp\/v2\/media\/661125"}],"wp:attachment":[{"href":"https:\/\/www.diarioimagen.net\/index.php?rest_route=%2Fwp%2Fv2%2Fmedia&parent=661124"}],"wp:term":[{"taxonomy":"category","embeddable":true,"href":"https:\/\/www.diarioimagen.net\/index.php?rest_route=%2Fwp%2Fv2%2Fcategories&post=661124"},{"taxonomy":"post_tag","embeddable":true,"href":"https:\/\/www.diarioimagen.net\/index.php?rest_route=%2Fwp%2Fv2%2Ftags&post=661124"}],"curies":[{"name":"wp","href":"https:\/\/api.w.org\/{rel}","templated":true}]}}