{"id":661234,"date":"2025-03-27T00:00:38","date_gmt":"2025-03-27T06:00:38","guid":{"rendered":"https:\/\/www.diarioimagen.net\/?p=661234"},"modified":"2025-03-26T20:33:14","modified_gmt":"2025-03-27T02:33:14","slug":"continua-el-combate-contra-el-maltrato-animal-en-cancun","status":"publish","type":"post","link":"https:\/\/www.diarioimagen.net\/?p=661234","title":{"rendered":"Contin\u00faa el combate contra\u00a0 el maltrato animal en Canc\u00fan\u00a0"},"content":{"rendered":"<ul>\n<li><strong>Carrera atl\u00e9tica\u00a0<\/strong><\/li>\n<li><strong>\u00a0<\/strong><strong>Organizada por el DIF, se llevar\u00e1 a cabo este s\u00e1bado en el circuito Mayap\u00e1n<\/strong><\/li>\n<\/ul>\n<p>&nbsp;<\/p>\n<div id=\"attachment_661235\" style=\"width: 417px\" class=\"wp-caption alignnone\"><img loading=\"lazy\" decoding=\"async\" aria-describedby=\"caption-attachment-661235\" class=\"wp-image-661235 size-large\" src=\"https:\/\/www.diarioimagen.net\/wp-content\/uploads\/2025\/03\/ANIMALES01-ok-407x270.jpg\" alt=\"\" width=\"407\" height=\"270\" srcset=\"https:\/\/www.diarioimagen.net\/wp-content\/uploads\/2025\/03\/ANIMALES01-ok-407x270.jpg 407w, https:\/\/www.diarioimagen.net\/wp-content\/uploads\/2025\/03\/ANIMALES01-ok-240x159.jpg 240w, https:\/\/www.diarioimagen.net\/wp-content\/uploads\/2025\/03\/ANIMALES01-ok-768x510.jpg 768w, https:\/\/www.diarioimagen.net\/wp-content\/uploads\/2025\/03\/ANIMALES01-ok.jpg 1500w\" sizes=\"auto, (max-width: 407px) 100vw, 407px\" \/><p id=\"caption-attachment-661235\" class=\"wp-caption-text\">Contin\u00faa el combate contra\u00a0 el maltrato animal en Canc\u00fan\u00a0<\/p><\/div>\n<p>&nbsp;<\/p>\n<p>Por redacci\u00f3n DIARIOIMAGEN<\/p>\n<p>Canc\u00fan. &#8211; En un esfuerzo por promover el respeto hacia los animales y combatir el maltrato, Canc\u00fan ser\u00e1 sede de una carrera especial para perros y mascotas el pr\u00f3ximo 29 de marzo. Este evento, organizado por la Direcci\u00f3n de Ecolog\u00eda, el Instituto del Deporte y el DIF, busca fomentar la convivencia entre personas y sus mascotas, as\u00ed como sensibilizar a la comunidad sobre la importancia de cuidar y proteger a los animales.<\/p>\n<p>&nbsp;<\/p>\n<p>La carrera, denominada \u201cCarrera Recreativa con Mascotas Modo Saludable\u201d, se llevar\u00e1 a cabo en el circuito Mayap\u00e1n, cerca del estadio de los Tigres de Quintana Roo, a partir de las 8:00 de la ma\u00f1ana. La participaci\u00f3n es gratuita y abierta a todos, sin importar la raza, tama\u00f1o o edad de las mascotas. Los organizadores esperan la asistencia de alrededor de 250 personas, quienes podr\u00e1n llevar m\u00e1s de un perro, siempre y cuando mantengan el control de ellos.<\/p>\n<p>&nbsp;<\/p>\n<p>Adem\u00e1s de la carrera, el evento incluir\u00e1 actividades como pl\u00e1ticas sobre salud y bienestar emocional, promoviendo h\u00e1bitos saludables tanto para los due\u00f1os como para sus mascotas. Tambi\u00e9n se realizar\u00e1n concursos de disfraces primaverales en Playa del Carmen, con premios para las mascotas m\u00e1s creativas.<\/p>\n<p>&nbsp;<\/p>\n<p>Norma Aguilar, organizadora del evento, destac\u00f3 que esta iniciativa surge como respuesta a los crecientes casos de maltrato animal en la zona norte de Quintana Roo. Seg\u00fan la Direcci\u00f3n de Bienestar Animal del municipio de Benito Ju\u00e1rez, se reciben hasta 260 quejas diarias relacionadas con maltrato. Este evento busca generar conciencia sobre el impacto positivo que las mascotas tienen en la vida emocional de las personas y la importancia de tratarlas con respeto y amor.<\/p>\n<p>&nbsp;<\/p>\n<p>La carrera no solo es una oportunidad para practicar ejercicio y fortalecer el v\u00ednculo entre due\u00f1os y mascotas, sino tambi\u00e9n para demostrar el compromiso de Canc\u00fan con el bienestar animal. Este tipo de actividades refuerzan la idea de que los animales son parte integral de nuestras vidas y merecen un trato digno.<\/p>\n<p>&nbsp;<\/p>\n<p><strong>Persistente maltrato a mascotas\u00a0<\/strong><\/p>\n<p>&nbsp;<\/p>\n<p>Quintana Roo ha registrado un preocupante aumento en los casos de maltrato animal, reflejando un problema social que requiere atenci\u00f3n urgente. A pesar de las leyes vigentes y los esfuerzos de las autoridades, la violencia hacia los animales sigue siendo un desaf\u00edo significativo en la regi\u00f3n.<\/p>\n<p>De acuerdo con reportes recientes, en Chetumal se registran hasta 15 casos de maltrato animal al d\u00eda. Estos incidentes incluyen abandono, agresiones f\u00edsicas y envenenamiento, afectando principalmente a perros y gatos. En el estado, m\u00e1s de 70 denuncias han sido presentadas ante la Procuradur\u00eda de Protecci\u00f3n al Ambiente (PPA) en lo que va del a\u00f1o. Sin embargo, solo una fracci\u00f3n de estas denuncias llega a juicio, lo que evidencia la necesidad de fortalecer los mecanismos legales y administrativos.<\/p>\n<p>&nbsp;<\/p>\n<p>El maltrato animal en Quintana Roo se presenta en diversas formas, desde la falta de alimentaci\u00f3n y cuidados b\u00e1sicos hasta agresiones f\u00edsicas graves. Entre las causas principales se encuentran la falta de educaci\u00f3n sobre el bienestar animal, el abandono de mascotas y la percepci\u00f3n de los animales como seres desechables. Adem\u00e1s, la violencia intrafamiliar y la pobreza son factores que agravan esta situaci\u00f3n.<\/p>\n<p>&nbsp;<\/p>\n<p>Las autoridades locales han intensificado sus esfuerzos para combatir el maltrato animal. La Fiscal\u00eda Especializada en Combate a los Delitos Ambientales y la Fauna trabaja en coordinaci\u00f3n con la PPA y las direcciones de Ecolog\u00eda municipales para atender las denuncias y rescatar a los animales afectados. Adem\u00e1s, se han implementado campa\u00f1as de sensibilizaci\u00f3n y eventos comunitarios, como carreras de mascotas y jornadas de adopci\u00f3n, para fomentar una cultura de respeto hacia los animales.<\/p>\n<p>&nbsp;<\/p>\n<p>Adem\u00e1s, solo una de cada diez denuncias de maltrato animal llega a juicio, lo que evidencia la necesidad de fortalecer los mecanismos legales y administrativos para garantizar justicia en estos casos.<\/p>\n<p>&nbsp;<\/p>\n<p>Entre las principales causas del maltrato animal en Quintana Roo se encuentran la falta de educaci\u00f3n sobre el bienestar animal, la ausencia de centros de control animal adecuados y la percepci\u00f3n de los animales como seres desechables. En algunos casos, el maltrato est\u00e1 vinculado a problemas sociales m\u00e1s amplios, como la violencia intrafamiliar y la pobreza.<\/p>\n<p>&nbsp;<\/p>\n","protected":false},"excerpt":{"rendered":"<p>Carrera atl\u00e9tica\u00a0 \u00a0Organizada por el DIF, se llevar\u00e1 a cabo este s\u00e1bado en el circuito Mayap\u00e1n &nbsp; &nbsp; Por redacci\u00f3n DIARIOIMAGEN Canc\u00fan. &#8211; En un esfuerzo por promover el respeto hacia los animales y combatir el maltrato, Canc\u00fan ser\u00e1 sede de una carrera especial para perros y mascotas el pr\u00f3ximo 29 de marzo. Este evento, [&hellip;]<\/p>\n","protected":false},"author":14,"featured_media":661235,"comment_status":"open","ping_status":"open","sticky":false,"template":"","format":"standard","meta":{"_monsterinsights_skip_tracking":false,"_monsterinsights_sitenote_active":false,"_monsterinsights_sitenote_note":"","_monsterinsights_sitenote_category":0,"footnotes":""},"categories":[101305],"tags":[],"class_list":["post-661234","post","type-post","status-publish","format-standard","has-post-thumbnail","hentry","category-quintana-roo"],"_links":{"self":[{"href":"https:\/\/www.diarioimagen.net\/index.php?rest_route=\/wp\/v2\/posts\/661234","targetHints":{"allow":["GET"]}}],"collection":[{"href":"https:\/\/www.diarioimagen.net\/index.php?rest_route=\/wp\/v2\/posts"}],"about":[{"href":"https:\/\/www.diarioimagen.net\/index.php?rest_route=\/wp\/v2\/types\/post"}],"author":[{"embeddable":true,"href":"https:\/\/www.diarioimagen.net\/index.php?rest_route=\/wp\/v2\/users\/14"}],"replies":[{"embeddable":true,"href":"https:\/\/www.diarioimagen.net\/index.php?rest_route=%2Fwp%2Fv2%2Fcomments&post=661234"}],"version-history":[{"count":1,"href":"https:\/\/www.diarioimagen.net\/index.php?rest_route=\/wp\/v2\/posts\/661234\/revisions"}],"predecessor-version":[{"id":661236,"href":"https:\/\/www.diarioimagen.net\/index.php?rest_route=\/wp\/v2\/posts\/661234\/revisions\/661236"}],"wp:featuredmedia":[{"embeddable":true,"href":"https:\/\/www.diarioimagen.net\/index.php?rest_route=\/wp\/v2\/media\/661235"}],"wp:attachment":[{"href":"https:\/\/www.diarioimagen.net\/index.php?rest_route=%2Fwp%2Fv2%2Fmedia&parent=661234"}],"wp:term":[{"taxonomy":"category","embeddable":true,"href":"https:\/\/www.diarioimagen.net\/index.php?rest_route=%2Fwp%2Fv2%2Fcategories&post=661234"},{"taxonomy":"post_tag","embeddable":true,"href":"https:\/\/www.diarioimagen.net\/index.php?rest_route=%2Fwp%2Fv2%2Ftags&post=661234"}],"curies":[{"name":"wp","href":"https:\/\/api.w.org\/{rel}","templated":true}]}}