{"id":661285,"date":"2025-03-27T00:00:42","date_gmt":"2025-03-27T06:00:42","guid":{"rendered":"https:\/\/www.diarioimagen.net\/?p=661285"},"modified":"2025-03-26T21:09:04","modified_gmt":"2025-03-27T03:09:04","slug":"gobierno-de-tlalnepantla-realiza-trabajos-de-limpieza-en-rio-san-javier","status":"publish","type":"post","link":"https:\/\/www.diarioimagen.net\/?p=661285","title":{"rendered":"Gobierno de Tlalnepantla realiza  trabajos de limpieza en R\u00edo San Javier"},"content":{"rendered":"<ul>\n<li><strong>Participan vecinos de la Unidad Izcalli Pir\u00e1mide<\/strong><\/li>\n<\/ul>\n<p><strong>\u00a0<\/strong><\/p>\n<div id=\"attachment_661286\" style=\"width: 415px\" class=\"wp-caption alignnone\"><img loading=\"lazy\" decoding=\"async\" aria-describedby=\"caption-attachment-661286\" class=\"wp-image-661286 size-large\" src=\"https:\/\/www.diarioimagen.net\/wp-content\/uploads\/2025\/03\/BAENA-2-ok-5-405x270.jpg\" alt=\"\" width=\"405\" height=\"270\" srcset=\"https:\/\/www.diarioimagen.net\/wp-content\/uploads\/2025\/03\/BAENA-2-ok-5-405x270.jpg 405w, https:\/\/www.diarioimagen.net\/wp-content\/uploads\/2025\/03\/BAENA-2-ok-5-240x160.jpg 240w, https:\/\/www.diarioimagen.net\/wp-content\/uploads\/2025\/03\/BAENA-2-ok-5-768x512.jpg 768w, https:\/\/www.diarioimagen.net\/wp-content\/uploads\/2025\/03\/BAENA-2-ok-5.jpg 1500w\" sizes=\"auto, (max-width: 405px) 100vw, 405px\" \/><p id=\"caption-attachment-661286\" class=\"wp-caption-text\">El OPDM organiz\u00f3 una jornada de limpieza del r\u00edo San Javier en la que participaron m\u00e1s de 300 vecinas y vecinos de la Unidad Habitacional Izcalli Pir\u00e1mide.<\/p><\/div>\n<p>&nbsp;<\/p>\n<p>Tlalnepantla, M\u00e9x.- En el marco del \u201cD\u00eda Mundial del Agua\u201d el Organismo P\u00fablico Descentralizado para la Prestaci\u00f3n de los Servicios de Agua Potable, Alcantarillado y Saneamiento de Tlalnepantla (OPDM) organiz\u00f3 una jornada de limpieza del R\u00edo San Javier, en la que participaron m\u00e1s de 300 vecinas y vecinos de la Unidad Habitacional Izcalli Pir\u00e1mide en coordinaci\u00f3n con servidores p\u00fablicos.<\/p>\n<p>&nbsp;<\/p>\n<p>Por instrucciones del presidente municipal Raciel P\u00e9rez Cruz, se llev\u00f3 a cabo esta acci\u00f3n a trav\u00e9s del \u00e1rea de Cultura del Agua y Proyectos H\u00eddricos Sustentables que dio como resultado el retiro de m\u00e1s de 30 metros c\u00fabicos de residuos s\u00f3lidos urbanos.<\/p>\n<p>&nbsp;<\/p>\n<p>El director general del OPDM, Alberto Vald\u00e9s Rodr\u00edguez, indic\u00f3 que el objetivo de esta jornada es concientizar a la ciudadan\u00eda sobre la importancia de cuidar los recursos h\u00eddricos y el medio ambiente que permita procurar un mejor futuro a las siguientes generaciones.<\/p>\n<p>&nbsp;<\/p>\n<p>Pl\u00e1sticos, envases de cart\u00f3n, papel, vidrio, telas y otros desechos fueron retirados del cauce del r\u00edo para mitigar el impacto negativo que la contaminaci\u00f3n produce sobre los ecosistemas y los cuerpos de agua.<\/p>\n<p>&nbsp;<\/p>\n<p>El funcionario subray\u00f3 la importancia de fomentar la colaboraci\u00f3n entre ciudadan\u00eda y gobierno para hacer frente a los desaf\u00edos ambientales mediante la protecci\u00f3n del entorno natural y el cuidado de los espacios p\u00fablicos.<\/p>\n<p>&nbsp;<\/p>\n<p>Agreg\u00f3 que con estas acciones se busca prevenir incidentes ante la pr\u00f3xima temporada de lluvias para evitar inundaciones que pongan en riesgo a las y los habitantes de Tlalnepantla o que afecten su patrimonio.<\/p>\n<p>&nbsp;<\/p>\n","protected":false},"excerpt":{"rendered":"<p>Participan vecinos de la Unidad Izcalli Pir\u00e1mide \u00a0 &nbsp; Tlalnepantla, M\u00e9x.- En el marco del \u201cD\u00eda Mundial del Agua\u201d el Organismo P\u00fablico Descentralizado para la Prestaci\u00f3n de los Servicios de Agua Potable, Alcantarillado y Saneamiento de Tlalnepantla (OPDM) organiz\u00f3 una jornada de limpieza del R\u00edo San Javier, en la que participaron m\u00e1s de 300 vecinas [&hellip;]<\/p>\n","protected":false},"author":14,"featured_media":661286,"comment_status":"open","ping_status":"open","sticky":false,"template":"","format":"standard","meta":{"_monsterinsights_skip_tracking":false,"_monsterinsights_sitenote_active":false,"_monsterinsights_sitenote_note":"","_monsterinsights_sitenote_category":0,"footnotes":""},"categories":[5],"tags":[],"class_list":["post-661285","post","type-post","status-publish","format-standard","has-post-thumbnail","hentry","category-estado-de-mexico"],"_links":{"self":[{"href":"https:\/\/www.diarioimagen.net\/index.php?rest_route=\/wp\/v2\/posts\/661285","targetHints":{"allow":["GET"]}}],"collection":[{"href":"https:\/\/www.diarioimagen.net\/index.php?rest_route=\/wp\/v2\/posts"}],"about":[{"href":"https:\/\/www.diarioimagen.net\/index.php?rest_route=\/wp\/v2\/types\/post"}],"author":[{"embeddable":true,"href":"https:\/\/www.diarioimagen.net\/index.php?rest_route=\/wp\/v2\/users\/14"}],"replies":[{"embeddable":true,"href":"https:\/\/www.diarioimagen.net\/index.php?rest_route=%2Fwp%2Fv2%2Fcomments&post=661285"}],"version-history":[{"count":1,"href":"https:\/\/www.diarioimagen.net\/index.php?rest_route=\/wp\/v2\/posts\/661285\/revisions"}],"predecessor-version":[{"id":661287,"href":"https:\/\/www.diarioimagen.net\/index.php?rest_route=\/wp\/v2\/posts\/661285\/revisions\/661287"}],"wp:featuredmedia":[{"embeddable":true,"href":"https:\/\/www.diarioimagen.net\/index.php?rest_route=\/wp\/v2\/media\/661286"}],"wp:attachment":[{"href":"https:\/\/www.diarioimagen.net\/index.php?rest_route=%2Fwp%2Fv2%2Fmedia&parent=661285"}],"wp:term":[{"taxonomy":"category","embeddable":true,"href":"https:\/\/www.diarioimagen.net\/index.php?rest_route=%2Fwp%2Fv2%2Fcategories&post=661285"},{"taxonomy":"post_tag","embeddable":true,"href":"https:\/\/www.diarioimagen.net\/index.php?rest_route=%2Fwp%2Fv2%2Ftags&post=661285"}],"curies":[{"name":"wp","href":"https:\/\/api.w.org\/{rel}","templated":true}]}}