{"id":661456,"date":"2025-03-28T00:00:47","date_gmt":"2025-03-28T06:00:47","guid":{"rendered":"https:\/\/www.diarioimagen.net\/?p=661456"},"modified":"2025-03-27T19:07:47","modified_gmt":"2025-03-28T01:07:47","slug":"propondra-pvem-instalar-purificadores-de-agua-en-las-escuelas","status":"publish","type":"post","link":"https:\/\/www.diarioimagen.net\/?p=661456","title":{"rendered":"Propondr\u00e1 PVEM instalar purificadores de agua en las escuelas"},"content":{"rendered":"<p><img loading=\"lazy\" decoding=\"async\" class=\"alignnone wp-image-661457 size-large\" src=\"https:\/\/www.diarioimagen.net\/wp-content\/uploads\/2025\/03\/BAENA-4-ok-5-460x236.jpg\" alt=\"\" width=\"460\" height=\"236\" srcset=\"https:\/\/www.diarioimagen.net\/wp-content\/uploads\/2025\/03\/BAENA-4-ok-5-460x236.jpg 460w, https:\/\/www.diarioimagen.net\/wp-content\/uploads\/2025\/03\/BAENA-4-ok-5-240x123.jpg 240w, https:\/\/www.diarioimagen.net\/wp-content\/uploads\/2025\/03\/BAENA-4-ok-5-768x395.jpg 768w, https:\/\/www.diarioimagen.net\/wp-content\/uploads\/2025\/03\/BAENA-4-ok-5.jpg 1500w\" sizes=\"auto, (max-width: 460px) 100vw, 460px\" \/><\/p>\n<p>&nbsp;<\/p>\n<p>Toluca, Mex.- Frente a la creciente crisis h\u00eddrica que afecta al Edomex, el grupo parlamentario del Partido Verde Ecologista (PVEM) en el Congreso local anunci\u00f3 que presentar\u00e1 una iniciativa de ley, cuyo objetivo es instalar purificadores de agua en las escuelas de nivel b\u00e1sico de la entidad. El anuncio fue realizado por el Coordinador de la bancada, Jos\u00e9 Alberto Couttolenc Buentello, acompa\u00f1ado de diputados locales ecologistas, desde el Instituto de Estudios Legislativos (INESLE) en Toluca. La propuesta plantea que la Secretar\u00eda del Agua y la Comisi\u00f3n del Agua del Estado de M\u00e9xico (CAEM) sean las responsables de instalar estaciones de purificaci\u00f3n del l\u00edquido en las escuelas con mayor escasez h\u00eddrica, utilizando la tecnolog\u00eda de \u00f3smosis inversa, que permite filtrar el agua bajo presi\u00f3n para eliminar contaminantes y garantizar su potabilidad.<\/p>\n<p>&nbsp;<\/p>\n<p>&nbsp;<\/p>\n<p>\u201cNuestra meta es que para 2030 todas las escuelas del Estado de M\u00e9xico y del pa\u00eds tengan acceso a agua potable purificada\u201d, se\u00f1al\u00f3 Couttolenc Buentello. A\u00f1adi\u00f3 que cada purificador tiene un costo aproximado de entre 75 mil y 150 mil pesos, y el mantenimiento anual de cada uno ser\u00e1 de mil 500 a dos mil pesos. Por ello, se buscar\u00e1 una inversi\u00f3n estatal de aproximadamente 200 millones de pesos para instalar alrededor de tres mil sistemas de purificaci\u00f3n de agua en una primera fase. Adem\u00e1s, se buscar\u00e1 la colaboraci\u00f3n de empresas privadas para apoyar esta causa.<\/p>\n<p>&nbsp;<\/p>\n<p>\u201cPepe\u201d Couttolenc tambi\u00e9n present\u00f3 una segunda propuesta, que busca la creaci\u00f3n de un programa de distribuci\u00f3n gratuita de pipas de agua potable para las comunidades y escuelas con mayores problemas de escasez en la entidad.<\/p>\n","protected":false},"excerpt":{"rendered":"<p>&nbsp; Toluca, Mex.- Frente a la creciente crisis h\u00eddrica que afecta al Edomex, el grupo parlamentario del Partido Verde Ecologista (PVEM) en el Congreso local anunci\u00f3 que presentar\u00e1 una iniciativa de ley, cuyo objetivo es instalar purificadores de agua en las escuelas de nivel b\u00e1sico de la entidad. El anuncio fue realizado por el Coordinador [&hellip;]<\/p>\n","protected":false},"author":14,"featured_media":661457,"comment_status":"open","ping_status":"open","sticky":false,"template":"","format":"standard","meta":{"_monsterinsights_skip_tracking":false,"_monsterinsights_sitenote_active":false,"_monsterinsights_sitenote_note":"","_monsterinsights_sitenote_category":0,"footnotes":""},"categories":[5],"tags":[],"class_list":["post-661456","post","type-post","status-publish","format-standard","has-post-thumbnail","hentry","category-estado-de-mexico"],"_links":{"self":[{"href":"https:\/\/www.diarioimagen.net\/index.php?rest_route=\/wp\/v2\/posts\/661456","targetHints":{"allow":["GET"]}}],"collection":[{"href":"https:\/\/www.diarioimagen.net\/index.php?rest_route=\/wp\/v2\/posts"}],"about":[{"href":"https:\/\/www.diarioimagen.net\/index.php?rest_route=\/wp\/v2\/types\/post"}],"author":[{"embeddable":true,"href":"https:\/\/www.diarioimagen.net\/index.php?rest_route=\/wp\/v2\/users\/14"}],"replies":[{"embeddable":true,"href":"https:\/\/www.diarioimagen.net\/index.php?rest_route=%2Fwp%2Fv2%2Fcomments&post=661456"}],"version-history":[{"count":1,"href":"https:\/\/www.diarioimagen.net\/index.php?rest_route=\/wp\/v2\/posts\/661456\/revisions"}],"predecessor-version":[{"id":661458,"href":"https:\/\/www.diarioimagen.net\/index.php?rest_route=\/wp\/v2\/posts\/661456\/revisions\/661458"}],"wp:featuredmedia":[{"embeddable":true,"href":"https:\/\/www.diarioimagen.net\/index.php?rest_route=\/wp\/v2\/media\/661457"}],"wp:attachment":[{"href":"https:\/\/www.diarioimagen.net\/index.php?rest_route=%2Fwp%2Fv2%2Fmedia&parent=661456"}],"wp:term":[{"taxonomy":"category","embeddable":true,"href":"https:\/\/www.diarioimagen.net\/index.php?rest_route=%2Fwp%2Fv2%2Fcategories&post=661456"},{"taxonomy":"post_tag","embeddable":true,"href":"https:\/\/www.diarioimagen.net\/index.php?rest_route=%2Fwp%2Fv2%2Ftags&post=661456"}],"curies":[{"name":"wp","href":"https:\/\/api.w.org\/{rel}","templated":true}]}}